{"id":29608,"date":"2025-04-07T16:52:31","date_gmt":"2025-04-07T19:52:31","guid":{"rendered":"https:\/\/guialimeira.com.br\/?p=29608"},"modified":"2025-04-07T16:52:31","modified_gmt":"2025-04-07T19:52:31","slug":"dr-marcelo-rossi-propoe-mocao-aos-voluntarios-do-projeto-de-confeccao-de-fraldas","status":"publish","type":"post","link":"https:\/\/guialimeira.com.br\/news\/dr-marcelo-rossi-propoe-mocao-aos-voluntarios-do-projeto-de-confeccao-de-fraldas\/","title":{"rendered":"Dr. Marcelo Rossi prop\u00f5e mo\u00e7\u00e3o aos volunt\u00e1rios do projeto de confec\u00e7\u00e3o de fraldas"},"content":{"rendered":"\n<figure class=\"wp-block-gallery has-nested-images columns-default is-cropped wp-block-gallery-1 is-layout-flex wp-block-gallery-is-layout-flex\"><\/figure>\n \r\n<br><img data-recalc-dims=\"1\" decoding=\"async\" src=\"https:\/\/i0.wp.com\/guialimeira.com.br\/wp-content\/uploads\/2025\/04\/2025-04-07_dr-marcelo-rossi-propoe-mocao-de-aplausos-aos-voluntarios-do-projeto-de-confeccao-de-fral.jpeg?w=696&#038;ssl=1\" \/><br><div>\n\t\t\t\t\t<p>O vereador Dr. Marcelo Rossi (MDB) protocolou nesta sexta-feira, 5 de abril, na C\u00e2mara Municipal uma <a href=\"https:\/\/consulta.limeira.sp.leg.br\/Documentos\/Documento\/373539\" rel=\"noopener\">Mo\u00e7\u00e3o N\u00ba 58\/2025<\/a> em reconhecimento a todos os volunt\u00e1rios do Projeto de Confec\u00e7\u00e3o de Fraldas Geri\u00e1tricas Amor Fraterno.\u00a0\u00a0<\/p><p>\u201cConheci esse projeto de perto e constatei a organiza\u00e7\u00e3o, a dedica\u00e7\u00e3o e o empenho dos volunt\u00e1rios que doam o seu tempo e o seu trabalho ao pr\u00f3ximo\u201d, enfatizou o parlamentar.<\/p><p>De acordo com o vereador o projeto foi criado conforme a <a href=\"https:\/\/legislacao.limeira.sp.leg.br\/limeira-sp?Pagina=1&amp;Pesquisa=Avancada&amp;TipoId=0&amp;Numero=4237&amp;Ano=2007&amp;Data=&amp;NumeroFinal=&amp;AnoFinal=&amp;DataFinal=&amp;SituacaoId=0&amp;ClassificacaoId=0&amp;IniciativaTipoId=0&amp;IniciativaEntidadeId=0&amp;EmentaAssunto=&amp;NoTexto=false\" rel=\"noopener\">Lei Ordin\u00e1ria N\u00b04237\/2007<\/a>. \u201cN\u00e3o tenho d\u00favidas de que o Amor Fraterno ser\u00e1 estruturado pelo Centro de Promo\u00e7\u00e3o Social Municipal, pois \u00e9 fundamental para ajudar a suprir as demandas relacionadas \u00e0 sa\u00fade e \u00e0s quest\u00f5es sociais crescentes, acompanhando os \u00edndices de longevidade\u201d, afirmou.\u00a0<\/p><p>Dr. Marcelo Rossi salientou que o modelo de parceria entre o Ceprosom, que fornece recursos para insumos, e as par\u00f3quias, onde os volunt\u00e1rios trabalham, pode tamb\u00e9m inspirar outros tipos de programas. \u201cAs pr\u00f3prias comunidades encaminham as fraldas produzidas \u00e0s pessoas mais vulner\u00e1veis, preenchendo uma lacuna que o poder p\u00fablico, sozinho, n\u00e3o conseguiria suprir\u201d, explicou.\u00a0<\/p><p>O vereador ainda ponderou que, al\u00e9m de fazer o bem ao pr\u00f3ximo, o trabalho volunt\u00e1rio traz benef\u00edcios a quem o executa. \u201cParcela expressiva dos integrantes dos grupos do Projeto de Confec\u00e7\u00e3o de Fraldas Geri\u00e1tricas Amor Fraterno tem 60 anos ou mais e encontra no trabalho volunt\u00e1rio fonte de aprendizado, socializa\u00e7\u00e3o e felicidade\u201d, mencionou.\u00a0<\/p><p>M\u00e9dico geriatra, ele tamb\u00e9m refor\u00e7ou que o trabalho volunt\u00e1rio \u00e9 uma das formas j\u00e1 reconhecidas de preven\u00e7\u00e3o ao isolamento social e a doen\u00e7as como a depress\u00e3o, al\u00e9m de contribuir para retardar o agravamento de quadros da Doen\u00e7a de Alzheimer, \u00e0 medida que ajuda a manter o paciente ativo e socializado.\u00a0<\/p><p>Segundo o Ceprosom, volunt\u00e1rios de 12 par\u00f3quias dedicam seu tempo e trabalho \u00e0 confec\u00e7\u00e3o de fraldas geri\u00e1tricas:\u00a0<\/p><p><strong>Par\u00f3quia Imaculado Cora\u00e7\u00e3o de Maria<\/strong> \u2013 Comunidade S\u00e3o Jos\u00e9 \/ Bairro \u00c1gua Espraiada \/ Nossa Senhora das Vit\u00f3rias \/ S\u00e3o Francisco de Assis;\u00a0<\/p><p><strong>Par\u00f3quia Menino Jesus<\/strong> &#8211; Comunidade Nossa Senhora das Gra\u00e7as \/ Comunidade S\u00e3o Jo\u00e3o Bosco \/ Comunidade Nossa Senhora do Ros\u00e1rio;\u00a0<\/p><p><strong>Par\u00f3quia Nossa Senhora Aparecida<\/strong> &#8211; Comunidade de Santo Ant\u00f4nio \/ S\u00e3o Luiz Gonzaga \/ Nossa Senhora do Ros\u00e1rio de F\u00e1tima \/ S\u00e3o Domingos de Gusm\u00e3o \/ Nossa Senhora de Guadalupe;\u00a0<\/p><p><strong>Par\u00f3quia Sagrada Fam\u00edlia<\/strong> &#8211; Comunidade S\u00e3o Francisco de Assis \/ Comunidade Nossa Senhora de F\u00e1tima;\u00a0<\/p><p><strong>Par\u00f3quia Sagrado Cora\u00e7\u00e3o de Jesus<\/strong> e <strong>Par\u00f3quia Santa Isabel de Portugal<\/strong> &#8211; Comunidade S\u00e3o Pedro \/ Comunidade Santo Ant\u00f4nio (Pires de baixo) \/ Comunidade Santa Catarina de Sena;\u00a0<\/p><p><strong>Par\u00f3quia Santa Luzia<\/strong> &#8211; Comunidade Nossa Senhora Aparecida \/ Comunidade S\u00e3o Benedito \/ Comunidade Nossa Senhora da Gl\u00f3ria \/ Comunidade Santo Agostinho \/ Comunidade S\u00e3o Jo\u00e3o Evangelista \/ Comunidade Santa Paulina \/ Comunidade Senhor Bom Jesus dos Milagres;\u00a0<\/p><p><strong>Par\u00f3quia S\u00e3o Jos\u00e9<\/strong> \u2013 Comunidade Divino Esp\u00edrito Santo;\u00a0<\/p><p><strong>Par\u00f3quia Santa Ana e Par\u00f3quia S\u00e3o Marcos<\/strong> &#8211; Comunidade Matriz Santa Ana \/ Comunidade S\u00e3o Jos\u00e9 de Anchieta \/ Comunidade Nossa Senhora do Carmo \/ Comunidade Nossa Senhora Desatadora dos N\u00f3s \/ Matriz S\u00e3o Marcos \/ Capela M\u00e3e Admir\u00e1vel \/ Comunidade Divino Salvador \/ Comunidade Nossa Senhora da Paz;\u00a0<\/p><p><strong>Par\u00f3quia S\u00e3o Paulo Ap\u00f3stolo<\/strong> \u2013 Comunidade S\u00e3o Francisco;\u00a0<\/p><p><strong>Par\u00f3quia Jesus Cristo Bom Pastor<\/strong> &#8211; Comunidade Santo Ant\u00f4nio (rural) \/ Comunidade S\u00e3o Roque (rural) \/ Comunidade S\u00e3o Jo\u00e3o (rural).<\/p><p>Ap\u00f3s aprova\u00e7\u00e3o em sess\u00e3o ordin\u00e1ria, uma c\u00f3pia da mo\u00e7\u00e3o ser\u00e1 encaminhada ao presidente do Ceprosom, Dimas Peruzza, para encaminhamento aos l\u00edderes de cada grupo para que chegue a todos os integrantes. Tamb\u00e9m enviar\u00e1 o documento \u00e0 presidente do Fundo Social de Solidariedade de Limeira, Luciana F\u00e9lix.\u00a0\u00a0\u00a0<\/p><p><i>Do Gabinete Parlamentar \u2013 Vereador\u00a0 Dr. Marcelo Rossi (MDB)<\/i><\/p><p><i>*Fotos do Gabinete parlamentar<\/i><\/p><p><strong>As mat\u00e9rias de origem dos Gabinetes Parlamentares s\u00e3o de inteira\u00a0 responsabilidade dos parlamentares e de suas assessorias. S\u00e3o devidamente assinadas e n\u00e3o refletem, necessariamente, a opini\u00e3o institucional da C\u00e2mara Municipal de Limeira.<\/strong><\/p>\t\t\t\t<\/div>\r\n<br>\r\n<br><a href=\"https:\/\/www.limeira.sp.leg.br\/noticias\/view\/2025-04-07_dr-marcelo-rossi-propoe-mocao-aos-voluntarios-do-projeto-de-confeccao-de-fraldas\" rel=\"noopener\">Informa\u00e7\u00f5es CML <\/a>","protected":false},"excerpt":{"rendered":"<p>O vereador Dr. Marcelo Rossi (MDB) protocolou nesta sexta-feira, 5 de abril, na C\u00e2mara Municipal uma Mo\u00e7\u00e3o N\u00ba 58\/2025 em reconhecimento a todos os volunt\u00e1rios do Projeto de Confec\u00e7\u00e3o de Fraldas Geri\u00e1tricas Amor Fraterno.\u00a0\u00a0 \u201cConheci esse projeto de perto e constatei a organiza\u00e7\u00e3o, a dedica\u00e7\u00e3o e o empenho dos volunt\u00e1rios que doam o seu tempo [&hellip;]<\/p>\n","protected":false},"author":1,"featured_media":29609,"comment_status":"open","ping_status":"open","sticky":false,"template":"","format":"standard","meta":{"_jetpack_newsletter_access":"","_jetpack_dont_email_post_to_subs":false,"_jetpack_newsletter_tier_id":0,"_jetpack_memberships_contains_paywalled_content":false,"_mbp_banners":[],"_jetpack_feature_clip_id":0,"_jetpack_memberships_contains_paid_content":false,"footnotes":"","jetpack_publicize_message":"","jetpack_publicize_feature_enabled":true,"jetpack_social_post_already_shared":true,"jetpack_social_options":{"image_generator_settings":{"template":"highway","default_image_id":0,"font":"","enabled":false},"version":2},"jetpack_post_was_ever_published":false},"categories":[19],"tags":[],"class_list":["post-29608","post","type-post","status-publish","format-standard","has-post-thumbnail","category-politica"],"jetpack_publicize_connections":[],"jetpack-related-posts":[],"jetpack_shortlink":"https:\/\/wp.me\/p7Eq1F-7Hy","jetpack_sharing_enabled":true,"jetpack_featured_media_url":"https:\/\/i0.wp.com\/guialimeira.com.br\/news\/wp-content\/uploads\/2025\/04\/Dr-Marcelo-Rossi-propoe-mocao-aos-voluntarios-do-projeto-de.jpeg?fit=1280%2C640&ssl=1","_links":{"self":[{"href":"https:\/\/guialimeira.com.br\/news\/wp-json\/wp\/v2\/posts\/29608","targetHints":{"allow":["GET"]}}],"collection":[{"href":"https:\/\/guialimeira.com.br\/news\/wp-json\/wp\/v2\/posts"}],"about":[{"href":"https:\/\/guialimeira.com.br\/news\/wp-json\/wp\/v2\/types\/post"}],"author":[{"embeddable":true,"href":"https:\/\/guialimeira.com.br\/news\/wp-json\/wp\/v2\/users\/1"}],"replies":[{"embeddable":true,"href":"https:\/\/guialimeira.com.br\/news\/wp-json\/wp\/v2\/comments?post=29608"}],"version-history":[{"count":1,"href":"https:\/\/guialimeira.com.br\/news\/wp-json\/wp\/v2\/posts\/29608\/revisions"}],"predecessor-version":[{"id":29610,"href":"https:\/\/guialimeira.com.br\/news\/wp-json\/wp\/v2\/posts\/29608\/revisions\/29610"}],"wp:featuredmedia":[{"embeddable":true,"href":"https:\/\/guialimeira.com.br\/news\/wp-json\/wp\/v2\/media\/29609"}],"wp:attachment":[{"href":"https:\/\/guialimeira.com.br\/news\/wp-json\/wp\/v2\/media?parent=29608"}],"wp:term":[{"taxonomy":"category","embeddable":true,"href":"https:\/\/guialimeira.com.br\/news\/wp-json\/wp\/v2\/categories?post=29608"},{"taxonomy":"post_tag","embeddable":true,"href":"https:\/\/guialimeira.com.br\/news\/wp-json\/wp\/v2\/tags?post=29608"}],"curies":[{"name":"wp","href":"https:\/\/api.w.org\/{rel}","templated":true}]}}