{"id":29600,"date":"2025-04-07T16:38:43","date_gmt":"2025-04-07T19:38:43","guid":{"rendered":"https:\/\/guialimeira.com.br\/?p=29600"},"modified":"2025-04-07T16:38:44","modified_gmt":"2025-04-07T19:38:44","slug":"manutencao-de-iluminacao-publica-em-limeira-vereador-waguinho-da-santa-luzia-solicita-troca-de-lampadas-em-diversos-bairros","status":"publish","type":"post","link":"https:\/\/guialimeira.com.br\/news\/manutencao-de-iluminacao-publica-em-limeira-vereador-waguinho-da-santa-luzia-solicita-troca-de-lampadas-em-diversos-bairros\/","title":{"rendered":"Manuten\u00e7\u00e3o de ilumina\u00e7\u00e3o p\u00fablica em Limeira: Vereador Waguinho da Santa Luzia solicita troca de l\u00e2mpadas em diversos bairros"},"content":{"rendered":"\n<p class=\"wp-block-paragraph\">O vereador <strong>Waguinho da Santa Luzia (Progressistas)<\/strong> encaminhou ao Poder Executivo uma indica\u00e7\u00e3o solicitando <strong>a manuten\u00e7\u00e3o e substitui\u00e7\u00e3o de l\u00e2mpadas em diversos pontos da cidade de Limeira<\/strong>, atendendo aos pedidos da popula\u00e7\u00e3o que tem enfrentado problemas com ilumina\u00e7\u00e3o p\u00fablica deficiente.<\/p>\n\n\n\n<p class=\"wp-block-paragraph\">A medida busca melhorar a seguran\u00e7a, a mobilidade e a qualidade de vida dos moradores, especialmente em locais com grande circula\u00e7\u00e3o de pessoas e ve\u00edculos. A escurid\u00e3o em vias p\u00fablicas pode favorecer ocorr\u00eancias indesejadas e comprometer a sensa\u00e7\u00e3o de seguran\u00e7a da popula\u00e7\u00e3o.<\/p>\n\n\n\n<p class=\"wp-block-paragraph\">A solicita\u00e7\u00e3o contempla ruas e avenidas em bairros como Jardim Mediterr\u00e2neo, Jardim S\u00e3o Pedro, Jardim Nova Su\u00ed\u00e7a, Jardim Santa B\u00e1rbara, Jardim Olga Veroni, entre outros, totalizando dezenas de pontos que necessitam de aten\u00e7\u00e3o urgente.<\/p>\n\n\n\n<p class=\"wp-block-paragraph\">Segundo o vereador, o gabinete tem recebido <strong>in\u00fameras reclama\u00e7\u00f5es de mun\u00edcipes<\/strong> a respeito de l\u00e2mpadas queimadas ou com funcionamento prec\u00e1rio. \u201cA popula\u00e7\u00e3o cobra provid\u00eancias, e nosso papel \u00e9 levar essas demandas at\u00e9 o Executivo. Estamos atentos e acompanhando cada protocolo\u201d, afirmou Waguinho.<\/p>\n\n\n\n<p class=\"wp-block-paragraph\">Entre os locais mencionados, destacam-se:<\/p>\n\n\n\n<ul class=\"wp-block-list\">\n<li>Avenida Maestro Xixirri (Jardim Mediterr\u00e2neo e Jardim Esteves)<\/li>\n\n\n\n<li>Rua Vito Modesto Mastro Rosa (Jardim S\u00e3o Pedro)<\/li>\n\n\n\n<li>Rua Orlando M\u00f3dulo (Jardim Olga Veroni)<\/li>\n\n\n\n<li>Rua Jo\u00e3o Ciarrochi (em frente ao SESC)<\/li>\n\n\n\n<li>Avenida Vitorino Arigone (Jardim Santa B\u00e1rbara)<\/li>\n<\/ul>\n\n\n\n<p class=\"wp-block-paragraph\">A substitui\u00e7\u00e3o e manuten\u00e7\u00e3o de ilumina\u00e7\u00e3o p\u00fablica s\u00e3o servi\u00e7os essenciais e contribuem diretamente para a preven\u00e7\u00e3o da criminalidade e o bem-estar da comunidade.<\/p>\n\n\n\n<p class=\"wp-block-paragraph\">O vereador refor\u00e7a que continuar\u00e1 fiscalizando e acompanhando os atendimentos da prefeitura, garantindo que a popula\u00e7\u00e3o tenha suas demandas ouvidas e atendidas.<\/p>\n","protected":false},"excerpt":{"rendered":"<p>O vereador Waguinho da Santa Luzia (Progressistas) encaminhou ao Poder Executivo uma indica\u00e7\u00e3o solicitando a manuten\u00e7\u00e3o e substitui\u00e7\u00e3o de l\u00e2mpadas em diversos pontos da cidade de Limeira, atendendo aos pedidos da popula\u00e7\u00e3o que tem enfrentado problemas com ilumina\u00e7\u00e3o p\u00fablica deficiente.<\/p>\n","protected":false},"author":1,"featured_media":29601,"comment_status":"open","ping_status":"open","sticky":false,"template":"","format":"standard","meta":{"_jetpack_newsletter_access":"","_jetpack_dont_email_post_to_subs":false,"_jetpack_newsletter_tier_id":0,"_jetpack_memberships_contains_paywalled_content":false,"_mbp_banners":[],"_jetpack_feature_clip_id":0,"_jetpack_memberships_contains_paid_content":false,"footnotes":"","jetpack_publicize_message":"","jetpack_publicize_feature_enabled":true,"jetpack_social_post_already_shared":true,"jetpack_social_options":{"image_generator_settings":{"template":"highway","default_image_id":0,"font":"","enabled":false},"version":2},"jetpack_post_was_ever_published":false},"categories":[19],"tags":[],"class_list":["post-29600","post","type-post","status-publish","format-standard","has-post-thumbnail","category-politica"],"jetpack_publicize_connections":[],"jetpack-related-posts":[],"jetpack_shortlink":"https:\/\/wp.me\/p7Eq1F-7Hq","jetpack_sharing_enabled":true,"jetpack_featured_media_url":"https:\/\/i0.wp.com\/guialimeira.com.br\/news\/wp-content\/uploads\/2025\/04\/POSTE-LAMPADA-APAGADA.jpeg?fit=1599%2C777&ssl=1","_links":{"self":[{"href":"https:\/\/guialimeira.com.br\/news\/wp-json\/wp\/v2\/posts\/29600","targetHints":{"allow":["GET"]}}],"collection":[{"href":"https:\/\/guialimeira.com.br\/news\/wp-json\/wp\/v2\/posts"}],"about":[{"href":"https:\/\/guialimeira.com.br\/news\/wp-json\/wp\/v2\/types\/post"}],"author":[{"embeddable":true,"href":"https:\/\/guialimeira.com.br\/news\/wp-json\/wp\/v2\/users\/1"}],"replies":[{"embeddable":true,"href":"https:\/\/guialimeira.com.br\/news\/wp-json\/wp\/v2\/comments?post=29600"}],"version-history":[{"count":1,"href":"https:\/\/guialimeira.com.br\/news\/wp-json\/wp\/v2\/posts\/29600\/revisions"}],"predecessor-version":[{"id":29602,"href":"https:\/\/guialimeira.com.br\/news\/wp-json\/wp\/v2\/posts\/29600\/revisions\/29602"}],"wp:featuredmedia":[{"embeddable":true,"href":"https:\/\/guialimeira.com.br\/news\/wp-json\/wp\/v2\/media\/29601"}],"wp:attachment":[{"href":"https:\/\/guialimeira.com.br\/news\/wp-json\/wp\/v2\/media?parent=29600"}],"wp:term":[{"taxonomy":"category","embeddable":true,"href":"https:\/\/guialimeira.com.br\/news\/wp-json\/wp\/v2\/categories?post=29600"},{"taxonomy":"post_tag","embeddable":true,"href":"https:\/\/guialimeira.com.br\/news\/wp-json\/wp\/v2\/tags?post=29600"}],"curies":[{"name":"wp","href":"https:\/\/api.w.org\/{rel}","templated":true}]}}