{"id":29596,"date":"2025-04-07T15:47:02","date_gmt":"2025-04-07T18:47:02","guid":{"rendered":"https:\/\/guialimeira.com.br\/2025\/04\/07\/trump-ameaca-china-com-tarifas-adicionais-de-50-apos-pequim-retaliar\/"},"modified":"2025-04-07T15:47:02","modified_gmt":"2025-04-07T18:47:02","slug":"trump-ameaca-china-com-tarifas-adicionais-de-50-apos-pequim-retaliar","status":"publish","type":"post","link":"https:\/\/guialimeira.com.br\/news\/trump-ameaca-china-com-tarifas-adicionais-de-50-apos-pequim-retaliar\/","title":{"rendered":"Trump amea\u00e7a China com tarifas adicionais de 50% ap\u00f3s Pequim retaliar"},"content":{"rendered":"<p> <br \/>\n<\/p>\n<div>\n<p><strong>O presidente dos Estados Unidos (EUA), Donald Trump, amea\u00e7ou a\u00a0China nesta segunda-feira (7) com tarifas adicionais de 50% sobre todas as importa\u00e7\u00f5es do pa\u00eds\u00a0caso Pequim n\u00e3o recue da decis\u00e3o de impor tarifas rec\u00edprocas contra Washington.<\/strong><img data-recalc-dims=\"1\" decoding=\"async\" src=\"https:\/\/i0.wp.com\/agenciabrasil.ebc.com.br\/ebc.png?w=696&#038;ssl=1\" style=\"width:1px; height:1px; display:inline;\"\/><img data-recalc-dims=\"1\" decoding=\"async\" src=\"https:\/\/i0.wp.com\/agenciabrasil.ebc.com.br\/ebc.gif?w=696&#038;ssl=1\" style=\"width:1px; height:1px; display:inline;\"\/><\/p>\n<blockquote>\n<p>\u201cSe a China n\u00e3o retirar seu aumento de 34% acima de seus abusos comerciais de longo prazo at\u00e9 amanh\u00e3, 8 de abril de 2025, os Estados Unidos impor\u00e3o Tarifas ADICIONAIS \u00e0 China de 50%, com efeito em 9 de abril\u201d, anunciou o presidente estadunidense em uma rede social.<\/p>\n<\/blockquote>\n<p><strong>Caso cumpra o prometido, os EUA ter\u00e3o elevado em 84% o valor de todos os produtos chineses que entram no pa\u00eds norte-americano em uma semana. <\/strong>Trump acrescentou que todas as negocia\u00e7\u00f5es com a China est\u00e3o encerradas. \u201cAs negocia\u00e7\u00f5es com outros pa\u00edses, que tamb\u00e9m solicitaram reuni\u00f5es, come\u00e7ar\u00e3o a ocorrer imediatamente\u201d, completou Trump.<\/p>\n<p>No \u00faltimo dia 2 abril, os EUA iniciaram uma <a href=\"https:\/\/agenciabrasil.ebc.com.br\/economia\/noticia\/2025-04\/entenda-guerra-de-tarifas-de-trump-e-consequencias-para-brasil\" target=\"_blank\" rel=\"noopener\">guerra de tarifas<\/a> contra todos os parceiros comerciais, com taxa\u00e7\u00e3o adicional de 34% sobre todos os produtos chineses que entram no pa\u00eds norte-americano.\u00a0\u00a0<\/p>\n<p>Em resposta, a <a href=\"https:\/\/agenciabrasil.ebc.com.br\/internacional\/noticia\/2025-04\/china-retalia-eua-com-tarifas-de-34-e-restricao-minerais-raros\" target=\"_blank\" rel=\"noopener\">China decidiu retaliar com tarifas de 34%<\/a> sobre todos os produtos estadunidenses que entram no pa\u00eds asi\u00e1tico, al\u00e9m de estabelecer restri\u00e7\u00f5es para exporta\u00e7\u00e3o de minerais raros, chamados terras raras, e proibir o com\u00e9rcio com 16 empresas dos EUA.\u00a0\u00a0<\/p>\n<p><strong>A guerra de tarifas tem derrubado as bolsas em todo o mundo e elevado as incertezas sobre o futuro do com\u00e9rcio mundial<\/strong> enquanto <a href=\"https:\/\/agenciabrasil.ebc.com.br\/internacional\/noticia\/2025-04\/apos-retaliacao-da-china-trump-diz-que-sua-politica-nao-mudara\" target=\"_blank\" rel=\"noopener\">Trump promete manter sua nova pol\u00edtica comercial<\/a>.\u00a0\u00a0<\/p>\n<h2>O c\u00e9u n\u00e3o cair\u00e1<\/h2>\n<p>O jornal que serve de porta-voz do Partido Comunista Chin\u00eas (PCC) &#8211; \u00a0o Di\u00e1rio do Povo &#8211; \u00a0publicou nesse domingo (6) longo editorial pedindo calma e argumentando que o \u201cc\u00e9u n\u00e3o cair\u00e1\u201d com as tarifas de Donald Trump.<\/p>\n<p>\u201cDiante do impacto da intimida\u00e7\u00e3o tarif\u00e1ria dos EUA, temos grande capacidade de suportar a press\u00e3o. Nos \u00faltimos anos, constru\u00edmos ativamente um mercado diversificado e nossa depend\u00eancia do mercado dos EUA vem diminuindo. As exporta\u00e7\u00f5es da China para os Estados Unidos como parcela do total de exporta\u00e7\u00f5es ca\u00edram de 19,2% em 2018 para 14,7% em 2024\u201d, afirmou o di\u00e1rio chin\u00eas.<\/p>\n<p>      <!-- Relacionada --><\/p>\n<p>            <!-- Relacionada -->\n    <\/div>\n<p><br \/>\n<br \/><a href=\"https:\/\/agenciabrasil.ebc.com.br\/internacional\/noticia\/2025-04\/trump-ameaca-china-com-tarifas-adicionais-de-50-apos-pequim-retaliar\" rel=\"noopener\">Ag\u00eancia Brasil <\/a><\/p>\n","protected":false},"excerpt":{"rendered":"<p>O presidente dos Estados Unidos (EUA), Donald Trump, amea\u00e7ou a\u00a0China nesta segunda-feira (7) com tarifas adicionais de 50% sobre todas as importa\u00e7\u00f5es do pa\u00eds\u00a0caso Pequim n\u00e3o recue da decis\u00e3o de impor tarifas rec\u00edprocas contra Washington. \u201cSe a China n\u00e3o retirar seu aumento de 34% acima de seus abusos comerciais de longo prazo at\u00e9 amanh\u00e3, 8 [&hellip;]<\/p>\n","protected":false},"author":1,"featured_media":29129,"comment_status":"open","ping_status":"open","sticky":false,"template":"","format":"standard","meta":{"_jetpack_newsletter_access":"","_jetpack_dont_email_post_to_subs":false,"_jetpack_newsletter_tier_id":0,"_jetpack_memberships_contains_paywalled_content":false,"_mbp_banners":[],"_jetpack_feature_clip_id":0,"_jetpack_memberships_contains_paid_content":false,"footnotes":"","jetpack_publicize_message":"","jetpack_publicize_feature_enabled":true,"jetpack_social_post_already_shared":true,"jetpack_social_options":{"image_generator_settings":{"template":"highway","default_image_id":0,"font":"","enabled":false},"version":2},"jetpack_post_was_ever_published":false},"categories":[25],"tags":[],"class_list":["post-29596","post","type-post","status-publish","format-standard","has-post-thumbnail","category-internacional"],"jetpack_publicize_connections":[],"jetpack-related-posts":[],"jetpack_shortlink":"https:\/\/wp.me\/p7Eq1F-7Hm","jetpack_sharing_enabled":true,"jetpack_featured_media_url":"https:\/\/i0.wp.com\/guialimeira.com.br\/news\/wp-content\/uploads\/2025\/04\/2025-04-02t203323z_23778333_rc2rpdae34bj_rtrmadp_3_usa-trump-tariffs.jpg?fit=1600%2C800&ssl=1","_links":{"self":[{"href":"https:\/\/guialimeira.com.br\/news\/wp-json\/wp\/v2\/posts\/29596","targetHints":{"allow":["GET"]}}],"collection":[{"href":"https:\/\/guialimeira.com.br\/news\/wp-json\/wp\/v2\/posts"}],"about":[{"href":"https:\/\/guialimeira.com.br\/news\/wp-json\/wp\/v2\/types\/post"}],"author":[{"embeddable":true,"href":"https:\/\/guialimeira.com.br\/news\/wp-json\/wp\/v2\/users\/1"}],"replies":[{"embeddable":true,"href":"https:\/\/guialimeira.com.br\/news\/wp-json\/wp\/v2\/comments?post=29596"}],"version-history":[{"count":0,"href":"https:\/\/guialimeira.com.br\/news\/wp-json\/wp\/v2\/posts\/29596\/revisions"}],"wp:featuredmedia":[{"embeddable":true,"href":"https:\/\/guialimeira.com.br\/news\/wp-json\/wp\/v2\/media\/29129"}],"wp:attachment":[{"href":"https:\/\/guialimeira.com.br\/news\/wp-json\/wp\/v2\/media?parent=29596"}],"wp:term":[{"taxonomy":"category","embeddable":true,"href":"https:\/\/guialimeira.com.br\/news\/wp-json\/wp\/v2\/categories?post=29596"},{"taxonomy":"post_tag","embeddable":true,"href":"https:\/\/guialimeira.com.br\/news\/wp-json\/wp\/v2\/tags?post=29596"}],"curies":[{"name":"wp","href":"https:\/\/api.w.org\/{rel}","templated":true}]}}