{"id":29595,"date":"2025-04-07T15:47:29","date_gmt":"2025-04-07T18:47:29","guid":{"rendered":"https:\/\/guialimeira.com.br\/?p=29595"},"modified":"2025-04-07T15:47:30","modified_gmt":"2025-04-07T18:47:30","slug":"corrida-em-apoio-as-pessoas-com-tea-reune-342-corredores-no-limeira-shopping","status":"publish","type":"post","link":"https:\/\/guialimeira.com.br\/news\/corrida-em-apoio-as-pessoas-com-tea-reune-342-corredores-no-limeira-shopping\/","title":{"rendered":"Corrida em apoio \u00e0s pessoas com TEA re\u00fane 342 corredores no Limeira Shopping"},"content":{"rendered":"\n<p class=\"wp-block-paragraph\">A 1\u00aa Corrida Beneficente ALAMM, em apoio \u00e0 causa das pessoas com transtorno do espectro autista (TEA), reuniu 342 corredores neste domingo, 6 de abril. A largada e a chegada aconteceram no estacionamento do Limeira Shopping e os trajetos seguiram pelas ruas do Parque Egisto Ragazzo.<\/p>\n\n\n\n<p class=\"wp-block-paragraph\">Foram dois circuitos de corrida, de 5 km e 10 km, e um de caminhada, de 3 km. A iniciativa foi realizada pela Associa\u00e7\u00e3o Limeirense de Autismo Mundo Melhor (ALAMM), que trabalha para oferecer suporte e inclus\u00e3o a crian\u00e7as e jovens com TEA, com organiza\u00e7\u00e3o da Younique.<\/p>\n\n\n\n<p class=\"wp-block-paragraph\">\u201cNosso sincero agradecimento \u00e0 equipe de organiza\u00e7\u00e3o, aos volunt\u00e1rios, patrocinadores e parceiros, que colocaram seu tempo, dedica\u00e7\u00e3o e cora\u00e7\u00e3o neste evento t\u00e3o especial. Agradecemos tamb\u00e9m, com muito carinho, a todos os participantes que vestiram a camisa da solidariedade e correram com a gente por essa causa t\u00e3o importante. Cada passo dado foi um passo rumo a mais inclus\u00e3o, apoio e esperan\u00e7a para tantas fam\u00edlias. Essa corrida foi muito mais do que um evento esportivo, foi uma verdadeira celebra\u00e7\u00e3o da empatia, uni\u00e3o e compromisso com o bem comum\u201d, informou a ALAMM.<\/p>\n\n\n\n<p class=\"wp-block-paragraph\">A corrida de rua re\u00fane participantes de todos os n\u00edveis, desde os iniciantes at\u00e9 os atletas mais experientes. O evento teve m\u00fasica ao vivo, com a dupla M\u00e1rcio e Douglas. \u201cO Limeira Shopping apoia iniciativas que promovem sa\u00fade e bem-estar e a Corrida Beneficente ALAMM teve esse prop\u00f3sito, al\u00e9m de sensibilizar a sociedade sobre o tema sempre oportuno do transtorno do espectro autista [TEA]\u201d, diz Laura Souza Serradilha, superintendente do Limeira Shopping, administrado pela WE9.<\/p>\n","protected":false},"excerpt":{"rendered":"<p>A 1\u00aa Corrida Beneficente ALAMM, em apoio \u00e0 causa das pessoas com transtorno do espectro autista (TEA), reuniu 342 corredores neste domingo, 6 de abril. A largada e a chegada aconteceram no estacionamento do Limeira Shopping e os trajetos seguiram pelas ruas do Parque Egisto Ragazzo. Foram dois circuitos de corrida, de 5 km e [&hellip;]<\/p>\n","protected":false},"author":1,"featured_media":29597,"comment_status":"open","ping_status":"open","sticky":false,"template":"","format":"standard","meta":{"_jetpack_newsletter_access":"","_jetpack_dont_email_post_to_subs":false,"_jetpack_newsletter_tier_id":0,"_jetpack_memberships_contains_paywalled_content":false,"_mbp_banners":[],"_jetpack_feature_clip_id":0,"_jetpack_memberships_contains_paid_content":false,"footnotes":"","jetpack_publicize_message":"","jetpack_publicize_feature_enabled":true,"jetpack_social_post_already_shared":true,"jetpack_social_options":{"image_generator_settings":{"template":"highway","default_image_id":0,"font":"","enabled":false},"version":2},"jetpack_post_was_ever_published":false},"categories":[23,16],"tags":[],"class_list":["post-29595","post","type-post","status-publish","format-standard","has-post-thumbnail","category-esportes","category-local"],"jetpack_publicize_connections":[],"jetpack-related-posts":[],"jetpack_shortlink":"https:\/\/wp.me\/p7Eq1F-7Hl","jetpack_sharing_enabled":true,"jetpack_featured_media_url":"https:\/\/i0.wp.com\/guialimeira.com.br\/news\/wp-content\/uploads\/2025\/04\/Corrida-ALAMM-2.jpg?fit=1280%2C960&ssl=1","_links":{"self":[{"href":"https:\/\/guialimeira.com.br\/news\/wp-json\/wp\/v2\/posts\/29595","targetHints":{"allow":["GET"]}}],"collection":[{"href":"https:\/\/guialimeira.com.br\/news\/wp-json\/wp\/v2\/posts"}],"about":[{"href":"https:\/\/guialimeira.com.br\/news\/wp-json\/wp\/v2\/types\/post"}],"author":[{"embeddable":true,"href":"https:\/\/guialimeira.com.br\/news\/wp-json\/wp\/v2\/users\/1"}],"replies":[{"embeddable":true,"href":"https:\/\/guialimeira.com.br\/news\/wp-json\/wp\/v2\/comments?post=29595"}],"version-history":[{"count":1,"href":"https:\/\/guialimeira.com.br\/news\/wp-json\/wp\/v2\/posts\/29595\/revisions"}],"predecessor-version":[{"id":29598,"href":"https:\/\/guialimeira.com.br\/news\/wp-json\/wp\/v2\/posts\/29595\/revisions\/29598"}],"wp:featuredmedia":[{"embeddable":true,"href":"https:\/\/guialimeira.com.br\/news\/wp-json\/wp\/v2\/media\/29597"}],"wp:attachment":[{"href":"https:\/\/guialimeira.com.br\/news\/wp-json\/wp\/v2\/media?parent=29595"}],"wp:term":[{"taxonomy":"category","embeddable":true,"href":"https:\/\/guialimeira.com.br\/news\/wp-json\/wp\/v2\/categories?post=29595"},{"taxonomy":"post_tag","embeddable":true,"href":"https:\/\/guialimeira.com.br\/news\/wp-json\/wp\/v2\/tags?post=29595"}],"curies":[{"name":"wp","href":"https:\/\/api.w.org\/{rel}","templated":true}]}}