{"id":2953,"date":"2024-04-26T18:47:49","date_gmt":"2024-04-26T21:47:49","guid":{"rendered":"https:\/\/guialimeira.com.br\/2024\/04\/26\/1o-forum-de-saude-mental-de-limeira-abre-inscricoes-para-participacao\/"},"modified":"2024-04-26T18:47:49","modified_gmt":"2024-04-26T21:47:49","slug":"1o-forum-de-saude-mental-de-limeira-abre-inscricoes-para-participacao","status":"publish","type":"post","link":"https:\/\/guialimeira.com.br\/news\/1o-forum-de-saude-mental-de-limeira-abre-inscricoes-para-participacao\/","title":{"rendered":"1\u00ba F\u00f3rum de Sa\u00fade Mental de Limeira abre inscri\u00e7\u00f5es para participa\u00e7\u00e3o"},"content":{"rendered":"<p> <br \/>\n<\/p>\n<div id=\"\">&#13;<br \/>\n                &#13;<br \/>\n&#13;<br \/>\n&#13;<br \/>\n&#13;<br \/>\n    <img data-recalc-dims=\"1\" decoding=\"async\" src=\"https:\/\/i0.wp.com\/ecrie.com.br\/sistema\/conteudos\/imagem\/m_137_0_1_18042024130854.jpg?w=696&#038;ssl=1\" alt=\"1\u00ba F\u00f3rum de Sa\u00fade Mental de Limeira abre inscri\u00e7\u00f5es para participa\u00e7\u00e3o\"\/>&#13;<br \/>\n&#13;<\/p>\n<p>A Secretaria de\u00a0Sa\u00fade est\u00e1 com inscri\u00e7\u00f5es abertas para o 1\u00ba F\u00f3rum de Sa\u00fade Mental de Limeira\u00a0\u201cAl\u00e9m dos Muros\u201d.\u00a0O evento acontece no Teatro Nair Bello, nos dias 15 e 16 de maio, das 8h \u00e0s 17h.\u00a0A iniciativa prev\u00ea o debate intersetorial de quest\u00f5es relacionadas \u00e0 Sa\u00fade Mental de crian\u00e7as, adolescentes e adultos, oferecendo subs\u00eddios para a constru\u00e7\u00e3o e aprimoramento de pol\u00edticas p\u00fablicas voltadas.<\/p>\n<p>&#13;<\/p>\n<p>A diretora de Aten\u00e7\u00e3o Secund\u00e1ria \u00e0 Sa\u00fade da\u00a0prefeitura, Andresa Barros, destacou\u00a0que o F\u00f3rum visa a integra\u00e7\u00e3o, articula\u00e7\u00e3o e interlocu\u00e7\u00e3o das \u00a0institui\u00e7\u00f5es que atuam no setor. \u201cNossa ideia \u00e9 favorecer a corresponsabiliza\u00e7\u00e3o de diversos atores intersetoriais, tais como servi\u00e7os da sa\u00fade, assist\u00eancia, educa\u00e7\u00e3o, sistema judici\u00e1rio, setores da sociedade civil, entidades filantr\u00f3picas, entre outros.<\/p>\n<p>&#13;<\/p>\n<p>J\u00e1 a chefe da Divis\u00e3o de Especialidades,\u00a0Mayra Ara\u00fajo, observou que a proposta de realiza\u00e7\u00e3o do evento partiu dos pr\u00f3prios servidores da Sa\u00fade Mental, o que demonstra, segundo ela, o comprometimento desses profissionais com a melhoria do servi\u00e7o p\u00fablico.<\/p>\n<p>&#13;<\/p>\n<p>Ser\u00e3o disponibilizadas 300 vagas. A participa\u00e7\u00e3o \u00e9 gratuita e aberta a profissionais, usu\u00e1rios e popula\u00e7\u00e3o em geral, de Limeira e Regi\u00e3o. Por\u00e9m, \u00e9 preciso fazer inscri\u00e7\u00e3o pelo link https:\/\/bit.ly\/forumsaudementallimeira<\/p>\n<p>&#13;<\/p>\n<p>Haver\u00e1 entrega de certificados aos participantes inscritos, que comparecerem aos dois dias do evento.<\/p>\n<p>&#13;<\/p>\n<p><strong>\u00a0<\/strong><\/p>\n<p>&#13;<\/p>\n<p><strong>Confira a programa\u00e7\u00e3o<\/strong><strong>:<\/strong><\/p>\n<p>&#13;<\/p>\n<p>\u00a0<\/p>\n<p>&#13;<\/p>\n<p><strong>15 de maio<\/strong><\/p>\n<p>&#13;<\/p>\n<p>\u00a0<\/p>\n<p>&#13;<\/p>\n<p>8h \u2013 Credenciamento e coffee break<\/p>\n<p>&#13;<\/p>\n<p>\u00a0<\/p>\n<p>&#13;<\/p>\n<p>8h30 \u2013 Apresenta\u00e7\u00e3o cultural &#8211; Caps\u00a0II<\/p>\n<p>&#13;<\/p>\n<p>\u00a0<\/p>\n<p>&#13;<\/p>\n<p>9h \u2013 Mesa de abertura<\/p>\n<p>&#13;<\/p>\n<p>\u00a0<\/p>\n<p>&#13;<\/p>\n<p>9h30 \u2013 Apresenta\u00e7\u00e3o dos equipamentos da Rede de Aten\u00e7\u00e3o Psicossocial (Raps)\u00a0em\u00a0Limeira,\u00a0com Mayra Ara\u00fajo. Graduada em Psicologia pela Universidade de Fortaleza (Unifor), \u00e9 p\u00f3s-graduada em Gest\u00e3o de Pessoas e Sa\u00fade Mental (Unichristus) e Aten\u00e7\u00e3o Psicossocial\u00a0(Uniararas). Atualmente, chefia a Aten\u00e7\u00e3o Secund\u00e1ria \u00e0 Sa\u00fade da Prefeitura de\u00a0Limeira\u00a0&#8211; \u00e1rea respons\u00e1vel pela Raps<\/p>\n<p>&#13;<\/p>\n<p>\u00a0<\/p>\n<p>&#13;<\/p>\n<p>10h30 \u2013 Palestra \u201cSa\u00fade Mental Al\u00e9m dos Muros: Hist\u00f3ria da Reforma Psiqui\u00e1trica Brasileira\u201d, com Dulce Helena Nascimento Pazini. Graduada em Terapia Ocupacional (Unimep), \u00e9 especialista em Sa\u00fade P\u00fablica\u00a0(USP) e\u00a0em Aspectos Psicobiol\u00f3gicos da Sa\u00fade do Trabalhador\u00a0(Unifesp).\u00a0Atuou como coordenadora de Sa\u00fade Mental de Campo Limpo e na coordenadoria de Sa\u00fade Mental do munic\u00edpio de S\u00e3o Paulo\u00a0&#8211; Regional Sul<\/p>\n<p>&#13;<\/p>\n<p>\u00a0<\/p>\n<p>&#13;<\/p>\n<p>12h \u2013 Almo\u00e7o<\/p>\n<p>&#13;<\/p>\n<p>\u00a0<\/p>\n<p>&#13;<\/p>\n<p>13h30 \u2013 Credenciamento<\/p>\n<p>&#13;<\/p>\n<p>\u00a0<\/p>\n<p>&#13;<\/p>\n<p>13h45 \u2013 Apresenta\u00e7\u00e3o cultural &#8211; Caps\u00a0AD<\/p>\n<p>&#13;<\/p>\n<p>\u00a0<\/p>\n<p>&#13;<\/p>\n<p>14h \u2013 Palestra \u201cA import\u00e2ncia da rede de apoio no adoecimento ps\u00edquico\u201d, com Leonardo Duart Bastos. Psic\u00f3logo, professor e conferencista do Centro Educacional Novas Abordagens em Sa\u00fade Mental\u00a0(Cenat), \u00e9 supervisor cl\u00ednico e institucional de servi\u00e7os ligados \u00e0 Sa\u00fade Mental, assist\u00eancia social e atendimento a fam\u00edlias v\u00edtimas de viol\u00eancia<\/p>\n<p>&#13;<\/p>\n<p>\u00a0<\/p>\n<p>&#13;<\/p>\n<p>15h30 \u2013 Palestra \u201cRompendo com a ind\u00fastria da doen\u00e7a: a despatologiza\u00e7\u00e3o em pauta\u201d, com Heloisa Macedo. Graduada em Fonoaudiologia (PUC-S\u00e3o Paulo),\u00a0\u00e9 mestre em Educa\u00e7\u00e3o &#8211; Dist\u00farbios da Comunica\u00e7\u00e3o\u00a0(PUC-S\u00e3o Paulo)\u00a0e doutora em Lingu\u00edstica (Unicamp). Tem experi\u00eancia na \u00e1rea de Fonoaudiologia, relacionada \u00e0 linguagem oral e escrita (seja nos processos de apropria\u00e7\u00e3o e desenvolvimento, seja em patologias, como as afasias). \u00c9 membro da Sociedade Brasileira de Fonoaudiologia com t\u00edtulo de especialista em linguagem\u00a0e\u00a0militante do\u00a0Despatologiza<\/p>\n<p>&#13;<\/p>\n<p>\u00a0<\/p>\n<p>&#13;<\/p>\n<p>17h \u2013 Encerramento<\/p>\n<p>&#13;<\/p>\n<p>\u00a0<\/p>\n<p>&#13;<\/p>\n<p><strong>16 <\/strong><strong>d<\/strong><strong>e Maio<\/strong><\/p>\n<p>&#13;<\/p>\n<p>\u00a0<\/p>\n<p>&#13;<\/p>\n<p>8h \u2013 Credenciamento e coffee break\u00a0<\/p>\n<p>&#13;<\/p>\n<p>\u00a0<\/p>\n<p>&#13;<\/p>\n<p>8h30 \u2013 Apresenta\u00e7\u00e3o cultural &#8211; Caps\u00a0Infantojuvenil<\/p>\n<p>&#13;<\/p>\n<p>\u00a0<\/p>\n<p>&#13;<\/p>\n<p>8h45 \u2013 Palestra \u201cUso de subst\u00e2ncias: do prazer ao sofrimento, sob o vi\u00e9s da redu\u00e7\u00e3o de danos\u201d, com Adriano de Camargo. Educador Social com forma\u00e7\u00e3o em Psican\u00e1lise Cl\u00ednica, \u00e9 p\u00f3s-graduado em Depend\u00eancia qu\u00edmica\u00a0(Unifesp), Psicopatologia e Sa\u00fade Mental (Unesc)\u00a0e\u00a0Fitoterapia (Instituto Sejana).\u00a0Trabalha h\u00e1 26 anos no\u00a0atendimento\u00a0de pessoas em situa\u00e7\u00e3o de vulnerabilidade social.\u00a0Membro da\u00a0Associa\u00e7\u00e3o Brasileira de Estudos Multidisciplinares Sobre Drogas\u00a0(Abramd), da Rede Brasileira de Redu\u00e7\u00e3o de Danos e Direitos Humanos\u00a0(Reduc). \u00c9 fundador do Instituto Nhanderu, que trabalha na\u00a0l\u00f3gica antimanicomial de cuidado. \u00c9\u00a0autor do livro \u201cPedagogia do Comprometimento\u201d, metodologia de trabalho socioeducativo com pessoas em\u00a0situa\u00e7\u00e3o\u00a0de\u00a0rua<\/p>\n<p>&#13;<\/p>\n<p>\u00a0<\/p>\n<p>&#13;<\/p>\n<p>10h &#8211; Palestra \u201cG\u00eanero e Diversidade &#8211; Ningu\u00e9m \u00e9 igual: respeito \u00e0s diferen\u00e7as\u201d, com Rodrigo Presotto. Psic\u00f3logo do Ambulat\u00f3rio Transcender e do Centro de Conviv\u00eancia e Coopera\u00e7\u00e3o Tear das Artes\u00a0de Campinas. Especialista em Sa\u00fade Mental, mestre em Sa\u00fade Coletiva\u00a0(FCM\/Unicamp), membro do Laborat\u00f3rio de Pesquisa Interfaces (FCM\/Unicamp) e do Movimento da Luta Antimanicomial de Campinas\u00a0<\/p>\n<p>&#13;<\/p>\n<p>\u00a0<\/p>\n<p>&#13;<\/p>\n<p>11h15 \u2013 Mesa de discuss\u00e3o: \u201cAfinal, o que \u00e9 Aten\u00e7\u00e3o Psicossocial?\u201d,\u00a0com Ana Carolina Agapito. Terapeuta Ocupacional (UFSCar), \u00e9 formada em Psican\u00e1lise Cl\u00ednica pela Sociedade Brasileira de Psican\u00e1lise, especialista em Sa\u00fade Mental e Aten\u00e7\u00e3o Psicossocial (Uniararas)\u00a0e especialista em Interven\u00e7\u00e3o com Pessoas em Situa\u00e7\u00e3o de Rua (Fiocruz).\u00a0Possui mestrado em Ensino em Ci\u00eancias da Sa\u00fade (Unifesp). \u00c9 militante da Luta Antimanicomial, com atua\u00e7\u00e3o t\u00e9cnica em Caps desde\u00a02000, incluindo o Caps III de Santos. Na Prefeitura de Limeira, trabalhou no Caps AD e,\u00a0atualmente,\u00a0integra a equipe do\u00a0Caps Infantojuvenil<\/p>\n<p>&#13;<\/p>\n<p>\u00a0<\/p>\n<p>&#13;<\/p>\n<p>12h \u2013 Almo\u00e7o<\/p>\n<p>&#13;<\/p>\n<p>\u00a0<\/p>\n<p>&#13;<\/p>\n<p>13h45 \u2013 Apresenta\u00e7\u00e3o cultural &#8211; Centro de Terapias Integradas<\/p>\n<p>&#13;<\/p>\n<p>\u00a0<\/p>\n<p>&#13;<\/p>\n<p>14h \u2013 Roda de conversa: \u201cNingu\u00e9m v\u00ea o mundo como voc\u00ea v\u00ea\u201d, com\u00a0media\u00e7\u00e3o de Stephanie Carolin Santos Almeida. Graduada em Psicologia (Ufscar), integra a\u00a0Associa\u00e7\u00e3o Brasileira de Psicologia Social e \u00e9 militante do F\u00f3rum Limeirense de\u00a0Luta Antimanicomial. Na Prefeitura de Limeira, trabalha como psicoterapeuta<\/p>\n<p>&#13;<\/p>\n<p><u>Convidados<\/u>:<\/p>\n<p>&#13;<\/p>\n<p>&#8211; Jo\u00e3o Vitor dos Anjos: programador, ativista de movimentos sociais, entre eles,\u00a0o Movimento de\u00a0Luta Antimanicomial. \u00c9 ex-usu\u00e1rio do Caps Infantojuvenil<\/p>\n<p>&#13;<\/p>\n<p>&#8211; Jos\u00e9 Celetro da Silva: Artes\u00e3o, carpinteiro e aposentado. Militante da Luta Antimanicomial e ativista de\u00a0Direitos Humanos. \u00c9 usu\u00e1rio do Caps AD<\/p>\n<p>&#13;<\/p>\n<p>&#8211; An\u00e9sia Roque: Costureira, aposentada, \u00e9 militante da Luta Antimanicomial.\u00a0Participa do Grupo da\u00a0Fam\u00edlia do Caps AD<\/p>\n<p>&#13;<\/p>\n<p>&#8211;\u00a0Talita Cristina Ribeiro Costa: Psic\u00f3loga do Caps II, \u00e9 s\u00f3cia-propriet\u00e1ria da Cl\u00ednica Acolher<\/p>\n<p>&#13;<\/p>\n<p>\u00a0<\/p>\n<p>&#13;<\/p>\n<p>15h \u2013 Palestra: \u201cSa\u00fade Mental e Cidadania\u201d,\u00a0com Leonardo Pinho. Graduado em Ci\u00eancias Sociais, foi presidente da Central de Cooperativas Unisol Brasil, do Conselho Nacional de Direitos Humanos\u00a0e da Associa\u00e7\u00e3o Brasileira de Sa\u00fade Mental (Abrasme)<\/p>\n<p>&#13;<\/p>\n<p>\u00a0<\/p>\n<p>&#13;<\/p>\n<p>17h \u2013 Encerramento<\/p>\n<p>&#13;<br \/>\n&#13;<br \/>\n&#13;<br \/>\n&#13;<\/p>\n<aside class=\"list-related no-print\">&#13;<br \/>\n        &#13;<br \/>\n&#13;<\/p>\n<article class=\"list-item noticias \">&#13;<br \/>\n                    <a class=\"list-item__img\" href=\"https:\/\/limeira.sp.gov.br\/imprensa\/noticias\/saude\/secretaria-de-saude-reforca-que-nao-solicita-informacoes-pessoais-por-telefone\" tabindex=\"-1\" aria-hidden=\"true\" rel=\"noopener\">&#13;<br \/>\n                        <img data-recalc-dims=\"1\" decoding=\"async\" src=\"https:\/\/i0.wp.com\/ecrie.com.br\/sistema\/conteudos\/imagem\/m_137_0_1_26042024104539.jpg?w=696&#038;ssl=1\" alt=\"Secretaria de Sa\u00fade refor\u00e7a que n\u00e3o solicita informa\u00e7\u00f5es pessoais por telefone\"\/>&#13;<br \/>\n                    <\/a>&#13;<br \/>\n&#13;<br \/>\n                &#13;<br \/>\n            <\/article>\n<p>&#13;<\/p>\n<article class=\"list-item noticias \">&#13;<br \/>\n                    <a class=\"list-item__img\" href=\"https:\/\/limeira.sp.gov.br\/imprensa\/noticias\/saude\/ubss-hipolito-1-e-morro-azul-realizarao-vacinacao-neste-sabado-27\" tabindex=\"-1\" aria-hidden=\"true\" rel=\"noopener\">&#13;<br \/>\n                        <img data-recalc-dims=\"1\" decoding=\"async\" src=\"https:\/\/i0.wp.com\/ecrie.com.br\/sistema\/conteudos\/imagem\/m_137_0_1_25042024153346.jpg?w=696&#038;ssl=1\" alt=\"UBSs Hip\u00f3lito 1 e Morro Azul realizar\u00e3o vacina\u00e7\u00e3o neste s\u00e1bado (27)\"\/>&#13;<br \/>\n                    <\/a>&#13;<br \/>\n&#13;<br \/>\n                &#13;<br \/>\n            <\/article>\n<p>&#13;<\/p>\n<article class=\"list-item noticias \">&#13;<br \/>\n                    <a class=\"list-item__img\" href=\"https:\/\/limeira.sp.gov.br\/imprensa\/noticias\/saude\/programa-municipal-de-controle-de-agua-vence-13-premio-davidcapistranolimeira-teve-destaque-com-12-projetos-selecionados\" tabindex=\"-1\" aria-hidden=\"true\" rel=\"noopener\">&#13;<br \/>\n                        <img data-recalc-dims=\"1\" decoding=\"async\" src=\"https:\/\/i0.wp.com\/ecrie.com.br\/sistema\/conteudos\/imagem\/m_137_0_1_23042024162617.jpg?w=696&#038;ssl=1\" alt=\"Programa municipal de controle de \u00e1gua vence 13\u00ba Pr\u00eamio David\u00a0Capistrano;\u00a0Limeira teve destaque com 12 projetos selecionados\"\/>&#13;<br \/>\n                    <\/a>&#13;<br \/>\n&#13;<br \/>\n                &#13;<br \/>\n            <\/article>\n<p>&#13;<br \/>\n    <\/aside>\n<p>&#13;<br \/>\n&#13;\n            <\/p><\/div>\n<p><br \/>\n<br \/><a href=\"https:\/\/limeira.sp.gov.br\/1-forum-de-saude-mental-de-limeira-abre-inscricoes-para-participacao\" rel=\"noopener\">Informa\u00e7\u00f5es da PML <\/a><\/p>\n","protected":false},"excerpt":{"rendered":"<p>&#13; &#13; &#13; &#13; &#13; &#13; &#13; A Secretaria de\u00a0Sa\u00fade est\u00e1 com inscri\u00e7\u00f5es abertas para o 1\u00ba F\u00f3rum de Sa\u00fade Mental de Limeira\u00a0\u201cAl\u00e9m dos Muros\u201d.\u00a0O evento acontece no Teatro Nair Bello, nos dias 15 e 16 de maio, das 8h \u00e0s 17h.\u00a0A iniciativa prev\u00ea o debate intersetorial de quest\u00f5es relacionadas \u00e0 Sa\u00fade Mental de crian\u00e7as, [&hellip;]<\/p>\n","protected":false},"author":1,"featured_media":2954,"comment_status":"open","ping_status":"open","sticky":false,"template":"","format":"standard","meta":{"_jetpack_newsletter_access":"","_jetpack_dont_email_post_to_subs":false,"_jetpack_newsletter_tier_id":0,"_jetpack_memberships_contains_paywalled_content":false,"_mbp_banners":[],"_jetpack_feature_clip_id":0,"_jetpack_memberships_contains_paid_content":false,"footnotes":"","jetpack_publicize_message":"","jetpack_publicize_feature_enabled":true,"jetpack_social_post_already_shared":true,"jetpack_social_options":{"image_generator_settings":{"template":"highway","default_image_id":0,"font":"","enabled":false},"version":2},"jetpack_post_was_ever_published":false},"categories":[16],"tags":[],"class_list":["post-2953","post","type-post","status-publish","format-standard","has-post-thumbnail","category-local"],"jetpack_publicize_connections":[],"jetpack-related-posts":[],"jetpack_shortlink":"https:\/\/wp.me\/p7Eq1F-LD","jetpack_sharing_enabled":true,"jetpack_featured_media_url":"https:\/\/i0.wp.com\/guialimeira.com.br\/news\/wp-content\/uploads\/2024\/04\/m_137_0_1_18042024130854.jpg?fit=900%2C270&ssl=1","_links":{"self":[{"href":"https:\/\/guialimeira.com.br\/news\/wp-json\/wp\/v2\/posts\/2953","targetHints":{"allow":["GET"]}}],"collection":[{"href":"https:\/\/guialimeira.com.br\/news\/wp-json\/wp\/v2\/posts"}],"about":[{"href":"https:\/\/guialimeira.com.br\/news\/wp-json\/wp\/v2\/types\/post"}],"author":[{"embeddable":true,"href":"https:\/\/guialimeira.com.br\/news\/wp-json\/wp\/v2\/users\/1"}],"replies":[{"embeddable":true,"href":"https:\/\/guialimeira.com.br\/news\/wp-json\/wp\/v2\/comments?post=2953"}],"version-history":[{"count":0,"href":"https:\/\/guialimeira.com.br\/news\/wp-json\/wp\/v2\/posts\/2953\/revisions"}],"wp:featuredmedia":[{"embeddable":true,"href":"https:\/\/guialimeira.com.br\/news\/wp-json\/wp\/v2\/media\/2954"}],"wp:attachment":[{"href":"https:\/\/guialimeira.com.br\/news\/wp-json\/wp\/v2\/media?parent=2953"}],"wp:term":[{"taxonomy":"category","embeddable":true,"href":"https:\/\/guialimeira.com.br\/news\/wp-json\/wp\/v2\/categories?post=2953"},{"taxonomy":"post_tag","embeddable":true,"href":"https:\/\/guialimeira.com.br\/news\/wp-json\/wp\/v2\/tags?post=2953"}],"curies":[{"name":"wp","href":"https:\/\/api.w.org\/{rel}","templated":true}]}}