{"id":29485,"date":"2025-04-05T16:59:28","date_gmt":"2025-04-05T19:59:28","guid":{"rendered":"https:\/\/guialimeira.com.br\/2025\/04\/05\/apos-impeachment-presidente-da-coreia-do-sul-e-destituido-do-cargo\/"},"modified":"2025-04-05T16:59:28","modified_gmt":"2025-04-05T19:59:28","slug":"apos-impeachment-presidente-da-coreia-do-sul-e-destituido-do-cargo","status":"publish","type":"post","link":"https:\/\/guialimeira.com.br\/news\/apos-impeachment-presidente-da-coreia-do-sul-e-destituido-do-cargo\/","title":{"rendered":"Ap\u00f3s impeachment, Presidente da Coreia do Sul \u00e9 destitu\u00eddo do cargo"},"content":{"rendered":"<p> <br \/>\n<\/p>\n<div>\n<p>O<strong> presidente da Coreia do Sul, Yoon Suk Yeol, foi destitu\u00eddo do cargo nesta sexta-feira (4) pelo Tribunal Constitucional<\/strong>, que confirmou o <em>impeachment<\/em> aprovado pelo Parlamento por causa da imposi\u00e7\u00e3o da lei marcial que provocou a pior crise pol\u00edtica do pa\u00eds em d\u00e9cadas, abrindo caminho agora para uma elei\u00e7\u00e3o.<img data-recalc-dims=\"1\" decoding=\"async\" src=\"https:\/\/i0.wp.com\/agenciabrasil.ebc.com.br\/ebc.png?w=696&#038;ssl=1\" style=\"width:1px; height:1px; display:inline;\"\/><img data-recalc-dims=\"1\" decoding=\"async\" src=\"https:\/\/i0.wp.com\/agenciabrasil.ebc.com.br\/ebc.gif?w=696&#038;ssl=1\" style=\"width:1px; height:1px; display:inline;\"\/><\/p>\n<p>A decis\u00e3o un\u00e2nime encerra meses de turbul\u00eancia pol\u00edtica que tem ofuscado os esfor\u00e7os para lidar com a administra\u00e7\u00e3o do presidente dos EUA, Donald Trump, em um momento de desacelera\u00e7\u00e3o do crescimento da quarta maior economia da \u00c1sia.<\/p>\n<h2>Elei\u00e7\u00f5es<\/h2>\n<p><strong>A decis\u00e3o agora d\u00e1 in\u00edcio a uma corrida para eleger o pr\u00f3ximo presidente dentro de 60 dias, conforme exigido pela Constitui\u00e7\u00e3o. <\/strong>O primeiro-ministro Han Duck-soo permanecer\u00e1 como presidente interino at\u00e9 que um novo l\u00edder seja empossado.<\/p>\n<p>Lee Jae-myung, o l\u00edder populista do Partido Democr\u00e1tico, que perdeu para Yoon por uma margem m\u00ednima em 2022, \u00e9 claramente o favorito, mas enfrenta seus pr\u00f3prios desafios legais devido a v\u00e1rios julgamentos por corrup\u00e7\u00e3o.<\/p>\n<p>Os conservadores, por sua vez, t\u00eam um amplo campo de candidatos.<\/p>\n<p>&#8220;A decis\u00e3o un\u00e2nime do Tribunal Constitucional eliminou uma importante fonte de incerteza&#8221;, disse o professor Leif-Eric Easley, da Universidade Ewha, em Seul, observando como o pr\u00f3ximo governo teria de enfrentar desafios, incluindo as amea\u00e7as militares da Coreia do Norte, a press\u00e3o diplom\u00e1tica da China e as tarifas comerciais de Trump.<\/p>\n<h2>Lei marcial<\/h2>\n<p>O presidente interino da Suprema Corte, Moon Hyung-bae, disse que Yoon violou seu dever como presidente com sua <a href=\"https:\/\/agenciabrasil.ebc.com.br\/internacional\/noticia\/2024-12\/presidente-da-coreia-do-sul-declara-lei-marcial-no-pais\" target=\"_blank\" rel=\"noopener\">declara\u00e7\u00e3o de lei marcial em 3 de dezembro<\/a>, agindo al\u00e9m de seus poderes constitucionais com a\u00e7\u00f5es que foram &#8220;um s\u00e9rio desafio \u00e0 democracia&#8221;.<\/p>\n<p>&#8220;(Yoon) cometeu uma grave trai\u00e7\u00e3o \u00e0 confian\u00e7a do povo&#8221;, disse Moon, acrescentando que a declara\u00e7\u00e3o da lei marcial criou o caos em todas as \u00e1reas da sociedade, da economia e da pol\u00edtica externa.<\/p>\n<p>A Human Rights Watch considerou a decis\u00e3o uma vit\u00f3ria para a resili\u00eancia do pa\u00eds, a busca pelos direitos humanos e os valores democr\u00e1ticos.<\/p>\n<p>Milhares de pessoas em um com\u00edcio que pedia a destitui\u00e7\u00e3o de Yoon explodiram em aplausos ao ouvir a decis\u00e3o, entoando &#8220;N\u00f3s vencemos!&#8221;<\/p>\n<p>J\u00e1 partid\u00e1rios de Yoon reunidos perto de sua resid\u00eancia oficial assistiram \u00e0 decis\u00e3o em um tel\u00e3o em um sil\u00eancio at\u00f4nito.<\/p>\n<p>      <!-- Relacionada --><\/p>\n<p>            <!-- Relacionada -->\n    <\/div>\n<p><br \/>\n<br \/><a href=\"https:\/\/agenciabrasil.ebc.com.br\/internacional\/noticia\/2025-04\/apos-impeachment-presidente-da-coreia-do-sul-e-destituido-do-cargo\" rel=\"noopener\">Ag\u00eancia Brasil <\/a><\/p>\n","protected":false},"excerpt":{"rendered":"<p>O presidente da Coreia do Sul, Yoon Suk Yeol, foi destitu\u00eddo do cargo nesta sexta-feira (4) pelo Tribunal Constitucional, que confirmou o impeachment aprovado pelo Parlamento por causa da imposi\u00e7\u00e3o da lei marcial que provocou a pior crise pol\u00edtica do pa\u00eds em d\u00e9cadas, abrindo caminho agora para uma elei\u00e7\u00e3o. A decis\u00e3o un\u00e2nime encerra meses de [&hellip;]<\/p>\n","protected":false},"author":1,"featured_media":29486,"comment_status":"open","ping_status":"open","sticky":false,"template":"","format":"standard","meta":{"_jetpack_newsletter_access":"","_jetpack_dont_email_post_to_subs":false,"_jetpack_newsletter_tier_id":0,"_jetpack_memberships_contains_paywalled_content":false,"_mbp_banners":[],"_jetpack_feature_clip_id":0,"_jetpack_memberships_contains_paid_content":false,"footnotes":"","jetpack_publicize_message":"","jetpack_publicize_feature_enabled":true,"jetpack_social_post_already_shared":true,"jetpack_social_options":{"image_generator_settings":{"template":"highway","default_image_id":0,"font":"","enabled":false},"version":2},"jetpack_post_was_ever_published":false},"categories":[25],"tags":[],"class_list":["post-29485","post","type-post","status-publish","format-standard","has-post-thumbnail","category-internacional"],"jetpack_publicize_connections":[],"jetpack-related-posts":[],"jetpack_shortlink":"https:\/\/wp.me\/p7Eq1F-7Fz","jetpack_sharing_enabled":true,"jetpack_featured_media_url":"https:\/\/i0.wp.com\/guialimeira.com.br\/news\/wp-content\/uploads\/2025\/04\/2025-03-14t110356z_1_lynxmpel2d0h1_rtroptp_4_coreiadosul-decisao-impeachment-calma.jpg?fit=1600%2C800&ssl=1","_links":{"self":[{"href":"https:\/\/guialimeira.com.br\/news\/wp-json\/wp\/v2\/posts\/29485","targetHints":{"allow":["GET"]}}],"collection":[{"href":"https:\/\/guialimeira.com.br\/news\/wp-json\/wp\/v2\/posts"}],"about":[{"href":"https:\/\/guialimeira.com.br\/news\/wp-json\/wp\/v2\/types\/post"}],"author":[{"embeddable":true,"href":"https:\/\/guialimeira.com.br\/news\/wp-json\/wp\/v2\/users\/1"}],"replies":[{"embeddable":true,"href":"https:\/\/guialimeira.com.br\/news\/wp-json\/wp\/v2\/comments?post=29485"}],"version-history":[{"count":0,"href":"https:\/\/guialimeira.com.br\/news\/wp-json\/wp\/v2\/posts\/29485\/revisions"}],"wp:featuredmedia":[{"embeddable":true,"href":"https:\/\/guialimeira.com.br\/news\/wp-json\/wp\/v2\/media\/29486"}],"wp:attachment":[{"href":"https:\/\/guialimeira.com.br\/news\/wp-json\/wp\/v2\/media?parent=29485"}],"wp:term":[{"taxonomy":"category","embeddable":true,"href":"https:\/\/guialimeira.com.br\/news\/wp-json\/wp\/v2\/categories?post=29485"},{"taxonomy":"post_tag","embeddable":true,"href":"https:\/\/guialimeira.com.br\/news\/wp-json\/wp\/v2\/tags?post=29485"}],"curies":[{"name":"wp","href":"https:\/\/api.w.org\/{rel}","templated":true}]}}