{"id":29475,"date":"2025-04-05T13:54:18","date_gmt":"2025-04-05T16:54:18","guid":{"rendered":"https:\/\/guialimeira.com.br\/2025\/04\/05\/apos-caso-registrado-em-marco-df-volta-a-considerar-sarampo-eliminado\/"},"modified":"2025-04-05T13:54:18","modified_gmt":"2025-04-05T16:54:18","slug":"apos-caso-registrado-em-marco-df-volta-a-considerar-sarampo-eliminado","status":"publish","type":"post","link":"https:\/\/guialimeira.com.br\/news\/apos-caso-registrado-em-marco-df-volta-a-considerar-sarampo-eliminado\/","title":{"rendered":"Ap\u00f3s caso registrado em mar\u00e7o, DF volta a considerar sarampo eliminado"},"content":{"rendered":"<p> <br \/>\n<\/p>\n<div>\n<p>Vinte dias depois da confirma\u00e7\u00e3o do diagn\u00f3stico de sarampo em uma mulher adulta no Distrito Federal e tamb\u00e9m de uma nova suspeita recente, a <strong>secretaria de Sa\u00fade local informou, neste s\u00e1bado (5), que considera a enfermidade eliminada da capital do Pa\u00eds.<\/strong><img data-recalc-dims=\"1\" decoding=\"async\" src=\"https:\/\/i0.wp.com\/agenciabrasil.ebc.com.br\/ebc.png?w=696&#038;ssl=1\" style=\"width:1px; height:1px; display:inline;\"\/><img data-recalc-dims=\"1\" decoding=\"async\" src=\"https:\/\/i0.wp.com\/agenciabrasil.ebc.com.br\/ebc.gif?w=696&#038;ssl=1\" style=\"width:1px; height:1px; display:inline;\"\/><\/p>\n<blockquote>\n<p>&#8220;A Secretaria de Sa\u00fade informa que uma nova suspeita de sarampo foi notificada, mas o caso j\u00e1 foi descartado\u201d.\u00a0<\/p>\n<\/blockquote>\n<p><strong>Outra informa\u00e7\u00e3o divulgada \u00e9 que todas as notifica\u00e7\u00f5es anteriores que estavam em monitoramento tamb\u00e9m foram descartadas.<\/strong><\/p>\n<p>\u201cAssim, n\u00e3o h\u00e1 nenhum caso confirmado da doen\u00e7a no DF. O DF foi recertificado esse ano, por ter o sarampo eliminado&#8221;. <strong>No caso de mar\u00e7o, a pessoa foi curada sem necessidade de interna\u00e7\u00e3o. <\/strong><a href=\"https:\/\/agenciabrasil.ebc.com.br\/saude\/noticia\/2025-03\/distrito-federal-registra-primeiro-caso-de-sarampo-desde-2020\" target=\"_blank\" rel=\"noopener\">N\u00e3o havia registro da doen\u00e7a na capital desde 2020<\/a><strong>.<\/strong><\/p>\n<p>No caso dessa paciente, as autoridades locais explicaram que ela tem hist\u00f3rico de viagens internacionais. \u201cA paciente apresentou os primeiros sintomas em 27 de fevereiro e as manchas vermelhas na pele surgiram em 1\u00ba de mar\u00e7o\u201d, informou, na ocasi\u00e3o, a secretaria de Sa\u00fade.<\/p>\n<h2>Transmiss\u00e3o no DF em 1999<\/h2>\n<p>Em <a href=\"https:\/\/www.saude.df.gov.br\/documents\/37101\/0\/BOLETIM_EXANTEM%C3%81TICAS_+2022+DF+Sarampo+e+Rub%C3%A9ola.pdf\/1d932a67-2a6e-1d53-bd7d-ff95d5f444b1?t=1687809401761\" target=\"_blank\" rel=\"noopener\">informativo epidemiol\u00f3gico publicado em 2022<\/a>, a secretaria de Sa\u00fade informou que os \u00faltimos casos de sarampo que foram transmitidos no pr\u00f3prio DF ocorreram em 1999. A doen\u00e7a apareceu entre 2018 e 2020, mas a transmiss\u00e3o teria ocorrido em outras localidades.<\/p>\n<p>Em 2022, inclusive, o Distrito Federal teve 54 casos suspeitos de doen\u00e7as exantem\u00e1ticas, destes, 14 suspeitos de rub\u00e9ola e 40 de suspeitos de sarampo. N\u00e3o houve confirma\u00e7\u00e3o de casos em 2022.<\/p>\n<h2>Riscos<\/h2>\n<p>O sarampo, segundo explica o <em>site<\/em> da secretaria, \u00e9 uma doen\u00e7a viral aguda, contagiosa e que tem, entre os sintomas, febre, tosse, coriza, conjuntivite e manchas avermelhadas na pele.<\/p>\n<p>Um alerta \u00e9 que o sarampo pode ser acompanhado de complica\u00e7\u00f5es, principalmente em crian\u00e7as menores de cinco anos de idade e pessoas com imunodepress\u00e3o.<\/p>\n<h2>Vacina\u00e7\u00e3o<\/h2>\n<p>Ainda de acordo com os profissionais de sa\u00fade, a vacina tr\u00edplice viral \u00e9 a medida de preven\u00e7\u00e3o eficaz contra o sarampo. A aplica\u00e7\u00e3o tamb\u00e9m imuniza contra a rub\u00e9ola e a caxumba.<\/p>\n<p><strong>A primeira dose deve ser administrada a toda crian\u00e7a de um ano de idade e uma segunda dose a crian\u00e7as de 15 meses.<\/strong><\/p>\n<p>Os adolescentes e adultos jovens at\u00e9 29 anos de idade devem ter duas doses da vacina e as pessoas acima de 30 at\u00e9 59 anos devem ter uma dose de vacina. Os profissionais de sa\u00fade devem receber duas doses de tr\u00edplice viral, independentemente da idade.<\/p>\n<p>\u00a0<\/p>\n<p>      <!-- Relacionada --><\/p>\n<p>            <!-- Relacionada -->\n    <\/div>\n<p><br \/>\n<br \/><a href=\"https:\/\/agenciabrasil.ebc.com.br\/saude\/noticia\/2025-04\/apos-caso-registrado-em-marco-df-volta-considerar-sarampo-eliminado\" rel=\"noopener\">Ag\u00eancia Brasil <\/a><\/p>\n","protected":false},"excerpt":{"rendered":"<p>Vinte dias depois da confirma\u00e7\u00e3o do diagn\u00f3stico de sarampo em uma mulher adulta no Distrito Federal e tamb\u00e9m de uma nova suspeita recente, a secretaria de Sa\u00fade local informou, neste s\u00e1bado (5), que considera a enfermidade eliminada da capital do Pa\u00eds. &#8220;A Secretaria de Sa\u00fade informa que uma nova suspeita de sarampo foi notificada, mas [&hellip;]<\/p>\n","protected":false},"author":1,"featured_media":29476,"comment_status":"open","ping_status":"open","sticky":false,"template":"","format":"standard","meta":{"_jetpack_newsletter_access":"","_jetpack_dont_email_post_to_subs":false,"_jetpack_newsletter_tier_id":0,"_jetpack_memberships_contains_paywalled_content":false,"_mbp_banners":[],"_jetpack_feature_clip_id":0,"_jetpack_memberships_contains_paid_content":false,"footnotes":"","jetpack_publicize_message":"","jetpack_publicize_feature_enabled":true,"jetpack_social_post_already_shared":true,"jetpack_social_options":{"image_generator_settings":{"template":"highway","default_image_id":0,"font":"","enabled":false},"version":2},"jetpack_post_was_ever_published":false},"categories":[15],"tags":[],"class_list":["post-29475","post","type-post","status-publish","format-standard","has-post-thumbnail","category-saude"],"jetpack_publicize_connections":[],"jetpack-related-posts":[],"jetpack_shortlink":"https:\/\/wp.me\/p7Eq1F-7Fp","jetpack_sharing_enabled":true,"jetpack_featured_media_url":"https:\/\/i0.wp.com\/guialimeira.com.br\/news\/wp-content\/uploads\/2025\/04\/edit_mcmgo_abr20180818_1351.jpg?fit=1600%2C800&ssl=1","_links":{"self":[{"href":"https:\/\/guialimeira.com.br\/news\/wp-json\/wp\/v2\/posts\/29475","targetHints":{"allow":["GET"]}}],"collection":[{"href":"https:\/\/guialimeira.com.br\/news\/wp-json\/wp\/v2\/posts"}],"about":[{"href":"https:\/\/guialimeira.com.br\/news\/wp-json\/wp\/v2\/types\/post"}],"author":[{"embeddable":true,"href":"https:\/\/guialimeira.com.br\/news\/wp-json\/wp\/v2\/users\/1"}],"replies":[{"embeddable":true,"href":"https:\/\/guialimeira.com.br\/news\/wp-json\/wp\/v2\/comments?post=29475"}],"version-history":[{"count":0,"href":"https:\/\/guialimeira.com.br\/news\/wp-json\/wp\/v2\/posts\/29475\/revisions"}],"wp:featuredmedia":[{"embeddable":true,"href":"https:\/\/guialimeira.com.br\/news\/wp-json\/wp\/v2\/media\/29476"}],"wp:attachment":[{"href":"https:\/\/guialimeira.com.br\/news\/wp-json\/wp\/v2\/media?parent=29475"}],"wp:term":[{"taxonomy":"category","embeddable":true,"href":"https:\/\/guialimeira.com.br\/news\/wp-json\/wp\/v2\/categories?post=29475"},{"taxonomy":"post_tag","embeddable":true,"href":"https:\/\/guialimeira.com.br\/news\/wp-json\/wp\/v2\/tags?post=29475"}],"curies":[{"name":"wp","href":"https:\/\/api.w.org\/{rel}","templated":true}]}}