{"id":29446,"date":"2025-04-05T09:54:30","date_gmt":"2025-04-05T12:54:30","guid":{"rendered":"https:\/\/guialimeira.com.br\/2025\/04\/05\/ir-2025-onde-baixar-o-aplicativo-para-declarar-o-imposto-de-renda\/"},"modified":"2025-04-05T09:54:30","modified_gmt":"2025-04-05T12:54:30","slug":"ir-2025-onde-baixar-o-aplicativo-para-declarar-o-imposto-de-renda","status":"publish","type":"post","link":"https:\/\/guialimeira.com.br\/news\/ir-2025-onde-baixar-o-aplicativo-para-declarar-o-imposto-de-renda\/","title":{"rendered":"IR 2025: onde baixar o aplicativo para declarar o Imposto de Renda?"},"content":{"rendered":"<p> <br \/>\n<\/p>\n<div>\n<p>Os contribuintes <strong>t\u00eam tr\u00eas op\u00e7\u00f5es para fazer a declara\u00e7\u00e3o do Imposto de Renda 2025:\u00a0pelo programa para computadores, pelo aplicativo para celular e pelo portal e-CAC na plataforma Gov.br<\/strong>.<img data-recalc-dims=\"1\" decoding=\"async\" src=\"https:\/\/i0.wp.com\/agenciabrasil.ebc.com.br\/ebc.png?w=696&#038;ssl=1\" style=\"width:1px; height:1px; display:inline;\"\/><img data-recalc-dims=\"1\" decoding=\"async\" src=\"https:\/\/i0.wp.com\/agenciabrasil.ebc.com.br\/ebc.gif?w=696&#038;ssl=1\" style=\"width:1px; height:1px; display:inline;\"\/><\/p>\n<p>O coordenador do curso de Ci\u00eancias Cont\u00e1beis da Faculdade Anhanguera, Amarildo Jos\u00e9 Rodrigues, explica como funciona cada op\u00e7\u00e3o.<\/p>\n<h2>Programa gerador<\/h2>\n<p>O contribuinte <strong>precisa baixar\u00a0o programa gerador de declara\u00e7\u00e3o<\/strong>, <strong>dispon\u00edvel<\/strong> <strong><a href=\"https:\/\/www.gov.br\/pt-br\/servicos\/declarar-meu-imposto-de-renda\" target=\"_blank\" rel=\"noopener\">no site da Receita Federal do Brasil<\/a><\/strong>.<\/p>\n<blockquote>\n<p>&#8220;Essa op\u00e7\u00e3o \u00e9 recomendada para os contribuintes que possuem declara\u00e7\u00f5es mais complexas, com muitas informa\u00e7\u00f5es a serem declaradas&#8221;, destaca o professor.<\/p>\n<\/blockquote>\n<p>O programa para computadores, chamado\u00a0IRPF 2025, tem vers\u00f5es para Windows, macOS, Linux e multiplataforma.<\/p>\n<h2>Aplicativo para celular<\/h2>\n<p>O <strong><a href=\"https:\/\/www.gov.br\/pt-br\/apps\/receita-federal\" target=\"_blank\" rel=\"noopener\">aplicativo da Receita Federal<\/a> est\u00e1\u00a0dispon\u00edvel para os sistemas Android e iOS<\/strong>.<\/p>\n<blockquote>\n<p>&#8220;Essa \u00e9 uma op\u00e7\u00e3o\u00a0ideal para quem busca praticidade e agilidade no preenchimento da declara\u00e7\u00e3o&#8221;.<\/p>\n<\/blockquote>\n<p>Em 2025, o nome do aplicativo para fazer a declara\u00e7\u00e3o mudou. Antes chamado de &#8220;Meu Imposto de Renda&#8221;, agora recebeu o nome de\u00a0Receita Federal.<\/p>\n<h2>e-CAC<\/h2>\n<p>A terceira e \u00faltima op\u00e7\u00e3o \u00e9 <strong><a href=\"https:\/\/cav.receita.fazenda.gov.br\/autenticacao\/login\" target=\"_blank\" rel=\"noopener\">realizar a declara\u00e7\u00e3o diretamente no portal e-CAC<\/a><\/strong>. \u00c9\u00a0necess\u00e1rio ter <strong><a href=\"https:\/\/sso.acesso.gov.br\/login?client_id=www.gov.br&amp;authorization_id=196026f6302\" target=\"_blank\" rel=\"noopener\">acesso e senha na plataforma Gov.br<\/a><\/strong>.<\/p>\n<h2>Cuidados na hora de baixar programa<\/h2>\n<p>O professor Alessandro Pereira Alves, da Universidade Federal Rural do Rio de Janeiro (UFRRJ), <strong>alerta que o \u00fanico \u00f3rg\u00e3o respons\u00e1vel por disponibilizar o\u00a0programa \u00e9 a Receita Federal<\/strong>.<\/p>\n<blockquote>\n<p>&#8220;N\u00e3o se deve baixar o programa de outros sites. Ent\u00e3o, tem que ser o\u00a0programa da Receita Federal&#8221;.<\/p>\n<\/blockquote>\n<p>Uma forma de garantir que o aplicativo ou programa \u00e9 aut\u00eantico \u00e9 verificar o endere\u00e7o do site. Se <strong>ele n\u00e3o estiver no dom\u00ednio\u00a0Gov.br, h\u00e1 risco de ser um software falso<\/strong> criado para roubar dados do contribuinte.<\/p>\n<h2>&gt;&gt; Ou\u00e7a na Radioag\u00eancia Nacional:<\/h2>\n<h2>Isen\u00e7\u00e3o para quem ganha at\u00e9 R$ 5 mil j\u00e1 est\u00e1 valendo?<\/h2>\n<p>No\u00a0ano passado, a regulamenta\u00e7\u00e3o da reforma tribut\u00e1ria foi aprovada no Congresso e sancionada pelo presidente\u00a0Lula. Em 2025, o governo j\u00e1 enviou para o Congresso um projeto de lei que prev\u00ea a <a href=\"https:\/\/agenciabrasil.ebc.com.br\/economia\/noticia\/2025-03\/entenda-reforma-do-imposto-de-renda-enviada-ao-congresso\" target=\"_blank\" rel=\"noopener\">isen\u00e7\u00e3o do Imposto de Renda para quem ganha at\u00e9 R$ 5 mil por m\u00eas<\/a>.\u00a0<\/p>\n<p>Como as duas not\u00edcias tiveram grande repercuss\u00e3o, <strong>algumas pessoas t\u00eam se perguntado se a <a href=\"https:\/\/agenciabrasil.ebc.com.br\/radioagencia-nacional\/economia\/audio\/2025-04\/reforma-tributaria-e-isencao-de-ate-r-5-mil-valem-para-o-ir-2025\" target=\"_blank\" rel=\"noopener\">reforma tribut\u00e1ria e a isen\u00e7\u00e3o do Imposto de Renda para quem ganha at\u00e9 R$ 5 mil<\/a> est\u00e3o valendo para a declara\u00e7\u00e3o deste ano<\/strong>. Objetivamente, <strong>podemos afirmar que n\u00e3o<\/strong>.<\/p>\n<blockquote>\n<p>&#8220;Sobre a reforma tribut\u00e1ria, ela n\u00e3o influenciar\u00e1 no Imposto de Renda. Isso porque a reforma ainda est\u00e1 em andamento e, at\u00e9 agora, apenas a primeira fase foi aprovada, que trata da cria\u00e7\u00e3o do IBS (Imposto sobre Bens e Servi\u00e7os) e da CBS (Contribui\u00e7\u00e3o sobre Bens e Servi\u00e7os). Essas mudan\u00e7as afetam apenas o consumo, n\u00e3o o Imposto de Renda. A segunda fase da reforma, que poderia alterar o Imposto de Renda para as Pessoas F\u00edsicas, ainda n\u00e3o foi aprovada&#8221;, explica\u00a0M\u00e1rcia Ferreira de Godoi, professora do curso de ci\u00eancias cont\u00e1beis da Faculdade Anhanguera.<\/p>\n<\/blockquote>\n<p>Entre as medidas que podem ser aprovadas nesta segunda fase est\u00e1 a prometida isen\u00e7\u00e3o para quem ganha at\u00e9 R$ 5 mil. As <strong>regras do projeto j\u00e1 est\u00e3o definidas, mas ainda v\u00e3o passar por muito debate<\/strong>.<\/p>\n<p>O vice-presidente de controle interno do Conselho Regional de Contabilidade do Estado do Rio de Janeiro (CRC-RJ), Paulo P\u00eagas, alerta que a novidade ainda deve demorar um pouquinho.<\/p>\n<blockquote>\n<p>&#8220;A pessoa que tenha renda bruta de at\u00e9 R$ 5 mil n\u00e3o pagar\u00e1 mais qualquer valor de Imposto de Renda a partir de janeiro de 2026, caso o projeto seja realmente aprovado na C\u00e2mara e no Senado. Agora, isso s\u00f3 valer\u00e1 na declara\u00e7\u00e3o de 2026, que ser\u00e1 enviada \u00e0 Receita Federal entre mar\u00e7o e maio de 2027. Entre mar\u00e7o e maio do ano que vem, enviaremos a declara\u00e7\u00e3o referente a este ano, 2025. Vai demorar um pouco para que haja reflexo na hora da declara\u00e7\u00e3o do Imposto de Renda&#8221;.<\/p>\n<\/blockquote>\n<p>Por enquanto, a<strong> faixa de isen\u00e7\u00e3o do IRPF \u00e9 para quem ganhou at\u00e9 dois sal\u00e1rios m\u00ednimos mensais em 2024<\/strong>. Lembrando que o <strong>prazo para declara\u00e7\u00e3o do Imposto de Renda vai at\u00e9 a \u00faltima sexta-feira de maio, dia 30<\/strong>.\u00a0<\/p>\n<h2>&gt;&gt; Ou\u00e7a na Radioag\u00eancia Nacional:\u00a0<\/h2>\n<h2>Anti-fake: o governo passou a cobrar IR por transa\u00e7\u00f5es em Pix?<\/h2>\n<p>Em 2025, a <strong>s\u00e9rie Tira-D\u00favidas do IR<\/strong> tem uma novidade: a <strong>se\u00e7\u00e3o anti-fake do Imposto de Renda 2025<\/strong>.<\/p>\n<p>Em meio ao volume de desinforma\u00e7\u00e3o na internet, apenas ensinar a melhor maneira de declarar n\u00e3o \u00e9 o suficiente. \u00c9 preciso tamb\u00e9m esclarecer, desmistificar e desmentir as famigeradas<em> fake news<\/em>. E nesta primeira p\u00edlula do anti-fake do IR 2025 vamos falar de Pix.\u00a0<\/p>\n<p>Desde janeiro de 2025, se iniciou um debate na internet em cima de uma norma que passaria a obrigar institui\u00e7\u00f5es financeiras, inclusive as chamadas fintechs, a notificar a Receita Federal sobre movimenta\u00e7\u00f5es acima de R$ 5 mil no caso de Pessoa F\u00edsica. Foi a partir dela que <a href=\"https:\/\/agenciabrasil.ebc.com.br\/politica\/noticia\/2025-01\/haddad-desmente-imposto-sobre-pet-e-pix-apos-video-\" target=\"_blank\" rel=\"noopener\">surgiu a informa\u00e7\u00e3o falsa de que o\u00a0Pix acima de R$ 5 mil passaria a ser taxado<\/a>.\u00a0<\/p>\n<p>Vamos repetir, apenas para ficar claro: <strong>\u00e9 falso que transa\u00e7\u00f5es em Pix acima de R$ 5 mil paguem Imposto de Renda<\/strong>. Para come\u00e7ar, <strong>a norma n\u00e3o previa criar um \u201cnovo imposto\u201d<\/strong>. O\u00a0professor Paulo P\u00eagas, vice-presidente de controle interno do Conselho Regional de Contabilidade do Rio de Janeiro\u00a0(CRC-RJ), esclarece que a norma previa, na realidade, evitar a evas\u00e3o fiscal.\u00a0<\/p>\n<blockquote>\n<p>&#8220;O governo n\u00e3o vai cobrar nenhum imposto nas transa\u00e7\u00f5es por Pix, n\u00e3o vai ficar monitorando o valor de cada Pix que ningu\u00e9m passa. A ideia \u00e9 que realmente se tenha o melhor controle para coibir, evitar sonega\u00e7\u00e3o. Aquela pessoa que tem uma\u00a0 renda que deveria declarar imposto e, \u00e0s vezes, at\u00e9 pagar, e acaba prejudicando a sociedade como um todo&#8221;.\u00a0<\/p>\n<\/blockquote>\n<p>&#8220;Mas n\u00e3o \u00e9 voc\u00ea, n\u00e3o \u00e9 aquela pessoa que controla uma festa dos amigos, o almo\u00e7o de confraterniza\u00e7\u00e3o no final do m\u00eas, nada disso. Ningu\u00e9m vai ter que pagar imposto sobre Pix, a <a href=\"https:\/\/agenciabrasil.ebc.com.br\/economia\/noticia\/2025-01\/receita-esclarece-que-nao-cobrara-imposto-por-pix\" target=\"_blank\" rel=\"noopener\">Receita Federal n\u00e3o analisa o Pix\u00a0individualmente<\/a>\u00a0falando para quem foi, o que fez, o que n\u00e3o fez. \u00c9 mais uma informa\u00e7\u00e3o global para auxiliar no combate \u00e0 sonega\u00e7\u00e3o&#8221;.<\/p>\n<p>Em janeiro, o pr\u00f3prio governo tratou de tomar duas a\u00e7\u00f5es para deixar ainda mais claro que n\u00e3o haver\u00e1 cobran\u00e7a de impostos. Uma delas<strong> <a href=\"https:\/\/agenciabrasil.ebc.com.br\/economia\/noticia\/2025-01\/receita-revoga-ato-normativo-que-previa-fiscalizacao-do-pix\" target=\"_blank\" rel=\"noopener\">foi revogar a normativa que previa a notifica\u00e7\u00e3o de informa\u00e7\u00f5es do Pix<\/a><\/strong>.<\/p>\n<p>A outra, como explica o professor Deypson Carvalho, da UDF, foi criar <a href=\"https:\/\/agenciabrasil.ebc.com.br\/economia\/noticia\/2025-01\/publicada-mp-que-proibe-cobranca-diferenciada-por-transacoes-com-pix\" target=\"_blank\" rel=\"noopener\">uma Medida Provis\u00f3ria que impe\u00e7a a cobran\u00e7a de impostos por Pix<\/a>.<\/p>\n<blockquote>\n<p>&#8220;A Medida Provis\u00f3ria (MP 1.288\/2025) editada pelo governo federal garante que as transa\u00e7\u00f5es feitas por meio do Pix n\u00e3o ser\u00e3o tributadas.\u00a0Portanto, essa legisla\u00e7\u00e3o torna p\u00fablico o impedimento formal para a cobran\u00e7a de valores adicionais e tributos incidentes sobre pagamentos feitos por Pix&#8221;.<\/p>\n<\/blockquote>\n<p><strong>Vale apontar que as regras do Imposto de Renda 2025 n\u00e3o preveem a incid\u00eancia de impostos sobre o recebimento de valores por um meio espec\u00edfico<\/strong>. As regras que definem quanto se paga de Imposto de Renda dependem de outros fatores.<\/p>\n<p>E estes fatores s\u00e3o explicados\u00a0na <a href=\"https:\/\/agenciabrasil.ebc.com.br\/radioagencia-nacional\/economia\/audio\/2025-03\/serie-tira-duvidas-de-como-fazer-declaracao-do-imposto-de-renda-2025\" target=\"_blank\" rel=\"noopener\">s\u00e9rie Tira-D\u00favidas do IR 2025<\/a>.\u00a0<\/p>\n<h2>&gt;&gt; Ou\u00e7a na Radioag\u00eancia Nacional:<\/h2>\n<p>\u00a0<\/p>\n<p>      <!-- Relacionada --><\/p>\n<p>            <!-- Relacionada -->\n    <\/div>\n<p><br \/>\n<br \/><a href=\"https:\/\/agenciabrasil.ebc.com.br\/economia\/noticia\/2025-04\/ir-2025-onde-baixar-o-aplicativo-para-declarar-o-imposto-de-renda\" rel=\"noopener\">Ag\u00eancia Brasil<\/a><\/p>\n","protected":false},"excerpt":{"rendered":"<p>Os contribuintes t\u00eam tr\u00eas op\u00e7\u00f5es para fazer a declara\u00e7\u00e3o do Imposto de Renda 2025:\u00a0pelo programa para computadores, pelo aplicativo para celular e pelo portal e-CAC na plataforma Gov.br. O coordenador do curso de Ci\u00eancias Cont\u00e1beis da Faculdade Anhanguera, Amarildo Jos\u00e9 Rodrigues, explica como funciona cada op\u00e7\u00e3o. Programa gerador O contribuinte precisa baixar\u00a0o programa gerador de [&hellip;]<\/p>\n","protected":false},"author":1,"featured_media":29447,"comment_status":"open","ping_status":"open","sticky":false,"template":"","format":"standard","meta":{"_jetpack_newsletter_access":"","_jetpack_dont_email_post_to_subs":false,"_jetpack_newsletter_tier_id":0,"_jetpack_memberships_contains_paywalled_content":false,"_mbp_banners":[],"_jetpack_feature_clip_id":0,"_jetpack_memberships_contains_paid_content":false,"footnotes":"","jetpack_publicize_message":"","jetpack_publicize_feature_enabled":true,"jetpack_social_post_already_shared":true,"jetpack_social_options":{"image_generator_settings":{"template":"highway","default_image_id":0,"font":"","enabled":false},"version":2},"jetpack_post_was_ever_published":false},"categories":[24],"tags":[],"class_list":["post-29446","post","type-post","status-publish","format-standard","has-post-thumbnail","category-economia"],"jetpack_publicize_connections":[],"jetpack-related-posts":[],"jetpack_shortlink":"https:\/\/wp.me\/p7Eq1F-7EW","jetpack_sharing_enabled":true,"jetpack_featured_media_url":"https:\/\/i0.wp.com\/guialimeira.com.br\/news\/wp-content\/uploads\/2025\/04\/mcm_9215.jpg?fit=1600%2C800&ssl=1","_links":{"self":[{"href":"https:\/\/guialimeira.com.br\/news\/wp-json\/wp\/v2\/posts\/29446","targetHints":{"allow":["GET"]}}],"collection":[{"href":"https:\/\/guialimeira.com.br\/news\/wp-json\/wp\/v2\/posts"}],"about":[{"href":"https:\/\/guialimeira.com.br\/news\/wp-json\/wp\/v2\/types\/post"}],"author":[{"embeddable":true,"href":"https:\/\/guialimeira.com.br\/news\/wp-json\/wp\/v2\/users\/1"}],"replies":[{"embeddable":true,"href":"https:\/\/guialimeira.com.br\/news\/wp-json\/wp\/v2\/comments?post=29446"}],"version-history":[{"count":0,"href":"https:\/\/guialimeira.com.br\/news\/wp-json\/wp\/v2\/posts\/29446\/revisions"}],"wp:featuredmedia":[{"embeddable":true,"href":"https:\/\/guialimeira.com.br\/news\/wp-json\/wp\/v2\/media\/29447"}],"wp:attachment":[{"href":"https:\/\/guialimeira.com.br\/news\/wp-json\/wp\/v2\/media?parent=29446"}],"wp:term":[{"taxonomy":"category","embeddable":true,"href":"https:\/\/guialimeira.com.br\/news\/wp-json\/wp\/v2\/categories?post=29446"},{"taxonomy":"post_tag","embeddable":true,"href":"https:\/\/guialimeira.com.br\/news\/wp-json\/wp\/v2\/tags?post=29446"}],"curies":[{"name":"wp","href":"https:\/\/api.w.org\/{rel}","templated":true}]}}