{"id":2944,"date":"2024-04-26T17:46:52","date_gmt":"2024-04-26T20:46:52","guid":{"rendered":"https:\/\/guialimeira.com.br\/2024\/04\/26\/botion-fala-em-nome-de-prefeitos-em-anuncio-de-tarcisio-sobre-moradias\/"},"modified":"2024-04-26T17:46:52","modified_gmt":"2024-04-26T20:46:52","slug":"botion-fala-em-nome-de-prefeitos-em-anuncio-de-tarcisio-sobre-moradias","status":"publish","type":"post","link":"https:\/\/guialimeira.com.br\/news\/botion-fala-em-nome-de-prefeitos-em-anuncio-de-tarcisio-sobre-moradias\/","title":{"rendered":"Botion fala em nome de prefeitos em an\u00fancio de Tarc\u00edsio sobre moradias"},"content":{"rendered":"<p> <br \/>\n<\/p>\n<div>\n            <main class=\"\">&#13;<br \/>\n                &#13;<br \/>\n&#13;<br \/>\n&#13;<br \/>\n&#13;<br \/>\n    <img data-recalc-dims=\"1\" decoding=\"async\" src=\"https:\/\/i0.wp.com\/ecrie.com.br\/sistema\/conteudos\/imagem\/m_137_0_6_26042024170352.jpg?w=696&#038;ssl=1\" alt=\"Botion fala em nome de prefeitos em an\u00fancio de Tarc\u00edsio sobre moradias\"\/>&#13;<br \/>\n&#13;<\/p>\n<p><span style=\"font-family: Arial, sans-serif;\">O governador Tarc\u00edsio de Freitas lan\u00e7ou, na manha desta sexta-feira (26), no Pal\u00e1cio dos Bandeirantes, um pacote de medidas para viabilizar a constru\u00e7\u00e3o de 43.756 novas moradias em 231 munic\u00edpios do Estado. O investimento previsto \u00e9 de R$ 5,26 bilh\u00f5es, entre contrata\u00e7\u00f5es diretas e aporte de subs\u00eddio para a iniciativa privada. Limeira \u00e9 uma das cidades mais contempladas pelo an\u00fancio, pois receber\u00e1 360 unidades. <br \/>O prefeito Mario Botion foi respons\u00e1vel por falar em nome dos prefeitos presentes na solenidade. Inicialmente, ele parabenizou o governador Tarc\u00edsio e tamb\u00e9m fez men\u00e7\u00e3o \u00e0s demais autoridades integrantes da mesa, os secret\u00e1rios estaduais Marcelo Branco (Desenvolvimento Urbano e Habita\u00e7\u00e3o), Gilberto Kassab (Governo e Rela\u00e7\u00f5es Institucionais) e Guilherme Afif Domingos (Projetos Estrat\u00e9gicos) e o presidente da Assembleia Legislativa, o deputado estadual Andr\u00e9 do Prado. <br \/>A primeira-dama e presidente do Fundo Social, Roberta Botion, e a vice-prefeita, Erika Tank, acompanharam Botion no evento no Pal\u00e1cio dos Bandeirantes. \u201cO an\u00fancio representa mais uma conquista importante para Limeira em consequ\u00eancia da nossa parceria com o governador Tarc\u00edsio\u201d, declarou Roberta. <br \/>Erika Tank destacou a quest\u00e3o social com o an\u00fancio das unidades habitacionais para Limeira. \u201cS\u00e3o mais 360 fam\u00edlias que ter\u00e3o a conquista do sonho da casa pr\u00f3pria\u201d, afirmou Erika. <\/span><\/p>\n<p><strong>QUALIDADE DE VIDA<\/strong><br \/>Botion afirmou ser uma honra falar em nome dos prefeitos. Na sequ\u00eancia, lembrou dos servi\u00e7os que as administra\u00e7\u00f5es municipais prestam para o cidad\u00e3o, como nas \u00e1reas de sa\u00fade, educa\u00e7\u00e3o, cultura, esportes e infraestrutura. Enfatizou, por\u00e9m, a import\u00e2ncia da quest\u00e3o da moradia. \u201cO fato de a fam\u00edlia ter seu teto representa um avan\u00e7o na qualidade de vida\u201d, opinou. Ele citou o trabalho desenvolvido em Limeira na \u00e1rea habitacional, mas observou a necessidade da ajuda do Estado nesta quest\u00e3o. <br \/>Das 360 unidades anunciadas para Limeira, 200 ser\u00e3o moradias constru\u00eddas pela CDHU (\u00f3rg\u00e3o habitacional do Estado) no empreendimento do munic\u00edpio denominado de Monte Sinai, na regi\u00e3o do Geada, enquanto as outras 160 unidades ser\u00e3o subs\u00eddios do Estado para financiamentos de unidades habitacionais constru\u00eddas pela iniciativa privada. <\/p>\n<p>&#13;<br \/>\n&#13;<br \/>\n    &#13;<br \/>\n    &#13;<br \/>\n&#13;<br \/>\n&#13;<\/p>\n<aside class=\"list-related no-print\">&#13;<br \/>\n        &#13;<br \/>\n&#13;<\/p>\n<article class=\"list-item noticias \">&#13;<br \/>\n                    <a class=\"list-item__img\" href=\"https:\/\/limeira.sp.gov.br\/imprensa\/noticias\/gabinete-do-prefeito\/limeira-conquista-8-lugar-nos-jogos-da-melhor-idade-etapa-casa-branca\" tabindex=\"-1\" aria-hidden=\"true\" rel=\"noopener\">&#13;<br \/>\n                        <img data-recalc-dims=\"1\" decoding=\"async\" src=\"https:\/\/i0.wp.com\/ecrie.com.br\/sistema\/conteudos\/imagem\/m_137_0_1_25042024145341.jpg?w=696&#038;ssl=1\" alt=\"Limeira conquista 8\u00ba lugar nos Jogos da Melhor Idade, etapa Casa Branca\"\/>&#13;<br \/>\n                    <\/a>&#13;<br \/>\n&#13;<br \/>\n                &#13;<br \/>\n            <\/article>\n<p>&#13;<\/p>\n<article class=\"list-item noticias \">&#13;<br \/>\n                    <a class=\"list-item__img\" href=\"https:\/\/limeira.sp.gov.br\/imprensa\/noticias\/gabinete-do-prefeito\/erika-tank-fala-na-abertura-do-3-empreenda-limeira\" tabindex=\"-1\" aria-hidden=\"true\" rel=\"noopener\">&#13;<br \/>\n                        <img data-recalc-dims=\"1\" decoding=\"async\" src=\"https:\/\/i0.wp.com\/ecrie.com.br\/sistema\/conteudos\/imagem\/m_137_0_1_23042024172801.jpg?w=696&#038;ssl=1\" alt=\"Erika Tank participa de abertura do 3\u00b0 Empreenda Limeira\"\/>&#13;<br \/>\n                    <\/a>&#13;<br \/>\n&#13;<br \/>\n                &#13;<br \/>\n            <\/article>\n<p>&#13;<\/p>\n<article class=\"list-item noticias \">&#13;<br \/>\n                    <a class=\"list-item__img\" href=\"https:\/\/limeira.sp.gov.br\/imprensa\/noticias\/gabinete-do-prefeito\/comerciantes-aprovam-feira-livre-noturna-proxima-edicao-e-nesta-terca-23\" tabindex=\"-1\" aria-hidden=\"true\" rel=\"noopener\">&#13;<br \/>\n                        <img data-recalc-dims=\"1\" decoding=\"async\" src=\"https:\/\/i0.wp.com\/ecrie.com.br\/sistema\/conteudos\/imagem\/m_137_0_1_22042024162229.jpg?w=696&#038;ssl=1\" alt=\"Comerciantes aprovam Feira Livre Noturna; pr\u00f3xima edi\u00e7\u00e3o \u00e9 nesta ter\u00e7a (23)\"\/>&#13;<br \/>\n                    <\/a>&#13;<br \/>\n&#13;<br \/>\n                &#13;<br \/>\n            <\/article>\n<p>&#13;<br \/>\n    <\/aside>\n<p>&#13;<br \/>\n&#13;<br \/>\n            <\/main><\/p><\/div>\n<p><br \/>\n<br \/><a href=\"https:\/\/limeira.sp.gov.br\/botion-fala-em-nome-de-prefeitos-em-anuncio-de-tarcisio-sobre-moradias\" rel=\"noopener\">Informa\u00e7\u00f5es da PML <\/a><\/p>\n","protected":false},"excerpt":{"rendered":"<p>&#13; &#13; &#13; &#13; &#13; &#13; &#13; O governador Tarc\u00edsio de Freitas lan\u00e7ou, na manha desta sexta-feira (26), no Pal\u00e1cio dos Bandeirantes, um pacote de medidas para viabilizar a constru\u00e7\u00e3o de 43.756 novas moradias em 231 munic\u00edpios do Estado. O investimento previsto \u00e9 de R$ 5,26 bilh\u00f5es, entre contrata\u00e7\u00f5es diretas e aporte de subs\u00eddio para [&hellip;]<\/p>\n","protected":false},"author":1,"featured_media":2945,"comment_status":"open","ping_status":"open","sticky":false,"template":"","format":"standard","meta":{"_jetpack_newsletter_access":"","_jetpack_dont_email_post_to_subs":false,"_jetpack_newsletter_tier_id":0,"_jetpack_memberships_contains_paywalled_content":false,"_mbp_banners":[],"_jetpack_feature_clip_id":0,"_jetpack_memberships_contains_paid_content":false,"footnotes":"","jetpack_publicize_message":"","jetpack_publicize_feature_enabled":true,"jetpack_social_post_already_shared":true,"jetpack_social_options":{"image_generator_settings":{"template":"highway","default_image_id":0,"font":"","enabled":false},"version":2},"jetpack_post_was_ever_published":false},"categories":[16],"tags":[],"class_list":["post-2944","post","type-post","status-publish","format-standard","has-post-thumbnail","category-local"],"jetpack_publicize_connections":[],"jetpack-related-posts":[],"jetpack_shortlink":"https:\/\/wp.me\/p7Eq1F-Lu","jetpack_sharing_enabled":true,"jetpack_featured_media_url":"https:\/\/i0.wp.com\/guialimeira.com.br\/news\/wp-content\/uploads\/2024\/04\/m_137_0_6_26042024170352.jpg?fit=799%2C534&ssl=1","_links":{"self":[{"href":"https:\/\/guialimeira.com.br\/news\/wp-json\/wp\/v2\/posts\/2944","targetHints":{"allow":["GET"]}}],"collection":[{"href":"https:\/\/guialimeira.com.br\/news\/wp-json\/wp\/v2\/posts"}],"about":[{"href":"https:\/\/guialimeira.com.br\/news\/wp-json\/wp\/v2\/types\/post"}],"author":[{"embeddable":true,"href":"https:\/\/guialimeira.com.br\/news\/wp-json\/wp\/v2\/users\/1"}],"replies":[{"embeddable":true,"href":"https:\/\/guialimeira.com.br\/news\/wp-json\/wp\/v2\/comments?post=2944"}],"version-history":[{"count":0,"href":"https:\/\/guialimeira.com.br\/news\/wp-json\/wp\/v2\/posts\/2944\/revisions"}],"wp:featuredmedia":[{"embeddable":true,"href":"https:\/\/guialimeira.com.br\/news\/wp-json\/wp\/v2\/media\/2945"}],"wp:attachment":[{"href":"https:\/\/guialimeira.com.br\/news\/wp-json\/wp\/v2\/media?parent=2944"}],"wp:term":[{"taxonomy":"category","embeddable":true,"href":"https:\/\/guialimeira.com.br\/news\/wp-json\/wp\/v2\/categories?post=2944"},{"taxonomy":"post_tag","embeddable":true,"href":"https:\/\/guialimeira.com.br\/news\/wp-json\/wp\/v2\/tags?post=2944"}],"curies":[{"name":"wp","href":"https:\/\/api.w.org\/{rel}","templated":true}]}}