{"id":29431,"date":"2025-04-04T23:44:46","date_gmt":"2025-04-05T02:44:46","guid":{"rendered":"https:\/\/guialimeira.com.br\/2025\/04\/04\/vendas-do-varejo-em-sao-paulo-tem-alta-de-99-em-janeiro\/"},"modified":"2025-04-04T23:44:46","modified_gmt":"2025-04-05T02:44:46","slug":"vendas-do-varejo-em-sao-paulo-tem-alta-de-99-em-janeiro","status":"publish","type":"post","link":"https:\/\/guialimeira.com.br\/news\/vendas-do-varejo-em-sao-paulo-tem-alta-de-99-em-janeiro\/","title":{"rendered":"Vendas do varejo em S\u00e3o Paulo t\u00eam alta de 9,9% em janeiro"},"content":{"rendered":"<p> <br \/>\n<\/p>\n<div>\n<p><strong>O faturamento do com\u00e9rcio varejista do estado de S\u00e3o Paulo atingiu, em janeiro, R$ 116,7 bilh\u00f5es, 9,9% acima do apurado no mesmo m\u00eas de 2024. <\/strong><img data-recalc-dims=\"1\" decoding=\"async\" src=\"https:\/\/i0.wp.com\/agenciabrasil.ebc.com.br\/ebc.png?w=696&#038;ssl=1\" style=\"width:1px; height:1px; display:inline;\"\/><img data-recalc-dims=\"1\" decoding=\"async\" src=\"https:\/\/i0.wp.com\/agenciabrasil.ebc.com.br\/ebc.gif?w=696&#038;ssl=1\" style=\"width:1px; height:1px; display:inline;\"\/><\/p>\n<p><strong>Essa \u00e9 a maior cifra do setor para janeiro desde 2008.<\/strong>\u00a0<\/p>\n<p>Os dados s\u00e3o da <a href=\"https:\/\/www.fecomercio.com.br\/pesquisas\/indice\/pccv\" rel=\"noopener\">Pesquisa Conjuntural do Com\u00e9rcio Varejista (PCCV)<\/a>, elaborada mensalmente pela Federa\u00e7\u00e3o do Com\u00e9rcio de Bens, Servi\u00e7os e Turismo do Estado de S\u00e3o Paulo (FecomercioSP) em parceria com a Secretaria da Fazenda do Estado de S\u00e3o Paulo (Sefaz-SP).<\/p>\n<p>Segundo a FecomercioSP, <strong>o bom desempenho do com\u00e9rcio no in\u00edcio do ano \u00e9 reflexo do <a href=\"http:\/\/agenciabrasil.ebc.com.br\/economia\/noticia\/2025-02\/brasil-criou-1373-mil-postos-formais-de-trabalho-em-janeiro\" rel=\"noopener\">mercado de trabalho aquecido<\/a>, que aumenta o contingente de pessoas com capacidade de consumir.<\/strong>\u00a0<\/p>\n<blockquote>\n<p>\u201cEm uma conjuntura macroecon\u00f4mica marcada por infla\u00e7\u00e3o acima do teto da meta e juros elevados, a expectativa da entidade \u00e9 de desacelera\u00e7\u00e3o a partir do segundo trimestre\u201d, destacou a entidade, em nota.\u00a0<\/p>\n<\/blockquote>\n<h2>Segmentos<\/h2>\n<p><strong>Os principais aumentos de faturamento ocorreram nas seguintes atividades:<\/strong><\/p>\n<ul>\n<li>Lojas de vestu\u00e1rio, tecidos e cal\u00e7ados (13,4%)<\/li>\n<li>Autope\u00e7as e acess\u00f3rios (13,3%)<\/li>\n<li>Farm\u00e1cias e perfumarias (12,1%)<\/li>\n<li>Concession\u00e1rias de ve\u00edculos (10,5%)<\/li>\n<li>Supermercados (9,7%)<\/li>\n<li>Lojas de eletrodom\u00e9sticos, eletr\u00f4nicos e lojas de departamentos (8,1%)<\/li>\n<li>Materiais de constru\u00e7\u00e3o (5,1%)<\/li>\n<\/ul>\n<p>      <!-- Relacionada --><\/p>\n<p>            <!-- Relacionada -->\n    <\/div>\n<p><br \/>\n<br \/><a href=\"https:\/\/agenciabrasil.ebc.com.br\/economia\/noticia\/2025-04\/vendas-do-varejo-em-sao-paulo-tem-alta-de-99-em-janeiro\" rel=\"noopener\">Ag\u00eancia Brasil<\/a><\/p>\n","protected":false},"excerpt":{"rendered":"<p>O faturamento do com\u00e9rcio varejista do estado de S\u00e3o Paulo atingiu, em janeiro, R$ 116,7 bilh\u00f5es, 9,9% acima do apurado no mesmo m\u00eas de 2024. Essa \u00e9 a maior cifra do setor para janeiro desde 2008.\u00a0 Os dados s\u00e3o da Pesquisa Conjuntural do Com\u00e9rcio Varejista (PCCV), elaborada mensalmente pela Federa\u00e7\u00e3o do Com\u00e9rcio de Bens, Servi\u00e7os [&hellip;]<\/p>\n","protected":false},"author":1,"featured_media":26119,"comment_status":"open","ping_status":"open","sticky":false,"template":"","format":"standard","meta":{"_jetpack_newsletter_access":"","_jetpack_dont_email_post_to_subs":false,"_jetpack_newsletter_tier_id":0,"_jetpack_memberships_contains_paywalled_content":false,"_mbp_banners":[],"_jetpack_feature_clip_id":0,"_jetpack_memberships_contains_paid_content":false,"footnotes":"","jetpack_publicize_message":"","jetpack_publicize_feature_enabled":true,"jetpack_social_post_already_shared":true,"jetpack_social_options":{"image_generator_settings":{"template":"highway","default_image_id":0,"font":"","enabled":false},"version":2},"jetpack_post_was_ever_published":false},"categories":[24],"tags":[],"class_list":["post-29431","post","type-post","status-publish","format-standard","has-post-thumbnail","category-economia"],"jetpack_publicize_connections":[],"jetpack-related-posts":[],"jetpack_shortlink":"https:\/\/wp.me\/p7Eq1F-7EH","jetpack_sharing_enabled":true,"jetpack_featured_media_url":"https:\/\/i0.wp.com\/guialimeira.com.br\/news\/wp-content\/uploads\/2025\/03\/trbr0763_0.jpg?fit=1600%2C800&ssl=1","_links":{"self":[{"href":"https:\/\/guialimeira.com.br\/news\/wp-json\/wp\/v2\/posts\/29431","targetHints":{"allow":["GET"]}}],"collection":[{"href":"https:\/\/guialimeira.com.br\/news\/wp-json\/wp\/v2\/posts"}],"about":[{"href":"https:\/\/guialimeira.com.br\/news\/wp-json\/wp\/v2\/types\/post"}],"author":[{"embeddable":true,"href":"https:\/\/guialimeira.com.br\/news\/wp-json\/wp\/v2\/users\/1"}],"replies":[{"embeddable":true,"href":"https:\/\/guialimeira.com.br\/news\/wp-json\/wp\/v2\/comments?post=29431"}],"version-history":[{"count":0,"href":"https:\/\/guialimeira.com.br\/news\/wp-json\/wp\/v2\/posts\/29431\/revisions"}],"wp:featuredmedia":[{"embeddable":true,"href":"https:\/\/guialimeira.com.br\/news\/wp-json\/wp\/v2\/media\/26119"}],"wp:attachment":[{"href":"https:\/\/guialimeira.com.br\/news\/wp-json\/wp\/v2\/media?parent=29431"}],"wp:term":[{"taxonomy":"category","embeddable":true,"href":"https:\/\/guialimeira.com.br\/news\/wp-json\/wp\/v2\/categories?post=29431"},{"taxonomy":"post_tag","embeddable":true,"href":"https:\/\/guialimeira.com.br\/news\/wp-json\/wp\/v2\/tags?post=29431"}],"curies":[{"name":"wp","href":"https:\/\/api.w.org\/{rel}","templated":true}]}}