{"id":29423,"date":"2025-04-04T21:58:31","date_gmt":"2025-04-05T00:58:31","guid":{"rendered":"https:\/\/guialimeira.com.br\/?p=29423"},"modified":"2025-04-04T21:58:31","modified_gmt":"2025-04-05T00:58:31","slug":"raoni-recebe-medalha-de-lula-e-alerta-sobre-exploracao-de-petroleo","status":"publish","type":"post","link":"https:\/\/guialimeira.com.br\/news\/raoni-recebe-medalha-de-lula-e-alerta-sobre-exploracao-de-petroleo\/","title":{"rendered":"Raoni recebe medalha de Lula e alerta sobre explora\u00e7\u00e3o de petr\u00f3leo"},"content":{"rendered":"\n<figure class=\"wp-block-gallery has-nested-images columns-default is-cropped wp-block-gallery-1 is-layout-flex wp-block-gallery-is-layout-flex\">\n<figure class=\"wp-block-image size-large\"><\/figure>\n\t\t\t\t\t\n<figure class=\"wp-block-image size-large\"><img loading=\"lazy\" decoding=\"async\" width=\"1\" height=\"1\" data-attachment-id=\"29422\" data-permalink=\"https:\/\/guialimeira.com.br\/news\/raoni-recebe-medalha-de-lula-e-alerta-sobre-exploracao-de-2\/\" data-orig-file=\"https:\/\/i0.wp.com\/guialimeira.com.br\/news\/wp-content\/uploads\/2025\/04\/1743814708_731_ebc.gif?fit=1%2C1&amp;ssl=1\" data-orig-size=\"1,1\" data-comments-opened=\"1\" data-image-meta=\"{&quot;aperture&quot;:&quot;0&quot;,&quot;credit&quot;:&quot;&quot;,&quot;camera&quot;:&quot;&quot;,&quot;caption&quot;:&quot;&quot;,&quot;created_timestamp&quot;:&quot;0&quot;,&quot;copyright&quot;:&quot;&quot;,&quot;focal_length&quot;:&quot;0&quot;,&quot;iso&quot;:&quot;0&quot;,&quot;shutter_speed&quot;:&quot;0&quot;,&quot;title&quot;:&quot;&quot;,&quot;orientation&quot;:&quot;0&quot;}\" data-image-title=\"Raoni recebe medalha de Lula e alerta sobre explora\u00e7\u00e3o de\" data-image-description=\"\" data-image-caption=\"\" data-large-file=\"https:\/\/i0.wp.com\/guialimeira.com.br\/news\/wp-content\/uploads\/2025\/04\/1743814708_731_ebc.gif?fit=1%2C1&amp;ssl=1\" data-id=\"29422\" src=\"https:\/\/i0.wp.com\/guialimeira.com.br\/wp-content\/uploads\/2025\/04\/1743814708_731_ebc.gif?resize=1%2C1&amp;ssl=1\" alt=\"\" class=\"wp-image-29422\" \/><\/figure>\n\t\t\t\t\t<\/figure>\n \r\n<br><div>\n                    <p>Em uma visita hist\u00f3rica, o presidente Luiz In\u00e1cio Lula da Silva se reuniu nesta sexta-feira (4), na Aldeia Piara\u00e7u, Terra Ind\u00edgena Capoto-Jarina, no Mato Grosso, com o cacique Raoni Metuktire, do Povo Kaiap\u00f3, uma das mais importantes e reconhecidas lideran\u00e7as ind\u00edgenas do planeta. Na ocasi\u00e3o, <strong>o presidente condecorou Raoni, que tem 93 anos, com a Gr\u00e3-Cruz da Ordem Nacional do M\u00e9rito, maior honraria do Estado brasileiro, em reconhecimento \u00e0s realiza\u00e7\u00f5es do l\u00edder ind\u00edgena em favor dos povos origin\u00e1rios e da prote\u00e7\u00e3o do meio ambiente.<\/strong><img data-recalc-dims=\"1\" decoding=\"async\" src=\"https:\/\/i0.wp.com\/guialimeira.com.br\/wp-content\/uploads\/2025\/04\/1743814708_324_ebc.png?w=696&#038;ssl=1\" style=\"width:1px;height:1px\" \/><img data-recalc-dims=\"1\" decoding=\"async\" src=\"https:\/\/i0.wp.com\/guialimeira.com.br\/wp-content\/uploads\/2025\/04\/1743814708_731_ebc.gif?w=696&#038;ssl=1\" style=\"width:1px;height:1px\" \/><\/p>\n\n<blockquote>\n<p>&#8220;Raoni \u00e9 uma lideran\u00e7a que inspira paz, sabedoria ancestral e profundo conhecimento sobre as necessidades da terra\u00a0e a rela\u00e7\u00e3o do homem com a natureza. Por isso mesmo, atrai aten\u00e7\u00e3o e apre\u00e7o de tanta gente em todo mundo, an\u00f4nimos, intelectuais, celebridades nacionais e internacionais&#8221;, afirmou Lula.<\/p>\n<\/blockquote>\n\n<p>O presidente se reuniu com Raoni e outros caciques ind\u00edgenas de diferentes etnias que tamb\u00e9m vivem no Parque Nacional do Xingu.<\/p>\n\n<p>&#8220;Hoje \u00e9 um dia de homenagem, mas tamb\u00e9m de escuta das demandas de voc\u00eas e encaminhamento das solu\u00e7\u00f5es. Somos um governo que respeita\u00a0os povos ind\u00edgenas, reconhece seus direitos e trabalha dia e noite, noite e dia, para que eles sejam assegurados&#8221;, acrescentou o presidente.<\/p>\n\n<p>Em seu discurso, <strong>cacique Raoni enalteceu o compromisso de Lula com os povos ind\u00edgenas<\/strong> e pediu que o presidente trabalhe um sucessor que d\u00ea continuidade \u00e0s pol\u00edticas indigenistas do governo.<\/p>\n\n<p>&#8220;Eu quero pedir para o senhor pensar no seu sucessor, que tem que ser o pr\u00f3ximo presidente, para continuar sua forma de trabalho, e defender nossos ind\u00edgenas e territ\u00f3rios&#8221;, afirmou.<\/p>\n\n<p><strong>Raoni tamb\u00e9m aproveitou a oportunidade para criticar a possibilidade da explora\u00e7\u00e3o de petr\u00f3leo na Margem Equatorial<\/strong>, regi\u00e3o mar\u00edtima do estado do Amap\u00e1 a 550 quil\u00f4metros da Foz do Rio Amazonas.<\/p>\n\n<p>Como paj\u00e9, Raoni falou sobre advert\u00eancia espiritual que tem recebido acerca dos riscos da explora\u00e7\u00e3o. A iniciativa na Marquem Equatorial \u00e9 criticada por ambientalistas e ind\u00edgenas, mas conta com autoriza\u00e7\u00f5es preliminares do Instituto Brasileiro do\u00a0Meio Ambiente e dos Recursos Naturais Renov\u00e1veis (Ibama) em favor da Petrobras.<\/p>\n\n<p>&#8220;Eu estou sabendo que l\u00e1 na Foz do Rio Amazonas, o senhor est\u00e1 pensando no petr\u00f3leo debaixo do fundo do mar. Eu penso que n\u00e3o [\u00e9 adequado]. Essas coisas, na forma como est\u00e3o, garantem que a gente tenha o meio ambiente e a Terra com menos polui\u00e7\u00e3o e menos aquecimento. Se isso acontecer [explora\u00e7\u00e3o do petr\u00f3leo], eu sou paj\u00e9 tamb\u00e9m, eu j\u00e1 tive contato com esp\u00edritos que sabem do risco que a gente tem de continuar trabalhando dessa forma, de destruir, destruir e destruir, com consequ\u00eancias muito grandes que n\u00e3o conseguiremos parar&#8221;, alertou.<\/p>\n\n<p>Tamb\u00e9m presente ao evento na Aldeia Piara\u00e7u, a <strong>ministra dos Povos Ind\u00edgenas, S\u00f4nia Guajajara, destacou que o atual governo assinou\u00a013 decreta\u00e7\u00f5es de terras ind\u00edgenas e emitiu 11 novas portarias declarat\u00f3rias<\/strong>, avan\u00e7ando em procedimentos de demarca\u00e7\u00e3o.<\/p>\n\n<blockquote>\n<p>&#8220;N\u00f3s estamos fazendo um trabalho de fazer as pessoas entenderem o papel que os povos ind\u00edgenas e seus territ\u00f3rios exercem para o Brasil e para o mundo. Por isso, a gente segue com a nossa bandeira de luta maior, que \u00e9 a demarca\u00e7\u00e3o das terras ind\u00edgenas&#8221;, afirmou.<\/p>\n<\/blockquote>\n\n<p>O convite para a visita ao territ\u00f3rio foi feito no m\u00eas passado, quando o presidente recebeu lideran\u00e7as da regi\u00e3o no Pal\u00e1cio da Alvorada.<\/p>\n\n<p>O Parque Nacional Ind\u00edgena do Xingu ocupa uma \u00e1rea de mais de 2,6 milh\u00f5es de hectares, em uma zona de transi\u00e7\u00e3o entre o Cerrado e a Amaz\u00f4nia, onde vivem mais de 5,5 mil ind\u00edgenas de diferentes etnias e territ\u00f3rios: Yawalapiti, Aweti, Ikpeng, Kaiabi, Kalapalo, Kamaiur\u00e1, K\u0129s\u00eadj\u00ea, Kuikuro, Matipu, Mehinako, Nahuku\u00e1, Naruvotu, Wauja, Tapayuna, Trumai e Yudja.\u00a0<\/p>\n\n      <!-- Relacionada -->\n              \n            <!-- Relacionada -->\n    <\/div>\r\n<br>\r\n<br><a href=\"https:\/\/agenciabrasil.ebc.com.br\/politica\/noticia\/2025-04\/raoni-recebe-medalha-de-lula-e-alerta-sobre-exploracao-de-petroleo\" rel=\"noopener\">Ag\u00eancia Brasil<\/a>","protected":false},"excerpt":{"rendered":"<p>Em uma visita hist\u00f3rica, o presidente Luiz In\u00e1cio Lula da Silva se reuniu nesta sexta-feira (4), na Aldeia Piara\u00e7u, Terra Ind\u00edgena Capoto-Jarina, no Mato Grosso, com o cacique Raoni Metuktire, do Povo Kaiap\u00f3, uma das mais importantes e reconhecidas lideran\u00e7as ind\u00edgenas do planeta. Na ocasi\u00e3o, o presidente condecorou Raoni, que tem 93 anos, com a [&hellip;]<\/p>\n","protected":false},"author":1,"featured_media":29424,"comment_status":"open","ping_status":"open","sticky":false,"template":"","format":"standard","meta":{"_jetpack_newsletter_access":"","_jetpack_dont_email_post_to_subs":false,"_jetpack_newsletter_tier_id":0,"_jetpack_memberships_contains_paywalled_content":false,"_mbp_banners":[],"_jetpack_feature_clip_id":0,"_jetpack_memberships_contains_paid_content":false,"footnotes":"","jetpack_publicize_message":"","jetpack_publicize_feature_enabled":true,"jetpack_social_post_already_shared":true,"jetpack_social_options":{"image_generator_settings":{"template":"highway","default_image_id":0,"font":"","enabled":false},"version":2},"jetpack_post_was_ever_published":false},"categories":[19],"tags":[],"class_list":["post-29423","post","type-post","status-publish","format-standard","has-post-thumbnail","category-politica"],"jetpack_publicize_connections":[],"jetpack-related-posts":[],"jetpack_shortlink":"https:\/\/wp.me\/p7Eq1F-7Ez","jetpack_sharing_enabled":true,"jetpack_featured_media_url":"https:\/\/i0.wp.com\/guialimeira.com.br\/news\/wp-content\/uploads\/2025\/04\/Raoni-recebe-medalha-de-Lula-e-alerta-sobre-exploracao-de.jpg?fit=1600%2C800&ssl=1","_links":{"self":[{"href":"https:\/\/guialimeira.com.br\/news\/wp-json\/wp\/v2\/posts\/29423","targetHints":{"allow":["GET"]}}],"collection":[{"href":"https:\/\/guialimeira.com.br\/news\/wp-json\/wp\/v2\/posts"}],"about":[{"href":"https:\/\/guialimeira.com.br\/news\/wp-json\/wp\/v2\/types\/post"}],"author":[{"embeddable":true,"href":"https:\/\/guialimeira.com.br\/news\/wp-json\/wp\/v2\/users\/1"}],"replies":[{"embeddable":true,"href":"https:\/\/guialimeira.com.br\/news\/wp-json\/wp\/v2\/comments?post=29423"}],"version-history":[{"count":1,"href":"https:\/\/guialimeira.com.br\/news\/wp-json\/wp\/v2\/posts\/29423\/revisions"}],"predecessor-version":[{"id":29425,"href":"https:\/\/guialimeira.com.br\/news\/wp-json\/wp\/v2\/posts\/29423\/revisions\/29425"}],"wp:featuredmedia":[{"embeddable":true,"href":"https:\/\/guialimeira.com.br\/news\/wp-json\/wp\/v2\/media\/29424"}],"wp:attachment":[{"href":"https:\/\/guialimeira.com.br\/news\/wp-json\/wp\/v2\/media?parent=29423"}],"wp:term":[{"taxonomy":"category","embeddable":true,"href":"https:\/\/guialimeira.com.br\/news\/wp-json\/wp\/v2\/categories?post=29423"},{"taxonomy":"post_tag","embeddable":true,"href":"https:\/\/guialimeira.com.br\/news\/wp-json\/wp\/v2\/tags?post=29423"}],"curies":[{"name":"wp","href":"https:\/\/api.w.org\/{rel}","templated":true}]}}