{"id":29419,"date":"2025-04-04T21:42:37","date_gmt":"2025-04-05T00:42:37","guid":{"rendered":"https:\/\/guialimeira.com.br\/2025\/04\/04\/cmn-prorroga-financiamentos-do-fundo-constitucional-do-nordeste\/"},"modified":"2025-04-04T21:42:37","modified_gmt":"2025-04-05T00:42:37","slug":"cmn-prorroga-financiamentos-do-fundo-constitucional-do-nordeste","status":"publish","type":"post","link":"https:\/\/guialimeira.com.br\/news\/cmn-prorroga-financiamentos-do-fundo-constitucional-do-nordeste\/","title":{"rendered":"CMN prorroga financiamentos do Fundo Constitucional do Nordeste"},"content":{"rendered":"<p> <br \/>\n<\/p>\n<div>\n<p>A continuidade da seca no semi\u00e1rido nordestino fez o Conselho Monet\u00e1rio Nacional (CMN) estender a prorroga\u00e7\u00e3o de financiamentos do Fundo Constitucional do Nordeste (FNE). <strong>As linhas de cr\u00e9dito concedidas entre 2 de janeiro e 31 de julho de 2022 para\u00a0agricultores familiares, mini e pequenos produtores rurais ser\u00e3o estendidas por 48 meses.<\/strong><img data-recalc-dims=\"1\" decoding=\"async\" src=\"https:\/\/i0.wp.com\/agenciabrasil.ebc.com.br\/ebc.png?w=696&#038;ssl=1\" style=\"width:1px; height:1px; display:inline;\"\/><img data-recalc-dims=\"1\" decoding=\"async\" src=\"https:\/\/i0.wp.com\/agenciabrasil.ebc.com.br\/ebc.gif?w=696&#038;ssl=1\" style=\"width:1px; height:1px; display:inline;\"\/><\/p>\n<p>Haver\u00e1 uma car\u00eancia de 12 meses, com o tomador recome\u00e7ando a pagar as parcelas depois desse prazo. A medida beneficiar\u00e1 as opera\u00e7\u00f5es de cr\u00e9dito de custeio agr\u00edcola e pecu\u00e1rio nos munic\u00edpios da Superintend\u00eancia de Desenvolvimento do Nordeste (Sudene) afetados pela seca.<\/p>\n<p><strong>Os produtores rurais afetados pela seca poder\u00e3o formalizar o pedido de renegocia\u00e7\u00e3o at\u00e9 31 de maio<\/strong>. At\u00e9 a pr\u00f3xima segunda-feira (7), o\u00a0tomador precisar\u00e1 comprovar que tenha sido prejudicado por seca ou estiagem nos munic\u00edpios da Sudene com situa\u00e7\u00e3o de emerg\u00eancia ou estado de calamidade p\u00fablica reconhecidos pelo governo federal.<\/p>\n<p>Em nota, <strong>o Minist\u00e9rio da Fazenda informou que a ajuda foi necess\u00e1ria porque a estiagem prolongou-se no semi\u00e1rido nordestino. <\/strong>Segundo a pasta, o evento clim\u00e1tico dificultou a recupera\u00e7\u00e3o da capacidade de pagamento de v\u00e1rios produtores rurais e agricultores familiares nos munic\u00edpios atendidos pela Sudene.<\/p>\n<p>Como o os financiamentos concedidos em 2022 venceram no primeiro trimestre deste ano, as opera\u00e7\u00f5es de cr\u00e9dito, explicou a Fazenda, n\u00e3o puderam ser renegociadas <a href=\"http:\/\/&lt;https:\/\/agenciabrasil.ebc.com.br\/economia\/noticia\/2025-02\/cmn-prorroga-parcelas-de-credito-rural-afetados-por-seca-no-nordeste\" target=\"_blank\">com base nas ajudas do CMN<\/a> concedidas em fevereiro de 2024 e em fevereiro deste ano.<\/p>\n<p>A medida foi aprovada em reuni\u00e3o extraordin\u00e1ria virtual do CMN nesta sexta. Presidido pelo ministro da Fazenda, Fernando Haddad, o CMN tamb\u00e9m \u00e9 composto pelo presidente do Banco Central, Gabriel Gal\u00edpolo, e pela ministra do Planejamento e Or\u00e7amento, Simone Tebet.<\/p>\n<p>      <!-- Relacionada --><\/p>\n<p>            <!-- Relacionada -->\n    <\/div>\n<p><br \/>\n<br \/><a href=\"https:\/\/agenciabrasil.ebc.com.br\/economia\/noticia\/2025-04\/cmn-prorroga-financiamentos-do-fundo-constitucional-do-nordeste\" rel=\"noopener\">Ag\u00eancia Brasil<\/a><\/p>\n","protected":false},"excerpt":{"rendered":"<p>A continuidade da seca no semi\u00e1rido nordestino fez o Conselho Monet\u00e1rio Nacional (CMN) estender a prorroga\u00e7\u00e3o de financiamentos do Fundo Constitucional do Nordeste (FNE). As linhas de cr\u00e9dito concedidas entre 2 de janeiro e 31 de julho de 2022 para\u00a0agricultores familiares, mini e pequenos produtores rurais ser\u00e3o estendidas por 48 meses. Haver\u00e1 uma car\u00eancia de [&hellip;]<\/p>\n","protected":false},"author":1,"featured_media":29420,"comment_status":"open","ping_status":"open","sticky":false,"template":"","format":"standard","meta":{"_jetpack_newsletter_access":"","_jetpack_dont_email_post_to_subs":false,"_jetpack_newsletter_tier_id":0,"_jetpack_memberships_contains_paywalled_content":false,"_mbp_banners":[],"_jetpack_feature_clip_id":0,"_jetpack_memberships_contains_paid_content":false,"footnotes":"","jetpack_publicize_message":"","jetpack_publicize_feature_enabled":true,"jetpack_social_post_already_shared":true,"jetpack_social_options":{"image_generator_settings":{"template":"highway","default_image_id":0,"font":"","enabled":false},"version":2},"jetpack_post_was_ever_published":false},"categories":[24],"tags":[],"class_list":["post-29419","post","type-post","status-publish","format-standard","has-post-thumbnail","category-economia"],"jetpack_publicize_connections":[],"jetpack-related-posts":[],"jetpack_shortlink":"https:\/\/wp.me\/p7Eq1F-7Ev","jetpack_sharing_enabled":true,"jetpack_featured_media_url":"https:\/\/i0.wp.com\/guialimeira.com.br\/news\/wp-content\/uploads\/2025\/04\/seca1.jpg?fit=1600%2C800&ssl=1","_links":{"self":[{"href":"https:\/\/guialimeira.com.br\/news\/wp-json\/wp\/v2\/posts\/29419","targetHints":{"allow":["GET"]}}],"collection":[{"href":"https:\/\/guialimeira.com.br\/news\/wp-json\/wp\/v2\/posts"}],"about":[{"href":"https:\/\/guialimeira.com.br\/news\/wp-json\/wp\/v2\/types\/post"}],"author":[{"embeddable":true,"href":"https:\/\/guialimeira.com.br\/news\/wp-json\/wp\/v2\/users\/1"}],"replies":[{"embeddable":true,"href":"https:\/\/guialimeira.com.br\/news\/wp-json\/wp\/v2\/comments?post=29419"}],"version-history":[{"count":0,"href":"https:\/\/guialimeira.com.br\/news\/wp-json\/wp\/v2\/posts\/29419\/revisions"}],"wp:featuredmedia":[{"embeddable":true,"href":"https:\/\/guialimeira.com.br\/news\/wp-json\/wp\/v2\/media\/29420"}],"wp:attachment":[{"href":"https:\/\/guialimeira.com.br\/news\/wp-json\/wp\/v2\/media?parent=29419"}],"wp:term":[{"taxonomy":"category","embeddable":true,"href":"https:\/\/guialimeira.com.br\/news\/wp-json\/wp\/v2\/categories?post=29419"},{"taxonomy":"post_tag","embeddable":true,"href":"https:\/\/guialimeira.com.br\/news\/wp-json\/wp\/v2\/tags?post=29419"}],"curies":[{"name":"wp","href":"https:\/\/api.w.org\/{rel}","templated":true}]}}