{"id":29407,"date":"2025-04-04T19:43:45","date_gmt":"2025-04-04T22:43:45","guid":{"rendered":"https:\/\/guialimeira.com.br\/?p=29407"},"modified":"2025-04-04T19:43:45","modified_gmt":"2025-04-04T22:43:45","slug":"poda-e-remocao-de-arvores-sao-temas-de-requerimento-apresentado-por-lu-bogo","status":"publish","type":"post","link":"https:\/\/guialimeira.com.br\/news\/poda-e-remocao-de-arvores-sao-temas-de-requerimento-apresentado-por-lu-bogo\/","title":{"rendered":"Poda e remo\u00e7\u00e3o de \u00e1rvores s\u00e3o temas de requerimento apresentado por Lu Bogo"},"content":{"rendered":"\n<figure class=\"wp-block-gallery has-nested-images columns-default is-cropped wp-block-gallery-1 is-layout-flex wp-block-gallery-is-layout-flex\"><\/figure>\n \r\n<br><img data-recalc-dims=\"1\" decoding=\"async\" src=\"https:\/\/i0.wp.com\/guialimeira.com.br\/wp-content\/uploads\/2025\/04\/2025-04-04_poda-e-remocao-de-arvores-sao-temas-de-requerimento-apresentado-por-lu-bogo_1.jpg?w=696&#038;ssl=1\" \/><br><div>\n\t\t\t\t\t<p>A vereadora Lu Bogo (PL) apresentou o <a href=\"https:\/\/consulta.limeira.sp.leg.br\/Documentos\/Pesquisa?Pesquisa=Avancada&amp;id=79&amp;pagina=1&amp;Modulo=8&amp;Documento=138&amp;Numeracao=Documento&amp;NumeroInicial=147&amp;AnoInicial=2025&amp;DataInicial=&amp;NumeroFinal=&amp;AnoFinal=&amp;DataFinal=&amp;SubTipoId=0&amp;Situacao=0&amp;Classificacao=0&amp;TipoAutor=Todos&amp;AutoriaId=0&amp;Iniciativa=Nenhum&amp;NoTexto=false&amp;Assunto=&amp;Observacoes=\" rel=\"noopener\">Requerimento N\u00b0 147\/25<\/a> referente aos servi\u00e7os de poda e remo\u00e7\u00e3o de \u00e1rvores em Limeira. De acordo com a parlamentar, o objetivo \u00e9 obter informa\u00e7\u00f5es a respeito do protocolo seguido pela Prefeitura sobre o servi\u00e7o de zeladoria urbana; desde o pedido de vistoria de \u00e1rvores at\u00e9 a execu\u00e7\u00e3o do servi\u00e7o de poda ou remo\u00e7\u00e3o, al\u00e9m do planejamento para o plantio de \u00e1rvores em cal\u00e7adas. A propositura foi encaminhada ao Poder Executivo no dia 25 de mar\u00e7o.\u00a0<\/p><p>\u00a0\u201cDiariamente recebemos pedidos de poda ou remo\u00e7\u00e3o de \u00e1rvores. Muitos pedidos s\u00e3o atendidos, por\u00e9m, h\u00e1 grande demora para realiza\u00e7\u00e3o do servi\u00e7o. \u00c9 preciso que seja feita uma for\u00e7a tarefa, um mutir\u00e3o para analisar os pedidos e tamb\u00e9m para realizar os servi\u00e7os. N\u00e3o podemos deixar o mun\u00edcipe esperando quase um ano para ter a sua \u00e1rvore podada ou removida, neste intervalo h\u00e1 risco da \u00e1rvore cair e causar maiores danos\u201d, argumentou Lu Bogo.<\/p><p>A vereadora justificou o pedido enfatizando a import\u00e2ncia de tornar Limeira uma cidade arborizada, trazendo melhorias na qualidade do ar, conforto ambiental, benef\u00edcios diversos para a popula\u00e7\u00e3o e tamb\u00e9m para\u00a0 a fauna local e meio ambiente de maneira geral. \u201cPara termos os benef\u00edcios \u00e9 preciso que as \u00e1rvores estejam saud\u00e1veis, bem cuidadas e que n\u00e3o tragam risco \u00e0 popula\u00e7\u00e3o. Que seja feito um mutir\u00e3o de vistoria t\u00e9cnica e tamb\u00e9m para a realiza\u00e7\u00e3o dos servi\u00e7os\u201d, ressaltou a parlamentar.\u00a0<\/p><p>O requerimento tamb\u00e9m questiona a respeito do planejamento para o plantio de \u00e1rvores em cal\u00e7adas.\u00a0<\/p><p>Lu Bogo ainda ressaltou que por meio de mutir\u00f5es realizados para verificar a sa\u00fade das \u00e1rvores e realiza\u00e7\u00e3o dos servi\u00e7os \u00e9 poss\u00edvel que profissionais da \u00e1rea incentivem a popula\u00e7\u00e3o pela necessidade de plantar \u00e1rvores, al\u00e9m da import\u00e2ncia de informar sobre os benef\u00edcios e orientar para que sejam plantadas \u00e1rvores que n\u00e3o danifiquem as cal\u00e7adas e a rede el\u00e9trica.<\/p><p><i>Do Gabinete Parlamentar \u2013 Vereadora Lu Bogo (PL)<\/i><\/p><p><strong>As mat\u00e9rias de origem dos Gabinetes Parlamentares s\u00e3o de inteira\u00a0 responsabilidade dos parlamentares e de suas assessorias. S\u00e3o devidamente assinadas e n\u00e3o refletem, necessariamente, a opini\u00e3o institucional da C\u00e2mara Municipal de Limeira.<\/strong><\/p>\t\t\t\t<\/div>\r\n<br>\r\n<br><a href=\"https:\/\/www.limeira.sp.leg.br\/noticias\/view\/2025-04-04_poda-e-remocao-de-arvores-sao-temas-de-requerimento-apresentado-por-lu-bogo\" rel=\"noopener\">Informa\u00e7\u00f5es CML <\/a>","protected":false},"excerpt":{"rendered":"<p>A vereadora Lu Bogo (PL) apresentou o Requerimento N\u00b0 147\/25 referente aos servi\u00e7os de poda e remo\u00e7\u00e3o de \u00e1rvores em Limeira. De acordo com a parlamentar, o objetivo \u00e9 obter informa\u00e7\u00f5es a respeito do protocolo seguido pela Prefeitura sobre o servi\u00e7o de zeladoria urbana; desde o pedido de vistoria de \u00e1rvores at\u00e9 a execu\u00e7\u00e3o do [&hellip;]<\/p>\n","protected":false},"author":1,"featured_media":29408,"comment_status":"open","ping_status":"open","sticky":false,"template":"","format":"standard","meta":{"_jetpack_newsletter_access":"","_jetpack_dont_email_post_to_subs":false,"_jetpack_newsletter_tier_id":0,"_jetpack_memberships_contains_paywalled_content":false,"_mbp_banners":[],"_jetpack_feature_clip_id":0,"_jetpack_memberships_contains_paid_content":false,"footnotes":"","jetpack_publicize_message":"","jetpack_publicize_feature_enabled":true,"jetpack_social_post_already_shared":true,"jetpack_social_options":{"image_generator_settings":{"template":"highway","default_image_id":0,"font":"","enabled":false},"version":2},"jetpack_post_was_ever_published":false},"categories":[19],"tags":[],"class_list":["post-29407","post","type-post","status-publish","format-standard","has-post-thumbnail","category-politica"],"jetpack_publicize_connections":[],"jetpack-related-posts":[],"jetpack_shortlink":"https:\/\/wp.me\/p7Eq1F-7Ej","jetpack_sharing_enabled":true,"jetpack_featured_media_url":"https:\/\/i0.wp.com\/guialimeira.com.br\/news\/wp-content\/uploads\/2025\/04\/Poda-e-remocao-de-arvores-sao-temas-de-requerimento-apresentado.jpg?fit=1280%2C640&ssl=1","_links":{"self":[{"href":"https:\/\/guialimeira.com.br\/news\/wp-json\/wp\/v2\/posts\/29407","targetHints":{"allow":["GET"]}}],"collection":[{"href":"https:\/\/guialimeira.com.br\/news\/wp-json\/wp\/v2\/posts"}],"about":[{"href":"https:\/\/guialimeira.com.br\/news\/wp-json\/wp\/v2\/types\/post"}],"author":[{"embeddable":true,"href":"https:\/\/guialimeira.com.br\/news\/wp-json\/wp\/v2\/users\/1"}],"replies":[{"embeddable":true,"href":"https:\/\/guialimeira.com.br\/news\/wp-json\/wp\/v2\/comments?post=29407"}],"version-history":[{"count":1,"href":"https:\/\/guialimeira.com.br\/news\/wp-json\/wp\/v2\/posts\/29407\/revisions"}],"predecessor-version":[{"id":29409,"href":"https:\/\/guialimeira.com.br\/news\/wp-json\/wp\/v2\/posts\/29407\/revisions\/29409"}],"wp:featuredmedia":[{"embeddable":true,"href":"https:\/\/guialimeira.com.br\/news\/wp-json\/wp\/v2\/media\/29408"}],"wp:attachment":[{"href":"https:\/\/guialimeira.com.br\/news\/wp-json\/wp\/v2\/media?parent=29407"}],"wp:term":[{"taxonomy":"category","embeddable":true,"href":"https:\/\/guialimeira.com.br\/news\/wp-json\/wp\/v2\/categories?post=29407"},{"taxonomy":"post_tag","embeddable":true,"href":"https:\/\/guialimeira.com.br\/news\/wp-json\/wp\/v2\/tags?post=29407"}],"curies":[{"name":"wp","href":"https:\/\/api.w.org\/{rel}","templated":true}]}}