{"id":29391,"date":"2025-04-04T18:39:06","date_gmt":"2025-04-04T21:39:06","guid":{"rendered":"https:\/\/guialimeira.com.br\/2025\/04\/04\/receita-recebe-mais-de-8-milhoes-de-declaracoes-do-ir\/"},"modified":"2025-04-04T18:39:06","modified_gmt":"2025-04-04T21:39:06","slug":"receita-recebe-mais-de-8-milhoes-de-declaracoes-do-ir","status":"publish","type":"post","link":"https:\/\/guialimeira.com.br\/news\/receita-recebe-mais-de-8-milhoes-de-declaracoes-do-ir\/","title":{"rendered":"Receita recebe mais de 8 milh\u00f5es de declara\u00e7\u00f5es do IR"},"content":{"rendered":"<p> <br \/>\n<\/p>\n<div>\n<p><strong>Em quase tr\u00eas semanas de entrega, a Receita Federal recebeu 8.202.141 declara\u00e7\u00f5es do Imposto de Renda da Pessoa F\u00edsica (IRPF) de 2025. <\/strong>O n\u00famero, registrado at\u00e9 as 17h desta sexta-feira (31), equivale a 17,75% do total esperado para este ano.<img data-recalc-dims=\"1\" decoding=\"async\" src=\"https:\/\/i0.wp.com\/agenciabrasil.ebc.com.br\/ebc.png?w=696&#038;ssl=1\" style=\"width:1px; height:1px; display:inline;\"\/><img data-recalc-dims=\"1\" decoding=\"async\" src=\"https:\/\/i0.wp.com\/agenciabrasil.ebc.com.br\/ebc.gif?w=696&#038;ssl=1\" style=\"width:1px; height:1px; display:inline;\"\/><\/p>\n<p>Desde o dia 1\u00ba, <a href=\"https:\/\/agenciabrasil.ebc.com.br\/economia\/noticia\/2025-03\/declaracao-pre-preenchida-completa-do-ir-esta-disponivel\" target=\"_blank\" rel=\"noopener\">quando a declara\u00e7\u00e3o pr\u00e9-preenchida<\/a> passou a ser baixada com todos os dados dispon\u00edveis, 2.832.002 contribuintes enviaram o documento. O abastecimento dos dados da declara\u00e7\u00e3o pr\u00e9-preenchida atrasou neste ano por causa da greve dos auditores fiscais da Receita.<\/p>\n<p>O prazo para entregar a declara\u00e7\u00e3o come\u00e7ou em 17 de mar\u00e7o e termina \u00e0s 23h59 do dia de 30 de maio. O programa gerador da declara\u00e7\u00e3o est\u00e1 dispon\u00edvel desde <a href=\"https:\/\/www.gov.br\/receitafederal\/pt-br\" target=\"_blank\" rel=\"noopener\">13 de mar\u00e7o<\/a>.<\/p>\n<p>A Receita Federal espera receber 46,2 milh\u00f5es de declara\u00e7\u00f5es do Imposto de Renda da Pessoa F\u00edsica este ano, o que representar\u00e1 um acr\u00e9scimo de quase 7%, na compara\u00e7\u00e3o com 2024, quando foram entregues 43,2 milh\u00f5es de declara\u00e7\u00f5es.<\/p>\n<p>As pessoas f\u00edsicas que receberam rendimentos tribut\u00e1veis acima de R$ 33.888, assim como aquelas que obtiveram receita bruta da atividade rural acima de R$ 169.440, s\u00e3o obrigadas a declarar. As pessoas que receberam at\u00e9 dois sal\u00e1rios m\u00ednimos mensais durante 2024 est\u00e3o dispensadas de fazer a declara\u00e7\u00e3o, salvo se se enquadrarem em outro crit\u00e9rio de obrigatoriedade.<\/p>\n<p>      <!-- Relacionada --><\/p>\n<p>            <!-- Relacionada -->\n    <\/div>\n<p><br \/>\n<br \/><a href=\"https:\/\/agenciabrasil.ebc.com.br\/economia\/noticia\/2025-04\/receita-recebe-mais-de-8-milhoes-de-declaracoes-do-ir\" rel=\"noopener\">Ag\u00eancia Brasil<\/a><\/p>\n","protected":false},"excerpt":{"rendered":"<p>Em quase tr\u00eas semanas de entrega, a Receita Federal recebeu 8.202.141 declara\u00e7\u00f5es do Imposto de Renda da Pessoa F\u00edsica (IRPF) de 2025. O n\u00famero, registrado at\u00e9 as 17h desta sexta-feira (31), equivale a 17,75% do total esperado para este ano. Desde o dia 1\u00ba, quando a declara\u00e7\u00e3o pr\u00e9-preenchida passou a ser baixada com todos os [&hellip;]<\/p>\n","protected":false},"author":1,"featured_media":29392,"comment_status":"open","ping_status":"open","sticky":false,"template":"","format":"standard","meta":{"_jetpack_newsletter_access":"","_jetpack_dont_email_post_to_subs":false,"_jetpack_newsletter_tier_id":0,"_jetpack_memberships_contains_paywalled_content":false,"_mbp_banners":[],"_jetpack_feature_clip_id":0,"_jetpack_memberships_contains_paid_content":false,"footnotes":"","jetpack_publicize_message":"","jetpack_publicize_feature_enabled":true,"jetpack_social_post_already_shared":true,"jetpack_social_options":{"image_generator_settings":{"template":"highway","default_image_id":0,"font":"","enabled":false},"version":2},"jetpack_post_was_ever_published":false},"categories":[24],"tags":[],"class_list":["post-29391","post","type-post","status-publish","format-standard","has-post-thumbnail","category-economia"],"jetpack_publicize_connections":[],"jetpack-related-posts":[],"jetpack_shortlink":"https:\/\/wp.me\/p7Eq1F-7E3","jetpack_sharing_enabled":true,"jetpack_featured_media_url":"https:\/\/i0.wp.com\/guialimeira.com.br\/news\/wp-content\/uploads\/2025\/04\/economia_1609210425_0.jpg?fit=1600%2C800&ssl=1","_links":{"self":[{"href":"https:\/\/guialimeira.com.br\/news\/wp-json\/wp\/v2\/posts\/29391","targetHints":{"allow":["GET"]}}],"collection":[{"href":"https:\/\/guialimeira.com.br\/news\/wp-json\/wp\/v2\/posts"}],"about":[{"href":"https:\/\/guialimeira.com.br\/news\/wp-json\/wp\/v2\/types\/post"}],"author":[{"embeddable":true,"href":"https:\/\/guialimeira.com.br\/news\/wp-json\/wp\/v2\/users\/1"}],"replies":[{"embeddable":true,"href":"https:\/\/guialimeira.com.br\/news\/wp-json\/wp\/v2\/comments?post=29391"}],"version-history":[{"count":0,"href":"https:\/\/guialimeira.com.br\/news\/wp-json\/wp\/v2\/posts\/29391\/revisions"}],"wp:featuredmedia":[{"embeddable":true,"href":"https:\/\/guialimeira.com.br\/news\/wp-json\/wp\/v2\/media\/29392"}],"wp:attachment":[{"href":"https:\/\/guialimeira.com.br\/news\/wp-json\/wp\/v2\/media?parent=29391"}],"wp:term":[{"taxonomy":"category","embeddable":true,"href":"https:\/\/guialimeira.com.br\/news\/wp-json\/wp\/v2\/categories?post=29391"},{"taxonomy":"post_tag","embeddable":true,"href":"https:\/\/guialimeira.com.br\/news\/wp-json\/wp\/v2\/tags?post=29391"}],"curies":[{"name":"wp","href":"https:\/\/api.w.org\/{rel}","templated":true}]}}