{"id":29379,"date":"2025-04-04T17:40:55","date_gmt":"2025-04-04T20:40:55","guid":{"rendered":"https:\/\/guialimeira.com.br\/?p=29379"},"modified":"2025-04-04T17:40:55","modified_gmt":"2025-04-04T20:40:55","slug":"tatiane-lopes-participa-de-grupo-de-estudos-na-alesp-para-modernizacao-do-codigo-de-protecao-animal","status":"publish","type":"post","link":"https:\/\/guialimeira.com.br\/news\/tatiane-lopes-participa-de-grupo-de-estudos-na-alesp-para-modernizacao-do-codigo-de-protecao-animal\/","title":{"rendered":"Tatiane Lopes participa de grupo de estudos na Alesp para moderniza\u00e7\u00e3o do C\u00f3digo de Prote\u00e7\u00e3o Animal"},"content":{"rendered":"\n<figure class=\"wp-block-gallery has-nested-images columns-default is-cropped wp-block-gallery-1 is-layout-flex wp-block-gallery-is-layout-flex\"><\/figure>\n \r\n<br><img data-recalc-dims=\"1\" decoding=\"async\" src=\"https:\/\/i0.wp.com\/guialimeira.com.br\/wp-content\/uploads\/2025\/04\/2025-04-04_tatiane-lopes-participa-de-grupo-de-estudos-na-alesp-para-modernizacao-do-codigo-de-prote.jpeg?w=696&#038;ssl=1\" \/><br><div>\n\t\t\t\t\t<p>Nesta sexta-feira, 4 de abril, a vereadora Tatiane Lopes (Avante) e o diretor do Departamento de Prote\u00e7\u00e3o e Bem-Estar Animal (DPBEA), Reinaldo Belussi, marcaram presen\u00e7a na Assembleia Legislativa do Estado de S\u00e3o Paulo (Alesp) para participar do lan\u00e7amento do grupo de estudos para moderniza\u00e7\u00e3o do C\u00f3digo de Prote\u00e7\u00e3o Animal estadual.<\/p><p>Segundo a parlamentar, o encontro foi organizado pelo deputado Estadual Rafael Saraiva, que tamb\u00e9m assumiu a presid\u00eancia do grupo, reunindo representantes da sociedade civil, ONGs, ativistas da causa animal e autoridades p\u00fablicas para discutir avan\u00e7os na legisla\u00e7\u00e3o estadual de prote\u00e7\u00e3o animal.<\/p><p>A vereadora Tatiane Lopes destacou a urg\u00eancia de um c\u00f3digo mais moderno, que reflita as necessidades reais dos animais e das pessoas que os defendem: &#8220;\u00c9 um momento hist\u00f3rico. Precisamos garantir que nossas leis acompanhem a evolu\u00e7\u00e3o do entendimento sobre o bem-estar animal. Estou aqui para somar esfor\u00e7os e representar todos que lutam por uma causa t\u00e3o nobre\u201d.<\/p><p>De acordo com ela, a forma\u00e7\u00e3o do grupo \u00e9 um passo importante rumo \u00e0 constru\u00e7\u00e3o de um novo marco legal para a causa animal no estado de S\u00e3o Paulo. \u201cAs pr\u00f3ximas etapas envolvem debates t\u00e9cnicos, consultas p\u00fablicas e encontros com especialistas em diversos munic\u00edpios. Limeira por sua relev\u00e2ncia na prote\u00e7\u00e3o animal tamb\u00e9m ser\u00e1 sede de um desses encontros\u201d, acrescentou a parlamentar.<\/p><p><i>Do Gabinete Parlamentar \u2013 Vereadora Tatiane Lopes (Avante)<\/i><\/p><p><i>*Foto do Gabinete parlamentar<\/i><\/p><p><strong>As mat\u00e9rias de origem dos Gabinetes Parlamentares s\u00e3o de inteira\u00a0 responsabilidade dos parlamentares e de suas assessorias. S\u00e3o devidamente\u00a0<\/strong><\/p>\t\t\t\t<\/div>\r\n<br>\r\n<br><a href=\"https:\/\/www.limeira.sp.leg.br\/noticias\/view\/2025-04-04_tatiane-lopes-participa-de-grupo-de-estudos-na-alesp-para-modernizacao-do-codigo-de-protecao-animal\" rel=\"noopener\">Informa\u00e7\u00f5es CML <\/a>","protected":false},"excerpt":{"rendered":"<p>Nesta sexta-feira, 4 de abril, a vereadora Tatiane Lopes (Avante) e o diretor do Departamento de Prote\u00e7\u00e3o e Bem-Estar Animal (DPBEA), Reinaldo Belussi, marcaram presen\u00e7a na Assembleia Legislativa do Estado de S\u00e3o Paulo (Alesp) para participar do lan\u00e7amento do grupo de estudos para moderniza\u00e7\u00e3o do C\u00f3digo de Prote\u00e7\u00e3o Animal estadual. Segundo a parlamentar, o encontro [&hellip;]<\/p>\n","protected":false},"author":1,"featured_media":29380,"comment_status":"open","ping_status":"open","sticky":false,"template":"","format":"standard","meta":{"_jetpack_newsletter_access":"","_jetpack_dont_email_post_to_subs":false,"_jetpack_newsletter_tier_id":0,"_jetpack_memberships_contains_paywalled_content":false,"_mbp_banners":[],"_jetpack_feature_clip_id":0,"_jetpack_memberships_contains_paid_content":false,"footnotes":"","jetpack_publicize_message":"","jetpack_publicize_feature_enabled":true,"jetpack_social_post_already_shared":true,"jetpack_social_options":{"image_generator_settings":{"template":"highway","default_image_id":0,"font":"","enabled":false},"version":2},"jetpack_post_was_ever_published":false},"categories":[19],"tags":[],"class_list":["post-29379","post","type-post","status-publish","format-standard","has-post-thumbnail","category-politica"],"jetpack_publicize_connections":[],"jetpack-related-posts":[],"jetpack_shortlink":"https:\/\/wp.me\/p7Eq1F-7DR","jetpack_sharing_enabled":true,"jetpack_featured_media_url":"https:\/\/i0.wp.com\/guialimeira.com.br\/news\/wp-content\/uploads\/2025\/04\/Tatiane-Lopes-participa-de-grupo-de-estudos-na-Alesp-para.jpeg?fit=1280%2C640&ssl=1","_links":{"self":[{"href":"https:\/\/guialimeira.com.br\/news\/wp-json\/wp\/v2\/posts\/29379","targetHints":{"allow":["GET"]}}],"collection":[{"href":"https:\/\/guialimeira.com.br\/news\/wp-json\/wp\/v2\/posts"}],"about":[{"href":"https:\/\/guialimeira.com.br\/news\/wp-json\/wp\/v2\/types\/post"}],"author":[{"embeddable":true,"href":"https:\/\/guialimeira.com.br\/news\/wp-json\/wp\/v2\/users\/1"}],"replies":[{"embeddable":true,"href":"https:\/\/guialimeira.com.br\/news\/wp-json\/wp\/v2\/comments?post=29379"}],"version-history":[{"count":1,"href":"https:\/\/guialimeira.com.br\/news\/wp-json\/wp\/v2\/posts\/29379\/revisions"}],"predecessor-version":[{"id":29381,"href":"https:\/\/guialimeira.com.br\/news\/wp-json\/wp\/v2\/posts\/29379\/revisions\/29381"}],"wp:featuredmedia":[{"embeddable":true,"href":"https:\/\/guialimeira.com.br\/news\/wp-json\/wp\/v2\/media\/29380"}],"wp:attachment":[{"href":"https:\/\/guialimeira.com.br\/news\/wp-json\/wp\/v2\/media?parent=29379"}],"wp:term":[{"taxonomy":"category","embeddable":true,"href":"https:\/\/guialimeira.com.br\/news\/wp-json\/wp\/v2\/categories?post=29379"},{"taxonomy":"post_tag","embeddable":true,"href":"https:\/\/guialimeira.com.br\/news\/wp-json\/wp\/v2\/tags?post=29379"}],"curies":[{"name":"wp","href":"https:\/\/api.w.org\/{rel}","templated":true}]}}