{"id":2937,"date":"2024-04-26T16:45:59","date_gmt":"2024-04-26T19:45:59","guid":{"rendered":"https:\/\/guialimeira.com.br\/2024\/04\/26\/meio-ambiente-orienta-ambulantes-sobre-venda-de-flores-no-dia-das-maes\/"},"modified":"2024-04-26T16:45:59","modified_gmt":"2024-04-26T19:45:59","slug":"meio-ambiente-orienta-ambulantes-sobre-venda-de-flores-no-dia-das-maes","status":"publish","type":"post","link":"https:\/\/guialimeira.com.br\/news\/meio-ambiente-orienta-ambulantes-sobre-venda-de-flores-no-dia-das-maes\/","title":{"rendered":"Meio Ambiente orienta ambulantes sobre venda de flores no Dia das M\u00e3es"},"content":{"rendered":"<p> <br \/>\n<\/p>\n<div>\n            <main class=\"\">&#13;<br \/>\n                &#13;<br \/>\n&#13;<br \/>\n&#13;<br \/>\n&#13;<br \/>\n    <img data-recalc-dims=\"1\" decoding=\"async\" src=\"https:\/\/i0.wp.com\/ecrie.com.br\/sistema\/conteudos\/imagem\/m_137_0_1_26042024162251.jpg?w=696&#038;ssl=1\" alt=\"Meio Ambiente orienta ambulantes sobre venda de flores no Dia das M\u00e3es\"\/>&#13;<br \/>\n&#13;<\/p>\n<p>A Secretaria de Meio Ambiente e Agricultura\u00a0de Limeira, por meio do Departamento de Extens\u00e3o Rural, informa que a partir de segunda-feira (29) estar\u00e1 aberto o per\u00edodo de inscri\u00e7\u00e3o para os ambulantes interessados na venda de flores, velas e artigos relacionados, no entorno do Cemit\u00e9rio Saudade e do Cemit\u00e9rio Parque, no fim de semana do Dia das M\u00e3es, dias 11 e 12 de maio.\u00a0O prazo termina em 8 de maio.<\/p>\n<p>&#13;<\/p>\n<p>Para tanto, \u00e9 preciso preencher um requerimento que pode ser retirado pessoalmente, no Setor de Protocolo da Prefeitura de Limeira (Pa\u00e7o Municipal &#8211; Rua Prefeito Doutor Alberto Ferreira, 179, Centro) e no Departamento de Extens\u00e3o Rural, que fica na Secretaria de Educa\u00e7\u00e3o (Parque Cidade), ou ainda, baixado por meio do link: https:\/\/bit.ly\/cadambmaes<\/p>\n<p>&#13;<\/p>\n<p>Ap\u00f3s o preenchimento do requerimento, \u00e9 preciso entreg\u00e1-lo no pr\u00f3prio Setor de Protocolo, que atende de segunda a sexta-feira, das 9h \u00e0s 16h &#8211; sem intervalo de almo\u00e7o. A pasta salienta que as vagas ser\u00e3o distribu\u00eddas por ordem de entrada no Setor de Protocolo. Informa\u00e7\u00f5es podem ser solicitadas pelo e-mail: <a href=\"https:\/\/limeira.sp.gov.br\/cdn-cgi\/l\/email-protection\" class=\"__cf_email__\" data-cfemail=\"4928242b3c2528273d2c092520242c203b28673a39672e263f672b3b\" rel=\"noopener\">[email\u00a0protected]<\/a><\/p>\n<p>&#13;<br \/>\n&#13;<br \/>\n&#13;<br \/>\n&#13;<\/p>\n<aside class=\"list-related no-print\">&#13;<br \/>\n        &#13;<br \/>\n&#13;<\/p>\n<article class=\"list-item noticias \">&#13;<br \/>\n                    <a class=\"list-item__img\" href=\"https:\/\/limeira.sp.gov.br\/imprensa\/noticias\/meio-ambiente-e-agricultura\/secretaria-do-meio-ambiente-monitora-morte-de-patos-estado-e-notificado\" tabindex=\"-1\" aria-hidden=\"true\" rel=\"noopener\">&#13;<br \/>\n                        <img data-recalc-dims=\"1\" decoding=\"async\" src=\"https:\/\/i0.wp.com\/ecrie.com.br\/sistema\/conteudos\/imagem\/m_137_0_1_25042024134645.jpg?w=696&#038;ssl=1\" alt=\"Secretaria do Meio Ambiente monitora morte de patos; Estado \u00e9 notificado\"\/>&#13;<br \/>\n                    <\/a>&#13;<br \/>\n&#13;<br \/>\n                &#13;<br \/>\n            <\/article>\n<p>&#13;<\/p>\n<article class=\"list-item noticias \">&#13;<br \/>\n                    <a class=\"list-item__img\" href=\"https:\/\/limeira.sp.gov.br\/imprensa\/noticias\/meio-ambiente-e-agricultura\/casa-na-vila-rocha-recebe-acao-de-limpeza-compulsoria\" tabindex=\"-1\" aria-hidden=\"true\" rel=\"noopener\">&#13;<br \/>\n                        <img data-recalc-dims=\"1\" decoding=\"async\" src=\"https:\/\/i0.wp.com\/ecrie.com.br\/sistema\/conteudos\/imagem\/m_137_0_1_25042024113121.jpg?w=696&#038;ssl=1\" alt=\"Casa na Vila Rocha recebe a\u00e7\u00e3o de limpeza compuls\u00f3ria\"\/>&#13;<br \/>\n                    <\/a>&#13;<br \/>\n&#13;<br \/>\n                &#13;<br \/>\n            <\/article>\n<p>&#13;<\/p>\n<article class=\"list-item noticias \">&#13;<br \/>\n                    <a class=\"list-item__img\" href=\"https:\/\/limeira.sp.gov.br\/imprensa\/noticias\/meio-ambiente-e-agricultura\/dpbea-nos-bairros-sera-suspenso-amanha-24-atendimento-retorna-na-sexta-26\" tabindex=\"-1\" aria-hidden=\"true\" rel=\"noopener\">&#13;<br \/>\n                        <img data-recalc-dims=\"1\" decoding=\"async\" src=\"https:\/\/i0.wp.com\/ecrie.com.br\/sistema\/conteudos\/imagem\/m_137_0_1_05032024140350.jpeg?w=696&#038;ssl=1\" alt=\"\u201cDpbea nos Bairros\u201d ser\u00e1 suspenso amanh\u00e3 (24); atendimento retorna na sexta (26)\"\/>&#13;<br \/>\n                    <\/a>&#13;<br \/>\n&#13;<br \/>\n                &#13;<br \/>\n            <\/article>\n<p>&#13;<br \/>\n    <\/aside>\n<p>&#13;<br \/>\n&#13;<br \/>\n            <\/main><\/p><\/div>\n<p><br \/>\n<br \/><a href=\"https:\/\/limeira.sp.gov.br\/meio-ambiente-orienta-ambulantes-sobre-venda-de-flores-no-dia-das-maes\" rel=\"noopener\">Informa\u00e7\u00f5es da PML <\/a><\/p>\n","protected":false},"excerpt":{"rendered":"<p>&#13; &#13; &#13; &#13; &#13; &#13; &#13; A Secretaria de Meio Ambiente e Agricultura\u00a0de Limeira, por meio do Departamento de Extens\u00e3o Rural, informa que a partir de segunda-feira (29) estar\u00e1 aberto o per\u00edodo de inscri\u00e7\u00e3o para os ambulantes interessados na venda de flores, velas e artigos relacionados, no entorno do Cemit\u00e9rio Saudade e do Cemit\u00e9rio [&hellip;]<\/p>\n","protected":false},"author":1,"featured_media":2938,"comment_status":"open","ping_status":"open","sticky":false,"template":"","format":"standard","meta":{"_jetpack_newsletter_access":"","_jetpack_dont_email_post_to_subs":false,"_jetpack_newsletter_tier_id":0,"_jetpack_memberships_contains_paywalled_content":false,"_mbp_banners":[],"_jetpack_feature_clip_id":0,"_jetpack_memberships_contains_paid_content":false,"footnotes":"","jetpack_publicize_message":"","jetpack_publicize_feature_enabled":true,"jetpack_social_post_already_shared":true,"jetpack_social_options":{"image_generator_settings":{"template":"highway","default_image_id":0,"font":"","enabled":false},"version":2},"jetpack_post_was_ever_published":false},"categories":[16],"tags":[],"class_list":["post-2937","post","type-post","status-publish","format-standard","has-post-thumbnail","category-local"],"jetpack_publicize_connections":[],"jetpack-related-posts":[],"jetpack_shortlink":"https:\/\/wp.me\/p7Eq1F-Ln","jetpack_sharing_enabled":true,"jetpack_featured_media_url":"https:\/\/i0.wp.com\/guialimeira.com.br\/news\/wp-content\/uploads\/2024\/04\/m_137_0_1_26042024162251.jpg?fit=1280%2C852&ssl=1","_links":{"self":[{"href":"https:\/\/guialimeira.com.br\/news\/wp-json\/wp\/v2\/posts\/2937","targetHints":{"allow":["GET"]}}],"collection":[{"href":"https:\/\/guialimeira.com.br\/news\/wp-json\/wp\/v2\/posts"}],"about":[{"href":"https:\/\/guialimeira.com.br\/news\/wp-json\/wp\/v2\/types\/post"}],"author":[{"embeddable":true,"href":"https:\/\/guialimeira.com.br\/news\/wp-json\/wp\/v2\/users\/1"}],"replies":[{"embeddable":true,"href":"https:\/\/guialimeira.com.br\/news\/wp-json\/wp\/v2\/comments?post=2937"}],"version-history":[{"count":0,"href":"https:\/\/guialimeira.com.br\/news\/wp-json\/wp\/v2\/posts\/2937\/revisions"}],"wp:featuredmedia":[{"embeddable":true,"href":"https:\/\/guialimeira.com.br\/news\/wp-json\/wp\/v2\/media\/2938"}],"wp:attachment":[{"href":"https:\/\/guialimeira.com.br\/news\/wp-json\/wp\/v2\/media?parent=2937"}],"wp:term":[{"taxonomy":"category","embeddable":true,"href":"https:\/\/guialimeira.com.br\/news\/wp-json\/wp\/v2\/categories?post=2937"},{"taxonomy":"post_tag","embeddable":true,"href":"https:\/\/guialimeira.com.br\/news\/wp-json\/wp\/v2\/tags?post=2937"}],"curies":[{"name":"wp","href":"https:\/\/api.w.org\/{rel}","templated":true}]}}