{"id":29358,"date":"2025-04-04T16:40:24","date_gmt":"2025-04-04T19:40:24","guid":{"rendered":"https:\/\/guialimeira.com.br\/?p=29358"},"modified":"2025-04-04T16:40:24","modified_gmt":"2025-04-04T19:40:24","slug":"camara-participa-de-seminario-do-tce-sobre-fiscalizacao-dos-recursos-publicos","status":"publish","type":"post","link":"https:\/\/guialimeira.com.br\/news\/camara-participa-de-seminario-do-tce-sobre-fiscalizacao-dos-recursos-publicos\/","title":{"rendered":"C\u00e2mara participa de semin\u00e1rio do TCE sobre fiscaliza\u00e7\u00e3o dos recursos p\u00fablicos"},"content":{"rendered":"\n<figure class=\"wp-block-gallery has-nested-images columns-default is-cropped wp-block-gallery-1 is-layout-flex wp-block-gallery-is-layout-flex\"><\/figure>\n \r\n<br><img data-recalc-dims=\"1\" decoding=\"async\" src=\"https:\/\/i0.wp.com\/guialimeira.com.br\/wp-content\/uploads\/2025\/04\/2025-04-04_camara-participa-de-seminario-do-tce-sobre-fiscalizacao-dos-recursos-publicos_1.jpg?w=696&#038;ssl=1\" \/><br><div>\n\t\t\t\t\t<p>A C\u00e2mara Municipal de Limeira participou de semin\u00e1rio com o tema \u201cControle Externo e Poder Legislativo\u201d promovido pelo Tribunal de Contas do Estado de S\u00e3o Paulo (TCESP), nesta sexta-feira, 4 de abril, no Teatro Municipal de Araraquara. O Legislativo limeirense foi representado pelo secret\u00e1rio de Administra\u00e7\u00e3o e Finan\u00e7as, Jo\u00e3o Paulo Bosco, e pelos\u00a0servidores do Controle Interno, Celso Betito e Guilherme Antunes.\u00a0\u00a0\u00a0<\/p><p>A programa\u00e7\u00e3o contou com palestra do assessor t\u00e9cnico-procurador de gabinete do conselheiro Dimas Ramalho, Bruno Mitsuo Nagata. Foram abordados, especialmente, os principais apontamentos do TCE nas contas das C\u00e2maras Legislativas. O p\u00fablico-alvo alcan\u00e7ado s\u00e3o vereadores, gestores p\u00fablicos da regi\u00e3o e representantes da sociedade civil.\u00a0\u00a0\u00a0<\/p><p>O objetivo do evento foi discutir sobre os cuidados com a gest\u00e3o municipal e a\u00e7\u00f5es da Corte de Contas paulista, \u00f3rg\u00e3o de controle externo que \u00e9 respons\u00e1vel pela fiscaliza\u00e7\u00e3o dos recursos p\u00fablicos. Participaram do semin\u00e1rio autoridades como o presidente da Assembleia Legislativa do Estado de S\u00e3o Paulo (Alesp), deputado Andr\u00e9 do Prado (PL) e conselheiros do Tribunal de Contas.\u00a0<\/p>\t\t\t\t<\/div>\r\n<br>\r\n<br><a href=\"https:\/\/www.limeira.sp.leg.br\/noticias\/view\/2025-04-04_camara-participa-de-seminario-do-tce-sobre-fiscalizacao-dos-recursos-publicos\" rel=\"noopener\">Informa\u00e7\u00f5es CML <\/a>","protected":false},"excerpt":{"rendered":"<p>A C\u00e2mara Municipal de Limeira participou de semin\u00e1rio com o tema \u201cControle Externo e Poder Legislativo\u201d promovido pelo Tribunal de Contas do Estado de S\u00e3o Paulo (TCESP), nesta sexta-feira, 4 de abril, no Teatro Municipal de Araraquara. O Legislativo limeirense foi representado pelo secret\u00e1rio de Administra\u00e7\u00e3o e Finan\u00e7as, Jo\u00e3o Paulo Bosco, e pelos\u00a0servidores do Controle [&hellip;]<\/p>\n","protected":false},"author":1,"featured_media":29359,"comment_status":"open","ping_status":"open","sticky":false,"template":"","format":"standard","meta":{"_jetpack_newsletter_access":"","_jetpack_dont_email_post_to_subs":false,"_jetpack_newsletter_tier_id":0,"_jetpack_memberships_contains_paywalled_content":false,"_mbp_banners":[],"_jetpack_feature_clip_id":0,"_jetpack_memberships_contains_paid_content":false,"footnotes":"","jetpack_publicize_message":"","jetpack_publicize_feature_enabled":true,"jetpack_social_post_already_shared":true,"jetpack_social_options":{"image_generator_settings":{"template":"highway","default_image_id":0,"font":"","enabled":false},"version":2},"jetpack_post_was_ever_published":false},"categories":[19],"tags":[],"class_list":["post-29358","post","type-post","status-publish","format-standard","has-post-thumbnail","category-politica"],"jetpack_publicize_connections":[],"jetpack-related-posts":[],"jetpack_shortlink":"https:\/\/wp.me\/p7Eq1F-7Dw","jetpack_sharing_enabled":true,"jetpack_featured_media_url":"https:\/\/i0.wp.com\/guialimeira.com.br\/news\/wp-content\/uploads\/2025\/04\/Camara-participa-de-seminario-do-TCE-sobre-fiscalizacao-dos-recursos.jpg?fit=1280%2C640&ssl=1","_links":{"self":[{"href":"https:\/\/guialimeira.com.br\/news\/wp-json\/wp\/v2\/posts\/29358","targetHints":{"allow":["GET"]}}],"collection":[{"href":"https:\/\/guialimeira.com.br\/news\/wp-json\/wp\/v2\/posts"}],"about":[{"href":"https:\/\/guialimeira.com.br\/news\/wp-json\/wp\/v2\/types\/post"}],"author":[{"embeddable":true,"href":"https:\/\/guialimeira.com.br\/news\/wp-json\/wp\/v2\/users\/1"}],"replies":[{"embeddable":true,"href":"https:\/\/guialimeira.com.br\/news\/wp-json\/wp\/v2\/comments?post=29358"}],"version-history":[{"count":1,"href":"https:\/\/guialimeira.com.br\/news\/wp-json\/wp\/v2\/posts\/29358\/revisions"}],"predecessor-version":[{"id":29360,"href":"https:\/\/guialimeira.com.br\/news\/wp-json\/wp\/v2\/posts\/29358\/revisions\/29360"}],"wp:featuredmedia":[{"embeddable":true,"href":"https:\/\/guialimeira.com.br\/news\/wp-json\/wp\/v2\/media\/29359"}],"wp:attachment":[{"href":"https:\/\/guialimeira.com.br\/news\/wp-json\/wp\/v2\/media?parent=29358"}],"wp:term":[{"taxonomy":"category","embeddable":true,"href":"https:\/\/guialimeira.com.br\/news\/wp-json\/wp\/v2\/categories?post=29358"},{"taxonomy":"post_tag","embeddable":true,"href":"https:\/\/guialimeira.com.br\/news\/wp-json\/wp\/v2\/tags?post=29358"}],"curies":[{"name":"wp","href":"https:\/\/api.w.org\/{rel}","templated":true}]}}