{"id":29347,"date":"2025-04-04T15:39:24","date_gmt":"2025-04-04T18:39:24","guid":{"rendered":"https:\/\/guialimeira.com.br\/?p=29347"},"modified":"2025-04-04T15:39:24","modified_gmt":"2025-04-04T18:39:24","slug":"ordem-do-dia-sete-projetos-estao-na-pauta-da-proxima-sessao-ordinaria","status":"publish","type":"post","link":"https:\/\/guialimeira.com.br\/news\/ordem-do-dia-sete-projetos-estao-na-pauta-da-proxima-sessao-ordinaria\/","title":{"rendered":"Ordem do Dia: sete projetos est\u00e3o na pauta da pr\u00f3xima sess\u00e3o ordin\u00e1ria"},"content":{"rendered":"\n<figure class=\"wp-block-gallery has-nested-images columns-default is-cropped wp-block-gallery-1 is-layout-flex wp-block-gallery-is-layout-flex\"><\/figure>\n \r\n<br><img data-recalc-dims=\"1\" decoding=\"async\" src=\"https:\/\/i0.wp.com\/guialimeira.com.br\/wp-content\/uploads\/2025\/04\/2025-04-04_ordem-do-dia-sete-projetos-estao-na-pauta-da-proxima-sessao-ordinaria_1.jpg?w=696&#038;ssl=1\" \/><br><div>\n\t\t\t\t\t<p>Sete projetos est\u00e3o na pauta da<a href=\"https:\/\/consulta.limeira.sp.leg.br\/Sessoes\/Documento\/373167\" rel=\"noopener\"> Ordem do Dia<\/a> da sess\u00e3o ordin\u00e1ria que acontece na segunda-feira, 7 de abril. Al\u00e9m dessas proposituras, durante o <a href=\"https:\/\/consulta.limeira.sp.leg.br\/Sessoes\/Documento\/371932\" rel=\"noopener\">Expediente<\/a>, os parlamentares discutem os requerimentos e votam as mo\u00e7\u00f5es. Os trabalhos s\u00e3o transmitidos ao vivo pelos canais de comunica\u00e7\u00e3o do Legislativo no <a href=\"https:\/\/www.youtube.com\/user\/camaradelimeira\" rel=\"noopener\">Youtube<\/a>, <a href=\"https:\/\/www.facebook.com\/camaradelimeira\/\" rel=\"noopener\">Facebook<\/a> e <a href=\"http:\/\/www.limeira.sp.leg.br\/sessoes\/aovivo\" rel=\"noopener\">site<\/a>, e pela R\u00e1dio Limeira FM 106,9, a partir das 16h.\u00a0<\/p><p>Tamb\u00e9m \u00e9 poss\u00edvel acompanhar a sess\u00e3o presencialmente no Plen\u00e1rio Vereador Vit\u00f3rio Bortolan, na C\u00e2mara, que fica na rua Pedro Zaccaria, 70, Jardim Santa Luiza. Para entrar no pr\u00e9dio basta apresentar documento de identifica\u00e7\u00e3o com foto.<\/p><p>Confira os projetos que est\u00e3o pautados na Ordem do Dia:\u00a0<\/p><p><a href=\"http:\/\/consulta.limeira.sp.leg.br\/Documentos\/Documento\/271361\" rel=\"noopener\">Projeto de Lei N\u00ba 6\/2022<\/a> do vereador Waguinho da Santa Luzia (PP), disp\u00f5e sobre a obrigatoriedade de realiza\u00e7\u00e3o de estudo t\u00e9cnico para instala\u00e7\u00e3o de medidores de velocidade do tipo fixo (radares).<\/p><p><a href=\"http:\/\/consulta.limeira.sp.leg.br\/Documentos\/Documento\/302602\" rel=\"noopener\">Projeto de Lei N\u00ba 10\/2023<\/a>, do vereador Anderson Pereira (PSD), garante o direito de prioridade de matr\u00edcula de irm\u00e3os na mesma unidade escolar da Rede Municipal de Educa\u00e7\u00e3o de Limeira.<\/p><p><a href=\"http:\/\/consulta.limeira.sp.leg.br\/Documentos\/Documento\/313924\" rel=\"noopener\">Projeto de Lei (PL) N\u00ba 71\/2023<\/a>, da Frente Parlamentar em Defesa dos Direitos da Pessoa com Defici\u00eancia e Doen\u00e7as Raras, que institui Diretrizes Municipais de Educa\u00e7\u00e3o Especial para a Pessoa com Transtorno do Espectro Autista (TEA).<\/p><p><a href=\"https:\/\/consulta.limeira.sp.leg.br\/Documentos\/Documento\/364908\" rel=\"noopener\">Projeto de Lei N\u00ba 7\/2025<\/a>, do vereador M\u00e1rcio do Estacionamento (DC), disp\u00f5e sobre a obrigatoriedade da destina\u00e7\u00e3o de vagas de estacionamento exclusivas para pessoas com Transtorno do Espectro Autista (TEA) em estabelecimentos p\u00fablicos e privados.<\/p><p><a href=\"https:\/\/consulta.limeira.sp.leg.br\/Documentos\/Documento\/366677\" rel=\"noopener\">Projeto de Lei N\u00ba 23\/2025<\/a>, do vereador Nilton Santos (Republicanos), disp\u00f5e sobre a proibi\u00e7\u00e3o do uso de cigarros eletr\u00f4nicos e\/ou similares em locais p\u00fablicos no \u00e2mbito do munic\u00edpio, bem como da proibi\u00e7\u00e3o da sua venda e comercializa\u00e7\u00e3o aos menores de 18 anos de idade.<\/p><p><a href=\"https:\/\/consulta.limeira.sp.leg.br\/Documentos\/Documento\/367562\" rel=\"noopener\">Projeto de Lei N\u00ba 29\/2025<\/a>, do vereador Estev\u00e3o Nogueira (Avante), inclui os par\u00e1grafos 1\u00ba e 2\u00ba no artigo 3\u00ba da <a href=\"https:\/\/legislacao.limeira.sp.leg.br\/limeira-sp?Pagina=1&amp;Pesquisa=Avancada&amp;TipoId=0&amp;Numero=5515&amp;Ano=2015&amp;Data=&amp;NumeroFinal=&amp;AnoFinal=&amp;DataFinal=&amp;SituacaoId=0&amp;ClassificacaoId=0&amp;IniciativaTipoId=0&amp;IniciativaEntidadeId=0&amp;EmentaAssunto=&amp;NoTexto=false\" rel=\"noopener\">Lei N\u00ba 5515\/2015<\/a>, que disp\u00f5e sobre a intensidade m\u00e1xima permitida na difus\u00e3o de sons e ru\u00eddos por meio de ve\u00edculos automotores ou de tra\u00e7\u00e3o animal.\u00a0<\/p><p><a href=\"https:\/\/consulta.limeira.sp.leg.br\/Documentos\/Documento\/368323\" rel=\"noopener\">Projeto de Lei N\u00ba 31\/2025<\/a>, do vereador Costa J\u00fanior (Podemos), cria par\u00e2metros e diretrizes para a implementa\u00e7\u00e3o de pol\u00edticas p\u00fablicas voltadas ao fomento e \u00e0 promo\u00e7\u00e3o do esporte no munic\u00edpio, com \u00eanfase na doa\u00e7\u00e3o de materiais esportivos.\u00a0\u00a0<\/p>\t\t\t\t<\/div>\r\n<br>\r\n<br><a href=\"https:\/\/www.limeira.sp.leg.br\/noticias\/view\/2025-04-04_ordem-do-dia-sete-projetos-estao-na-pauta-da-proxima-sessao-ordinaria\" rel=\"noopener\">Informa\u00e7\u00f5es CML <\/a>","protected":false},"excerpt":{"rendered":"<p>Sete projetos est\u00e3o na pauta da Ordem do Dia da sess\u00e3o ordin\u00e1ria que acontece na segunda-feira, 7 de abril. Al\u00e9m dessas proposituras, durante o Expediente, os parlamentares discutem os requerimentos e votam as mo\u00e7\u00f5es. Os trabalhos s\u00e3o transmitidos ao vivo pelos canais de comunica\u00e7\u00e3o do Legislativo no Youtube, Facebook e site, e pela R\u00e1dio Limeira [&hellip;]<\/p>\n","protected":false},"author":1,"featured_media":29348,"comment_status":"open","ping_status":"open","sticky":false,"template":"","format":"standard","meta":{"_jetpack_newsletter_access":"","_jetpack_dont_email_post_to_subs":false,"_jetpack_newsletter_tier_id":0,"_jetpack_memberships_contains_paywalled_content":false,"_mbp_banners":[],"_jetpack_feature_clip_id":0,"_jetpack_memberships_contains_paid_content":false,"footnotes":"","jetpack_publicize_message":"","jetpack_publicize_feature_enabled":true,"jetpack_social_post_already_shared":true,"jetpack_social_options":{"image_generator_settings":{"template":"highway","default_image_id":0,"font":"","enabled":false},"version":2},"jetpack_post_was_ever_published":false},"categories":[19],"tags":[],"class_list":["post-29347","post","type-post","status-publish","format-standard","has-post-thumbnail","category-politica"],"jetpack_publicize_connections":[],"jetpack-related-posts":[],"jetpack_shortlink":"https:\/\/wp.me\/p7Eq1F-7Dl","jetpack_sharing_enabled":true,"jetpack_featured_media_url":"https:\/\/i0.wp.com\/guialimeira.com.br\/news\/wp-content\/uploads\/2025\/04\/Ordem-do-Dia-sete-projetos-estao-na-pauta-da-proxima.jpg?fit=1280%2C640&ssl=1","_links":{"self":[{"href":"https:\/\/guialimeira.com.br\/news\/wp-json\/wp\/v2\/posts\/29347","targetHints":{"allow":["GET"]}}],"collection":[{"href":"https:\/\/guialimeira.com.br\/news\/wp-json\/wp\/v2\/posts"}],"about":[{"href":"https:\/\/guialimeira.com.br\/news\/wp-json\/wp\/v2\/types\/post"}],"author":[{"embeddable":true,"href":"https:\/\/guialimeira.com.br\/news\/wp-json\/wp\/v2\/users\/1"}],"replies":[{"embeddable":true,"href":"https:\/\/guialimeira.com.br\/news\/wp-json\/wp\/v2\/comments?post=29347"}],"version-history":[{"count":1,"href":"https:\/\/guialimeira.com.br\/news\/wp-json\/wp\/v2\/posts\/29347\/revisions"}],"predecessor-version":[{"id":29349,"href":"https:\/\/guialimeira.com.br\/news\/wp-json\/wp\/v2\/posts\/29347\/revisions\/29349"}],"wp:featuredmedia":[{"embeddable":true,"href":"https:\/\/guialimeira.com.br\/news\/wp-json\/wp\/v2\/media\/29348"}],"wp:attachment":[{"href":"https:\/\/guialimeira.com.br\/news\/wp-json\/wp\/v2\/media?parent=29347"}],"wp:term":[{"taxonomy":"category","embeddable":true,"href":"https:\/\/guialimeira.com.br\/news\/wp-json\/wp\/v2\/categories?post=29347"},{"taxonomy":"post_tag","embeddable":true,"href":"https:\/\/guialimeira.com.br\/news\/wp-json\/wp\/v2\/tags?post=29347"}],"curies":[{"name":"wp","href":"https:\/\/api.w.org\/{rel}","templated":true}]}}