{"id":29340,"date":"2025-04-04T14:37:41","date_gmt":"2025-04-04T17:37:41","guid":{"rendered":"https:\/\/guialimeira.com.br\/?p=29340"},"modified":"2025-04-04T14:37:41","modified_gmt":"2025-04-04T17:37:41","slug":"waguinho-da-santa-luzia-requer-esclarecimentos-sobre-sancao-aplicada-a-brk-ambiental","status":"publish","type":"post","link":"https:\/\/guialimeira.com.br\/news\/waguinho-da-santa-luzia-requer-esclarecimentos-sobre-sancao-aplicada-a-brk-ambiental\/","title":{"rendered":"Waguinho da Santa Luzia requer esclarecimentos sobre san\u00e7\u00e3o aplicada \u00e0 BRK Ambiental"},"content":{"rendered":"\n<figure class=\"wp-block-gallery has-nested-images columns-default is-cropped wp-block-gallery-1 is-layout-flex wp-block-gallery-is-layout-flex\"><\/figure>\n \r\n<br><img data-recalc-dims=\"1\" decoding=\"async\" src=\"https:\/\/i0.wp.com\/guialimeira.com.br\/wp-content\/uploads\/2025\/04\/2025-04-04_waguinho-da-santa-luzia-requer-esclarecimentos-sobre-sancao-aplicada-a-brk-ambiental_1.jp.jpeg?w=696&#038;ssl=1\" \/><br><div>\n\t\t\t\t\t<p>Obter informa\u00e7\u00f5es sobre a eventual san\u00e7\u00e3o aplicada \u00e0 concession\u00e1ria respons\u00e1vel pelo abastecimento de \u00e1gua de Limeira, BRK Ambiental, \u00e9 a finalidade do <a href=\"https:\/\/consulta.limeira.sp.leg.br\/Documentos\/Pesquisa?Pesquisa=Avancada&amp;id=79&amp;pagina=1&amp;Modulo=8&amp;Documento=138&amp;Numeracao=Documento&amp;NumeroInicial=228&amp;AnoInicial=2025&amp;DataInicial=&amp;NumeroFinal=&amp;AnoFinal=&amp;DataFinal=&amp;SubTipoId=0&amp;Situacao=0&amp;Classificacao=0&amp;TipoAutor=Todos&amp;AutoriaId=0&amp;Iniciativa=Nenhum&amp;NoTexto=false&amp;Assunto=&amp;Observacoes=\" rel=\"noopener\">Requerimento N\u00b0 228\/2025<\/a> apresentado pelo vereador Waguinho da Santa Luzia (PP) nesta quinta-feira, 3 de mar\u00e7o. Dados dispon\u00edveis na A\u00e7\u00e3o Civil P\u00fablica movida contra a concession\u00e1ria apontam altera\u00e7\u00f5es na qualidade da \u00e1gua fornecida.\u00a0<\/p><p>O vereador informou que o laudo pericial fornecido na a\u00e7\u00e3o informa que a \u00e1gua apresentou altera\u00e7\u00f5es nas caracter\u00edsticas naturais, apresentando odor de perfume e sabor adocicado em raz\u00e3o da presen\u00e7a de fenol na \u00e1gua captada no Rio Jaguari.\u00a0<\/p><p>As altera\u00e7\u00f5es constatadas foram identificadas em per\u00edodos diferentes entre os anos de 2019 e 2020. Cerca de 150 consumidores registraram reclama\u00e7\u00f5es sobre a diverg\u00eancia na qualidade da \u00e1gua.<\/p><p>\u201cSe por um lado o consumidor paga pelo abastecimento e consumo da \u00e1gua e coleta de esgoto, por outro lado ele tem o direito de receber a adequada presta\u00e7\u00e3o de servi\u00e7os da concession\u00e1ria de servi\u00e7os p\u00fablicos, cabendo ao poder concedente fiscalizar a presta\u00e7\u00e3o dos servi\u00e7os, ainda que seja por meio de ag\u00eancia reguladora\u201d, defendeu o parlamentar.<\/p><p>Waguinho tamb\u00e9m direcionou \u00e0 Prefeitura questionamentos no que se refere a multa recebida pela BRK Ambiental em decorr\u00eancia dos fatos apontados. O vereador tamb\u00e9m questionou sobre a garantia que assegura os consumidores de que os problemas n\u00e3o ser\u00e3o reincidentes.<\/p><p>\u201cA \u00e1gua fornecida \u00e0 popula\u00e7\u00e3o deve atender n\u00e3o apenas aos padr\u00f5es de potabilidade, mas tamb\u00e9m aos padr\u00f5es organol\u00e9pticos (caracter\u00edsticas que podem ser sentidas pelos sentidos humanos), conforme expressamente previsto em legisla\u00e7\u00e3o. Ao n\u00e3o atender tais padr\u00f5es a concession\u00e1ria prestou servi\u00e7o inadequado \u00e0 popula\u00e7\u00e3o, nos termos do art. 6\u00ba da <a href=\"https:\/\/www.planalto.gov.br\/ccivil_03\/leis\/l8987cons.htm\" rel=\"noopener\">Lei N\u00ba 8.987\/1995<\/a> e do art. 22 do <a href=\"https:\/\/www.planalto.gov.br\/ccivil_03\/leis\/l8078compilado.htm#:~:text=contr%C3%A1rio%20do%20consumidor.-,Art.,%2C%20quanto%20aos%20essenciais%2C%20cont%C3%ADnuos.\" rel=\"noopener\">C\u00f3digo de Defesa do Consumidor<\/a>\u201d,declarou o vereador.\u00a0<\/p><p>Informa\u00e7\u00f5es referentes a campanhas preventivas para o diagn\u00f3stico de doen\u00e7as causadas pela ingest\u00e3o de \u00e1gua com a presen\u00e7a de compostos org\u00e2nicos clorados, que oferecem risco para o desenvolvimento de c\u00e2ncer, tamb\u00e9m foram alvo de esclarecimentos pelo vereador requerente.<\/p><p><i>Do Gabinete Parlamentar \u2013 Vereador Waguinho da Santa Luzia (PP)<\/i><\/p><p><strong>As mat\u00e9rias de origem dos Gabinetes Parlamentares s\u00e3o de inteira\u00a0 responsabilidade dos parlamentares e de suas assessorias. S\u00e3o devidamente assinadas e n\u00e3o refletem, necessariamente, a opini\u00e3o institucional da C\u00e2mara Municipal de Limeira.<\/strong><\/p>\t\t\t\t<\/div>\r\n<br>\r\n<br><a href=\"https:\/\/www.limeira.sp.leg.br\/noticias\/view\/2025-04-04_waguinho-da-santa-luzia-requer-esclarecimentos-sobre-sancao-aplicada-a-brk-ambiental\" rel=\"noopener\">Informa\u00e7\u00f5es CML <\/a>","protected":false},"excerpt":{"rendered":"<p>Obter informa\u00e7\u00f5es sobre a eventual san\u00e7\u00e3o aplicada \u00e0 concession\u00e1ria respons\u00e1vel pelo abastecimento de \u00e1gua de Limeira, BRK Ambiental, \u00e9 a finalidade do Requerimento N\u00b0 228\/2025 apresentado pelo vereador Waguinho da Santa Luzia (PP) nesta quinta-feira, 3 de mar\u00e7o. Dados dispon\u00edveis na A\u00e7\u00e3o Civil P\u00fablica movida contra a concession\u00e1ria apontam altera\u00e7\u00f5es na qualidade da \u00e1gua fornecida.\u00a0 [&hellip;]<\/p>\n","protected":false},"author":1,"featured_media":29341,"comment_status":"open","ping_status":"open","sticky":false,"template":"","format":"standard","meta":{"_jetpack_newsletter_access":"","_jetpack_dont_email_post_to_subs":false,"_jetpack_newsletter_tier_id":0,"_jetpack_memberships_contains_paywalled_content":false,"_mbp_banners":[],"_jetpack_feature_clip_id":0,"_jetpack_memberships_contains_paid_content":false,"footnotes":"","jetpack_publicize_message":"","jetpack_publicize_feature_enabled":true,"jetpack_social_post_already_shared":true,"jetpack_social_options":{"image_generator_settings":{"template":"highway","default_image_id":0,"font":"","enabled":false},"version":2},"jetpack_post_was_ever_published":false},"categories":[19],"tags":[],"class_list":["post-29340","post","type-post","status-publish","format-standard","has-post-thumbnail","category-politica"],"jetpack_publicize_connections":[],"jetpack-related-posts":[],"jetpack_shortlink":"https:\/\/wp.me\/p7Eq1F-7De","jetpack_sharing_enabled":true,"jetpack_featured_media_url":"https:\/\/i0.wp.com\/guialimeira.com.br\/news\/wp-content\/uploads\/2025\/04\/Waguinho-da-Santa-Luzia-requer-esclarecimentos-sobre-sancao-aplicada-a.jp.jpeg?fit=1280%2C640&ssl=1","_links":{"self":[{"href":"https:\/\/guialimeira.com.br\/news\/wp-json\/wp\/v2\/posts\/29340","targetHints":{"allow":["GET"]}}],"collection":[{"href":"https:\/\/guialimeira.com.br\/news\/wp-json\/wp\/v2\/posts"}],"about":[{"href":"https:\/\/guialimeira.com.br\/news\/wp-json\/wp\/v2\/types\/post"}],"author":[{"embeddable":true,"href":"https:\/\/guialimeira.com.br\/news\/wp-json\/wp\/v2\/users\/1"}],"replies":[{"embeddable":true,"href":"https:\/\/guialimeira.com.br\/news\/wp-json\/wp\/v2\/comments?post=29340"}],"version-history":[{"count":1,"href":"https:\/\/guialimeira.com.br\/news\/wp-json\/wp\/v2\/posts\/29340\/revisions"}],"predecessor-version":[{"id":29342,"href":"https:\/\/guialimeira.com.br\/news\/wp-json\/wp\/v2\/posts\/29340\/revisions\/29342"}],"wp:featuredmedia":[{"embeddable":true,"href":"https:\/\/guialimeira.com.br\/news\/wp-json\/wp\/v2\/media\/29341"}],"wp:attachment":[{"href":"https:\/\/guialimeira.com.br\/news\/wp-json\/wp\/v2\/media?parent=29340"}],"wp:term":[{"taxonomy":"category","embeddable":true,"href":"https:\/\/guialimeira.com.br\/news\/wp-json\/wp\/v2\/categories?post=29340"},{"taxonomy":"post_tag","embeddable":true,"href":"https:\/\/guialimeira.com.br\/news\/wp-json\/wp\/v2\/tags?post=29340"}],"curies":[{"name":"wp","href":"https:\/\/api.w.org\/{rel}","templated":true}]}}