{"id":29310,"date":"2025-04-04T10:32:45","date_gmt":"2025-04-04T13:32:45","guid":{"rendered":"https:\/\/guialimeira.com.br\/?p=29310"},"modified":"2025-04-04T10:32:45","modified_gmt":"2025-04-04T13:32:45","slug":"camara-de-vereadores-juniores-2025-inscricoes-abertas-para-estudantes-ate-25-de-abril","status":"publish","type":"post","link":"https:\/\/guialimeira.com.br\/news\/camara-de-vereadores-juniores-2025-inscricoes-abertas-para-estudantes-ate-25-de-abril\/","title":{"rendered":"C\u00e2mara de Vereadores Juniores 2025: inscri\u00e7\u00f5es abertas para estudantes at\u00e9 25 de abril"},"content":{"rendered":"\n<figure class=\"wp-block-gallery has-nested-images columns-default is-cropped wp-block-gallery-1 is-layout-flex wp-block-gallery-is-layout-flex\"><\/figure>\n \r\n<br><img data-recalc-dims=\"1\" decoding=\"async\" src=\"https:\/\/i0.wp.com\/guialimeira.com.br\/wp-content\/uploads\/2025\/04\/2025-04-04_camara-de-vereadores-juniores-2025-inscricoes-abertas-para-estudantes-ate-25-de-abril_1.j.jpeg?w=696&#038;ssl=1\" \/><br><div>\n\t\t\t\t\t<p>As inscri\u00e7\u00f5es para as vagas remanescentes do projeto C\u00e2mara de Vereadores Juniores, da C\u00e2mara Municipal de Limeira, j\u00e1 est\u00e3o abertas. As escolas t\u00eam at\u00e9 o dia 25 de abril para indicar dois alunos do Ensino Fundamental II e M\u00e9dio, para representar um titular e um suplente na Casa de Leis.<\/p><p>Estudantes de 12 a 17 anos, matriculados em escolas p\u00fablicas ou particulares da cidade podem participar. O regulamento do Parlamento Jovem e as fichas de inscri\u00e7\u00e3o s\u00e3o enviados \u00e0s institui\u00e7\u00f5es pela Escola Legislativa Paulo Freire \u2013 cada escola realiza uma elei\u00e7\u00e3o interna para escolher seu representante, que, posteriormente, ser\u00e1 diplomado como J\u00fanior.<\/p><p>As institui\u00e7\u00f5es devem ainda encaminhar a ficha de inscri\u00e7\u00e3o para o e-mail <a href=\"https:\/\/www.limeira.sp.leg.br\/noticias\/view\/mailto:escolalegislativa@limeira.sp.leg.br\" rel=\"noopener\">escolalegislativa@limeira.sp.leg.br<\/a>, com Termo de Participa\u00e7\u00e3o e Autoriza\u00e7\u00e3o de Uso de Imagem e Voz, que podem ser baixadas por este <a href=\"http:\/\/consulta.limeira.sp.leg.br\/arquivo?Id=383043\" rel=\"noopener\">link<\/a> ou solicitadas por Whatsapp 19 98130 2736. Tamb\u00e9m \u00e9 necess\u00e1rio um formul\u00e1rio por aluno, contendo as informa\u00e7\u00f5es pessoais indicando quem ser\u00e1 o titular e quem ser\u00e1 o suplente.\u00a0\u00a0\u00a0\u00a0\u00a0\u00a0\u00a0<\/p><p><strong>Vereadores Juniores\u00a0<\/strong><\/p><p>A C\u00e2mara de Vereadores Juniores foi criada pela <a href=\"http:\/\/consulta.limeira.sp.leg.br\/Documentos\/Documento\/307502\" rel=\"noopener\">Resolu\u00e7\u00e3o N\u00ba 843\/2023<\/a>, como parte do projeto Parlamento Jovem. O grupo ser\u00e1 formado por 21 alunos, com mandato de um ano. A organiza\u00e7\u00e3o do projeto est\u00e1 a cargo da Escola Legislativa Paulo Freire e da Comiss\u00e3o respons\u00e1vel, composta pelos vereadores Carlinhos do Grotta (PL), Helder do T\u00e1xi (PSD), Estev\u00e3o Nogueira (Avante), Jo\u00e3o Bano (SD) e Dr. Marcelo Rossi (MDB).<\/p><p>Cada vereador j\u00fanior ter\u00e1 um vereador padrinho, que supervisionar\u00e1 seus trabalhos e encaminhar\u00e1 suas propostas ao Legislativo. As sess\u00f5es ordin\u00e1rias ocorrem bimestralmente, seguindo o mesmo protocolo das sess\u00f5es oficiais da C\u00e2mara \u2013 os juniores poder\u00e3o apresentar propostas sobre as \u00e1reas da educa\u00e7\u00e3o, sa\u00fade, cultura, esporte, lazer e meio ambiente, que ser\u00e3o lidas, discutidas e votadas.<\/p><p>Segundo a Escola Legislativa, o projeto visa proporcionar aos jovens experi\u00eancia no processo democr\u00e1tico, ajudando-os a compreender o papel do Legislativo e como isso afeta diretamente as suas vidas enquanto cidad\u00e3os.\u00a0<\/p>\t\t\t\t<\/div>\r\n<br>\r\n<br><a href=\"https:\/\/www.limeira.sp.leg.br\/noticias\/view\/2025-04-04_camara-de-vereadores-juniores-2025-inscricoes-abertas-para-estudantes-ate-25-de-abril\" rel=\"noopener\">Informa\u00e7\u00f5es CML <\/a>","protected":false},"excerpt":{"rendered":"<p>As inscri\u00e7\u00f5es para as vagas remanescentes do projeto C\u00e2mara de Vereadores Juniores, da C\u00e2mara Municipal de Limeira, j\u00e1 est\u00e3o abertas. As escolas t\u00eam at\u00e9 o dia 25 de abril para indicar dois alunos do Ensino Fundamental II e M\u00e9dio, para representar um titular e um suplente na Casa de Leis. Estudantes de 12 a 17 [&hellip;]<\/p>\n","protected":false},"author":1,"featured_media":29311,"comment_status":"open","ping_status":"open","sticky":false,"template":"","format":"standard","meta":{"_jetpack_newsletter_access":"","_jetpack_dont_email_post_to_subs":false,"_jetpack_newsletter_tier_id":0,"_jetpack_memberships_contains_paywalled_content":false,"_mbp_banners":[],"_jetpack_feature_clip_id":0,"_jetpack_memberships_contains_paid_content":false,"footnotes":"","jetpack_publicize_message":"","jetpack_publicize_feature_enabled":true,"jetpack_social_post_already_shared":true,"jetpack_social_options":{"image_generator_settings":{"template":"highway","default_image_id":0,"font":"","enabled":false},"version":2},"jetpack_post_was_ever_published":false},"categories":[19],"tags":[],"class_list":["post-29310","post","type-post","status-publish","format-standard","has-post-thumbnail","category-politica"],"jetpack_publicize_connections":[],"jetpack-related-posts":[],"jetpack_shortlink":"https:\/\/wp.me\/p7Eq1F-7CK","jetpack_sharing_enabled":true,"jetpack_featured_media_url":"https:\/\/i0.wp.com\/guialimeira.com.br\/news\/wp-content\/uploads\/2025\/04\/Camara-de-Vereadores-Juniores-2025-inscricoes-abertas-para-estudantes-ate.j.jpeg?fit=1280%2C640&ssl=1","_links":{"self":[{"href":"https:\/\/guialimeira.com.br\/news\/wp-json\/wp\/v2\/posts\/29310","targetHints":{"allow":["GET"]}}],"collection":[{"href":"https:\/\/guialimeira.com.br\/news\/wp-json\/wp\/v2\/posts"}],"about":[{"href":"https:\/\/guialimeira.com.br\/news\/wp-json\/wp\/v2\/types\/post"}],"author":[{"embeddable":true,"href":"https:\/\/guialimeira.com.br\/news\/wp-json\/wp\/v2\/users\/1"}],"replies":[{"embeddable":true,"href":"https:\/\/guialimeira.com.br\/news\/wp-json\/wp\/v2\/comments?post=29310"}],"version-history":[{"count":1,"href":"https:\/\/guialimeira.com.br\/news\/wp-json\/wp\/v2\/posts\/29310\/revisions"}],"predecessor-version":[{"id":29312,"href":"https:\/\/guialimeira.com.br\/news\/wp-json\/wp\/v2\/posts\/29310\/revisions\/29312"}],"wp:featuredmedia":[{"embeddable":true,"href":"https:\/\/guialimeira.com.br\/news\/wp-json\/wp\/v2\/media\/29311"}],"wp:attachment":[{"href":"https:\/\/guialimeira.com.br\/news\/wp-json\/wp\/v2\/media?parent=29310"}],"wp:term":[{"taxonomy":"category","embeddable":true,"href":"https:\/\/guialimeira.com.br\/news\/wp-json\/wp\/v2\/categories?post=29310"},{"taxonomy":"post_tag","embeddable":true,"href":"https:\/\/guialimeira.com.br\/news\/wp-json\/wp\/v2\/tags?post=29310"}],"curies":[{"name":"wp","href":"https:\/\/api.w.org\/{rel}","templated":true}]}}