{"id":29290,"date":"2025-04-04T01:56:43","date_gmt":"2025-04-04T04:56:43","guid":{"rendered":"https:\/\/guialimeira.com.br\/?p=29290"},"modified":"2025-04-04T01:56:43","modified_gmt":"2025-04-04T04:56:43","slug":"senado-aprova-retaliacao-comercial-as-vesperas-de-tarifaco-de-trump","status":"publish","type":"post","link":"https:\/\/guialimeira.com.br\/news\/senado-aprova-retaliacao-comercial-as-vesperas-de-tarifaco-de-trump\/","title":{"rendered":"Senado aprova retalia\u00e7\u00e3o comercial \u00e0s v\u00e9speras de tarifa\u00e7o de Trump"},"content":{"rendered":"\n<figure class=\"wp-block-gallery has-nested-images columns-default is-cropped wp-block-gallery-1 is-layout-flex wp-block-gallery-is-layout-flex\">\n<figure class=\"wp-block-image size-large\"><\/figure>\n\t\t\t\t\t\n<figure class=\"wp-block-image size-large\"><img loading=\"lazy\" decoding=\"async\" width=\"1\" height=\"1\" data-attachment-id=\"29289\" data-permalink=\"https:\/\/guialimeira.com.br\/news\/senado-aprova-retaliacao-comercial-as-vesperas-de-tarifaco-de-trump-2\/\" data-orig-file=\"https:\/\/i0.wp.com\/guialimeira.com.br\/news\/wp-content\/uploads\/2025\/04\/1743742600_240_ebc.gif?fit=1%2C1&amp;ssl=1\" data-orig-size=\"1,1\" data-comments-opened=\"1\" data-image-meta=\"{&quot;aperture&quot;:&quot;0&quot;,&quot;credit&quot;:&quot;&quot;,&quot;camera&quot;:&quot;&quot;,&quot;caption&quot;:&quot;&quot;,&quot;created_timestamp&quot;:&quot;0&quot;,&quot;copyright&quot;:&quot;&quot;,&quot;focal_length&quot;:&quot;0&quot;,&quot;iso&quot;:&quot;0&quot;,&quot;shutter_speed&quot;:&quot;0&quot;,&quot;title&quot;:&quot;&quot;,&quot;orientation&quot;:&quot;0&quot;}\" data-image-title=\"Senado aprova retalia\u00e7\u00e3o comercial \u00e0s v\u00e9speras de tarifa\u00e7o de Trump\" data-image-description=\"\" data-image-caption=\"\" data-large-file=\"https:\/\/i0.wp.com\/guialimeira.com.br\/news\/wp-content\/uploads\/2025\/04\/1743742600_240_ebc.gif?fit=1%2C1&amp;ssl=1\" data-id=\"29289\" src=\"https:\/\/i0.wp.com\/guialimeira.com.br\/wp-content\/uploads\/2025\/04\/1743742600_240_ebc.gif?resize=1%2C1&amp;ssl=1\" alt=\"\" class=\"wp-image-29289\" \/><\/figure>\n\t\t\t\t\t<\/figure>\n \r\n<br><div>\n                    <p><strong>A Comiss\u00e3o de Assuntos Econ\u00f4micos (CAE) do Senado aprovou, nesta ter\u00e7a-feira (1\u00ba), o <a href=\"https:\/\/www25.senado.leg.br\/web\/atividade\/materias\/-\/materia\/157055\" target=\"_blank\" rel=\"noopener\">Projeto de Lei (PL) 2.088\/2023<\/a> de reciprocidade comercial, que permite ao governo brasileiro retaliar medidas comerciais que prejudiquem os produtos do pa\u00eds no mercado internacional. <\/strong><img data-recalc-dims=\"1\" decoding=\"async\" src=\"https:\/\/i0.wp.com\/guialimeira.com.br\/wp-content\/uploads\/2025\/04\/1743742600_343_ebc.png?w=696&#038;ssl=1\" style=\"width:1px;height:1px\" \/><img data-recalc-dims=\"1\" decoding=\"async\" src=\"https:\/\/i0.wp.com\/guialimeira.com.br\/wp-content\/uploads\/2025\/04\/1743742600_240_ebc.gif?w=696&#038;ssl=1\" style=\"width:1px;height:1px\" \/><\/p>\n\n<p>A aprova\u00e7\u00e3o ocorre um dia antes do an\u00fancio de novo tarifa\u00e7o pelo presidente dos Estados Unidos (EUA), Donald Trump, que promete impor \u201ctarifas rec\u00edprocas\u201d com a taxa\u00e7\u00e3o de produtos de todos os pa\u00edses que cobrem impostos para importa\u00e7\u00e3o de bens e produtos norte-americanos.<\/p>\n\n<p>O projeto de lei da reciprocidade comercial foi aprovado por unanimidade na CAE, em car\u00e1ter terminativo. Ou seja, o projeto segue diretamente para an\u00e1lise da C\u00e2mara dos Deputados, sem necessidade de ser aprovado pelo plen\u00e1rio do Senado.<\/p>\n\n<p>O Artigo 1\u00ba do projeto diz que a lei estabelece crit\u00e9rios para respostas a a\u00e7\u00f5es, pol\u00edticas ou pr\u00e1ticas unilaterais de pa\u00eds ou bloco econ\u00f4mico que \u201cimpactem negativamente a competitividade internacional brasileira\u201d.<\/p>\n\n<p><strong>Se aprovada, a lei valer\u00e1 para pa\u00edses ou blocos que \u201cinterfiram nas escolhas leg\u00edtimas e soberanas do Brasil\u201d. <\/strong>No Artigo 3\u00ba, o projeto autoriza o Conselho Estrat\u00e9gico da C\u00e2mara de Com\u00e9rcio Exterior (Camex), ligado ao Executivo, a \u201cadotar contramedidas na forma de restri\u00e7\u00e3o \u00e0s importa\u00e7\u00f5es de bens e servi\u00e7os\u201d, prevendo ainda medidas de negocia\u00e7\u00e3o entre as partes antes de qualquer decis\u00e3o.<\/p>\n\n<p>A relatora do texto, senadora Tereza Cristina (PP-MS), explicou que a medida n\u00e3o \u00e9 uma lei s\u00f3 para os Estados Unidos, mas para todos os mercados e pa\u00edses.<\/p>\n\n<blockquote>\n<p>\u201cEste \u00e9 um projeto de prote\u00e7\u00e3o aos produtos brasileiros, e n\u00e3o de contramedidas ou contra outros pa\u00edses. Agora, se o Brasil tiver os seus produtos com retalia\u00e7\u00f5es desmedidas, o governo passa a ter a possibilidade de fazer essas contramedidas na mesma base que vem de outros pa\u00edses ou blocos econ\u00f4micos\u201d, explicou a parlamentar.<\/p>\n<\/blockquote>\n\n<p>O presidente da CAE, senador Renan Calheiros (MDB\/AL), destacou que <strong>o projeto d\u00e1 ao Executivo ferramentas para agir contra medidas comerciais que atinjam as exporta\u00e7\u00f5es do pa\u00eds.<\/strong><\/p>\n\n<blockquote>\n<p>\u201cO projeto \u00e9, sem d\u00favida nenhuma, uma resposta leg\u00edtima ao tarifa\u00e7o americano. N\u00f3s estamos apenas suprindo a legisla\u00e7\u00e3o brasileira de mecanismos de reciprocidade. N\u00f3s n\u00e3o estamos adotando a reciprocidade, mas, se o governo quiser adotar a reciprocidade, n\u00e3o ser\u00e1 por falta de legisla\u00e7\u00e3o que deixar\u00e1 de fazer isso\u201d, afirmou Renan.<\/p>\n<\/blockquote>\n\n<h2>Leis ambientais<\/h2>\n\n<p>O projeto de lei surgiu, inicialmente, em resposta \u00e0 legisla\u00e7\u00e3o da Uni\u00e3o Europeia (UE), que busca impor restri\u00e7\u00f5es \u00e0 importa\u00e7\u00e3o de produtos de pa\u00edses que n\u00e3o respeitem determinados crit\u00e9rios ambientais.<\/p>\n\n<p>O texto aprovado na CAE e encaminhado \u00e0 C\u00e2mara permite que o governo brasileiro adote a reciprocidade comercial nos casos de \u201cmedidas unilaterais com base em requisitos ambientais que sejam mais onerosos do que os par\u00e2metros, normas e padr\u00f5es de prote\u00e7\u00e3o ambiental adotados pelo Brasil\u201d.<\/p>\n\n<p><strong>Segundo a relatora Tereza Cristina, as medidas da UE s\u00e3o protecionistas e estabelecem regras mais r\u00edgidas que a legisla\u00e7\u00e3o brasileira, prejudicando os produtos agropecu\u00e1rios do pa\u00eds.<\/strong><\/p>\n\n<p>\u201cO bloco europeu aproveita-se da paralisia do mecanismo de solu\u00e7\u00e3o de controv\u00e9rsias da OMC [Organiza\u00e7\u00e3o Mundial do Com\u00e9rcio] para compelir o cumprimento de seus padr\u00f5es ambientais a determinados pa\u00edses. N\u00e3o se trata de uma verdadeira \u2018lei antidesmatamento\u2019, mas de um regramento que imp\u00f5e uma s\u00e9rie de obriga\u00e7\u00f5es para comprova\u00e7\u00e3o da origem de um produto, o que torna muito oneroso exportar para a Uni\u00e3o Europeia, escreveu a senadora em seu relat\u00f3rio.<\/p>\n\n<p>A <a href=\"https:\/\/agenciabrasil.ebc.com.br\/economia\/noticia\/2025-03\/omc-paralisada-por-eua-limita-capacidade-de-arbitrar-guerra-de-tarifas#:~:text=A%20paralisa%C3%A7%C3%A3o%20da%20Organiza%C3%A7%C3%A3o%20Mundial,governo%20do%20presidente%20Donald%20Trump\" target=\"_blank\" rel=\"noopener\">paralisa\u00e7\u00e3o da OMC<\/a> promovida pelos Estados Unidos limita a capacidade da organiza\u00e7\u00e3o de arbitrar conflitos na \u00e1rea comercial, justo no momento em que se aprofunda a guerra de tarifas iniciada pelo governo do presidente Donald Trump.<\/p>\n\n      <!-- Relacionada -->\n              \n            <!-- Relacionada -->\n    <\/div>\r\n<br>\r\n<br><a href=\"https:\/\/agenciabrasil.ebc.com.br\/politica\/noticia\/2025-04\/senado-aprova-retaliacao-comercial-vesperas-de-tarifaco-de-trump\" rel=\"noopener\">Ag\u00eancia Brasil<\/a>","protected":false},"excerpt":{"rendered":"<p>A Comiss\u00e3o de Assuntos Econ\u00f4micos (CAE) do Senado aprovou, nesta ter\u00e7a-feira (1\u00ba), o Projeto de Lei (PL) 2.088\/2023 de reciprocidade comercial, que permite ao governo brasileiro retaliar medidas comerciais que prejudiquem os produtos do pa\u00eds no mercado internacional. A aprova\u00e7\u00e3o ocorre um dia antes do an\u00fancio de novo tarifa\u00e7o pelo presidente dos Estados Unidos (EUA), [&hellip;]<\/p>\n","protected":false},"author":1,"featured_media":29291,"comment_status":"open","ping_status":"open","sticky":false,"template":"","format":"standard","meta":{"_jetpack_newsletter_access":"","_jetpack_dont_email_post_to_subs":false,"_jetpack_newsletter_tier_id":0,"_jetpack_memberships_contains_paywalled_content":false,"_mbp_banners":[],"_jetpack_feature_clip_id":0,"_jetpack_memberships_contains_paid_content":false,"footnotes":"","jetpack_publicize_message":"","jetpack_publicize_feature_enabled":true,"jetpack_social_post_already_shared":true,"jetpack_social_options":{"image_generator_settings":{"template":"highway","default_image_id":0,"font":"","enabled":false},"version":2},"jetpack_post_was_ever_published":false},"categories":[19],"tags":[],"class_list":["post-29290","post","type-post","status-publish","format-standard","has-post-thumbnail","category-politica"],"jetpack_publicize_connections":[],"jetpack-related-posts":[],"jetpack_shortlink":"https:\/\/wp.me\/p7Eq1F-7Cq","jetpack_sharing_enabled":true,"jetpack_featured_media_url":"https:\/\/i0.wp.com\/guialimeira.com.br\/news\/wp-content\/uploads\/2025\/04\/Senado-aprova-retaliacao-comercial-as-vesperas-de-tarifaco-de-Trump.jpg?fit=1600%2C800&ssl=1","_links":{"self":[{"href":"https:\/\/guialimeira.com.br\/news\/wp-json\/wp\/v2\/posts\/29290","targetHints":{"allow":["GET"]}}],"collection":[{"href":"https:\/\/guialimeira.com.br\/news\/wp-json\/wp\/v2\/posts"}],"about":[{"href":"https:\/\/guialimeira.com.br\/news\/wp-json\/wp\/v2\/types\/post"}],"author":[{"embeddable":true,"href":"https:\/\/guialimeira.com.br\/news\/wp-json\/wp\/v2\/users\/1"}],"replies":[{"embeddable":true,"href":"https:\/\/guialimeira.com.br\/news\/wp-json\/wp\/v2\/comments?post=29290"}],"version-history":[{"count":1,"href":"https:\/\/guialimeira.com.br\/news\/wp-json\/wp\/v2\/posts\/29290\/revisions"}],"predecessor-version":[{"id":29292,"href":"https:\/\/guialimeira.com.br\/news\/wp-json\/wp\/v2\/posts\/29290\/revisions\/29292"}],"wp:featuredmedia":[{"embeddable":true,"href":"https:\/\/guialimeira.com.br\/news\/wp-json\/wp\/v2\/media\/29291"}],"wp:attachment":[{"href":"https:\/\/guialimeira.com.br\/news\/wp-json\/wp\/v2\/media?parent=29290"}],"wp:term":[{"taxonomy":"category","embeddable":true,"href":"https:\/\/guialimeira.com.br\/news\/wp-json\/wp\/v2\/categories?post=29290"},{"taxonomy":"post_tag","embeddable":true,"href":"https:\/\/guialimeira.com.br\/news\/wp-json\/wp\/v2\/tags?post=29290"}],"curies":[{"name":"wp","href":"https:\/\/api.w.org\/{rel}","templated":true}]}}