{"id":29276,"date":"2025-04-03T22:45:02","date_gmt":"2025-04-04T01:45:02","guid":{"rendered":"https:\/\/guialimeira.com.br\/2025\/04\/03\/tarifaco-pode-acelerar-acordo-mercosul-ue-diz-presidente-da-apex\/"},"modified":"2025-04-03T22:45:02","modified_gmt":"2025-04-04T01:45:02","slug":"tarifaco-pode-acelerar-acordo-mercosul-ue-diz-presidente-da-apex","status":"publish","type":"post","link":"https:\/\/guialimeira.com.br\/news\/tarifaco-pode-acelerar-acordo-mercosul-ue-diz-presidente-da-apex\/","title":{"rendered":"Tarifa\u00e7o pode acelerar acordo Mercosul-UE, diz presidente da Apex"},"content":{"rendered":"<p> <br \/>\n<\/p>\n<div>\n<p>O <strong>tarifa\u00e7o<\/strong>\u00a0anunciado pelo presidente dos Estados Unidos, Donald Trump, <strong>poder\u00e1 acelerar o processo de acordo entre o Mercosul e a Uni\u00e3o Europeia (EU)<\/strong>. A <strong>avalia\u00e7\u00e3o \u00e9 do presidente da Ag\u00eancia Brasileira de Promo\u00e7\u00e3o de Exporta\u00e7\u00f5es e Investimentos (ApexBrasil), Jorge Viana<\/strong>.\u00a0<img data-recalc-dims=\"1\" decoding=\"async\" src=\"https:\/\/i0.wp.com\/agenciabrasil.ebc.com.br\/ebc.png?w=696&#038;ssl=1\" style=\"width:1px; height:1px; display:inline;\"\/><img data-recalc-dims=\"1\" decoding=\"async\" src=\"https:\/\/i0.wp.com\/agenciabrasil.ebc.com.br\/ebc.gif?w=696&#038;ssl=1\" style=\"width:1px; height:1px; display:inline;\"\/><\/p>\n<blockquote>\n<p>\u201cEu acho que o Brasil n\u00e3o tem que focar em qual vantagem a gente vai tirar nisso. At\u00e9 porque o presidente Lula \u00e9 do multilateralismo, prop\u00f5e acordos. Mas \u00e9 \u00f3bvio que, qualquer analista vai ver, se os Estados Unidos conseguirem implementar essas medidas, pode ter como consequ\u00eancia, por exemplo, acelerar o processo do acordo Mercosul-Uni\u00e3o Europeia\u201d, disse, em entrevista coletiva na tarde desta quinta-feira (3).<\/p>\n<\/blockquote>\n<p>\u201cJ\u00e1 ouvimos e vimos manifesta\u00e7\u00f5es de l\u00edderes europeus que dizem que v\u00e3o acelerar o processo de valida\u00e7\u00e3o do acordo Mercosul-Uni\u00e3o Europeia\u201d, acrescentou.<\/p>\n<p>De acordo com Viana, as <strong>novas tarifas anunciadas pelos Estados Unidos abrir\u00e3o novas possibilidades comerciais para o Brasil<\/strong> e demais pa\u00edses. \u201cMas acho que, antes das possibilidades, v\u00e3o vir as dificuldades. E \u00e9 um risco grande. \u00c9 algo que pode construir uma nova era. Tem alguns analistas que j\u00e1 falam que pode ser que os Estados Unidos podem estar abrindo agora a era da China\u201d, acrescentou.<\/p>\n<p>Em m\u00e9dia, as tarifas aplicadas por Trump foram de 10% para pa\u00edses da Am\u00e9rica Latina, de 20% para Europa e de 30% para \u00c1sia, mostrando que o governo americano v\u00ea como maior amea\u00e7a os pa\u00edses orientais.\u00a0<\/p>\n<p>Apesar da <a href=\"https:\/\/agenciabrasil.ebc.com.br\/economia\/noticia\/2025-04\/entenda-guerra-de-tarifas-de-trump-e-consequencias-para-brasil\" target=\"_blank\" rel=\"noopener\">taxa menor aplicada ao Brasil, de 10%<\/a>, o presidente da Apex disse n\u00e3o ver \u201cvantagem\u201d para o pa\u00eds e afirmou acreditar que o tarifa\u00e7o n\u00e3o ser\u00e1 ben\u00e9fico para o com\u00e9rcio global.<\/p>\n<blockquote>\n<p>\u201cEu n\u00e3o consigo enxergar vantagem nenhuma quando o mundo pode piorar a sua rela\u00e7\u00e3o comercial. Foram os Estados Unidos que introduziram no mundo, h\u00e1 d\u00e9cadas, a ideia do livre mercado, dos conglomerados, dos acordos comerciais, foram eles que fizeram, dizendo que isso era melhor para o mundo. E, de fato, para o mundo ficar mais pac\u00edfico, voc\u00ea tem que ter um mundo mais transacional entre os pa\u00edses\u201d, afirmou.<\/p>\n<\/blockquote>\n<p>Ele ressalvou, no entanto, que o<strong> Brasil poder\u00e1 passar a receber mais investimentos, mas que a nova conjuntura ser\u00e1 &#8220;ruim para todos&#8221;<\/strong>.<\/p>\n<p>\u201cAcho que, na incerteza, o Brasil pode ter mais investimento do que tem, mas eu n\u00e3o estou querendo trabalhar a tese do tirar proveito ou tirar benef\u00edcio, porque um mundo inseguro, um mundo em conflito, \u00e9 ruim para todo mundo, inclusive o Brasil. A tese minha \u00e9 essa, vai ser ruim para todos, independente de voc\u00ea ganhar mais aqui ou perder ali\u201d.<\/p>\n<p>      <!-- Relacionada --><\/p>\n<p>            <!-- Relacionada -->\n    <\/div>\n<p><br \/>\n<br \/><a href=\"https:\/\/agenciabrasil.ebc.com.br\/economia\/noticia\/2025-04\/tarifaco-pode-acelerar-acordo-mercosul-ue-diz-presidente-da-apex\" rel=\"noopener\">Ag\u00eancia Brasil<\/a><\/p>\n","protected":false},"excerpt":{"rendered":"<p>O tarifa\u00e7o\u00a0anunciado pelo presidente dos Estados Unidos, Donald Trump, poder\u00e1 acelerar o processo de acordo entre o Mercosul e a Uni\u00e3o Europeia (EU). A avalia\u00e7\u00e3o \u00e9 do presidente da Ag\u00eancia Brasileira de Promo\u00e7\u00e3o de Exporta\u00e7\u00f5es e Investimentos (ApexBrasil), Jorge Viana.\u00a0 \u201cEu acho que o Brasil n\u00e3o tem que focar em qual vantagem a gente vai [&hellip;]<\/p>\n","protected":false},"author":1,"featured_media":29277,"comment_status":"open","ping_status":"open","sticky":false,"template":"","format":"standard","meta":{"_jetpack_newsletter_access":"","_jetpack_dont_email_post_to_subs":false,"_jetpack_newsletter_tier_id":0,"_jetpack_memberships_contains_paywalled_content":false,"_mbp_banners":[],"_jetpack_feature_clip_id":0,"_jetpack_memberships_contains_paid_content":false,"footnotes":"","jetpack_publicize_message":"","jetpack_publicize_feature_enabled":true,"jetpack_social_post_already_shared":true,"jetpack_social_options":{"image_generator_settings":{"template":"highway","default_image_id":0,"font":"","enabled":false},"version":2},"jetpack_post_was_ever_published":false},"categories":[24],"tags":[],"class_list":["post-29276","post","type-post","status-publish","format-standard","has-post-thumbnail","category-economia"],"jetpack_publicize_connections":[],"jetpack-related-posts":[],"jetpack_shortlink":"https:\/\/wp.me\/p7Eq1F-7Cc","jetpack_sharing_enabled":true,"jetpack_featured_media_url":"https:\/\/i0.wp.com\/guialimeira.com.br\/news\/wp-content\/uploads\/2025\/04\/apexbrasil_jorge_viana02.jpg?fit=1600%2C800&ssl=1","_links":{"self":[{"href":"https:\/\/guialimeira.com.br\/news\/wp-json\/wp\/v2\/posts\/29276","targetHints":{"allow":["GET"]}}],"collection":[{"href":"https:\/\/guialimeira.com.br\/news\/wp-json\/wp\/v2\/posts"}],"about":[{"href":"https:\/\/guialimeira.com.br\/news\/wp-json\/wp\/v2\/types\/post"}],"author":[{"embeddable":true,"href":"https:\/\/guialimeira.com.br\/news\/wp-json\/wp\/v2\/users\/1"}],"replies":[{"embeddable":true,"href":"https:\/\/guialimeira.com.br\/news\/wp-json\/wp\/v2\/comments?post=29276"}],"version-history":[{"count":0,"href":"https:\/\/guialimeira.com.br\/news\/wp-json\/wp\/v2\/posts\/29276\/revisions"}],"wp:featuredmedia":[{"embeddable":true,"href":"https:\/\/guialimeira.com.br\/news\/wp-json\/wp\/v2\/media\/29277"}],"wp:attachment":[{"href":"https:\/\/guialimeira.com.br\/news\/wp-json\/wp\/v2\/media?parent=29276"}],"wp:term":[{"taxonomy":"category","embeddable":true,"href":"https:\/\/guialimeira.com.br\/news\/wp-json\/wp\/v2\/categories?post=29276"},{"taxonomy":"post_tag","embeddable":true,"href":"https:\/\/guialimeira.com.br\/news\/wp-json\/wp\/v2\/tags?post=29276"}],"curies":[{"name":"wp","href":"https:\/\/api.w.org\/{rel}","templated":true}]}}