{"id":29264,"date":"2025-04-03T20:45:28","date_gmt":"2025-04-03T23:45:28","guid":{"rendered":"https:\/\/guialimeira.com.br\/?p=29264"},"modified":"2025-04-03T20:45:28","modified_gmt":"2025-04-03T23:45:28","slug":"camara-de-limeira-garante-ganho-real-para-servidores-do-legislativo","status":"publish","type":"post","link":"https:\/\/guialimeira.com.br\/news\/camara-de-limeira-garante-ganho-real-para-servidores-do-legislativo\/","title":{"rendered":"C\u00e2mara de Limeira garante ganho real para servidores do Legislativo"},"content":{"rendered":"\n<figure class=\"wp-block-gallery has-nested-images columns-default is-cropped wp-block-gallery-1 is-layout-flex wp-block-gallery-is-layout-flex\"><\/figure>\n \r\n<br><img data-recalc-dims=\"1\" decoding=\"async\" src=\"https:\/\/i0.wp.com\/guialimeira.com.br\/wp-content\/uploads\/2025\/04\/2025-04-03_camara-de-limeira-garante-ganho-real-para-servidores-do-legislativo_1.JPG?w=696&#038;ssl=1\" \/><br><div>\n\t\t\t\t\t<p>A C\u00e2mara Municipal de Limeira convocou reuni\u00e3o da Mesa de Negocia\u00e7\u00e3o com o Sindicato dos Funcion\u00e1rios e Servidores P\u00fablicos Municipais de Limeira (Sindsel) e apresentou, nesta quinta-feira, 3 de abril, a proposta de reajuste para os servidores do Legislativo. O acordo garante a reposi\u00e7\u00e3o da infla\u00e7\u00e3o e um ganho real para a categoria.\u00a0\u00a0\u00a0\u00a0<\/p><p>Os vencimentos dos servidores da C\u00e2mara ser\u00e3o reajustados com a reposi\u00e7\u00e3o da infla\u00e7\u00e3o de 5,06% (calculada para os \u00faltimos 12 meses) e mais 1% de aumento adicional. Para os benef\u00edcios de vale-refei\u00e7\u00e3o e aux\u00edlio-alimenta\u00e7\u00e3o, foi acordado um reajuste de 8,06%, o que garante 3% de ganho real.<\/p><p>A proposta levou em considera\u00e7\u00e3o a infla\u00e7\u00e3o do per\u00edodo e os percentuais de valoriza\u00e7\u00e3o, com a data-base fixada para mar\u00e7o de 2025. O presidente da Casa, Everton Ferreira (PSD), disse que as reivindica\u00e7\u00f5es dos servidores p\u00fablicos s\u00e3o leg\u00edtimas e que garantir um aumento real nos sal\u00e1rios e nos benef\u00edcios do Vale-Refei\u00e7\u00e3o e do Aux\u00edlio Alimenta\u00e7\u00e3o faz parte de sua pol\u00edtica administrativa. &#8220;N\u00e3o h\u00e1 como cuidar bem de uma cidade sem dialogar e ouvir o servidor p\u00fablico&#8221;, afirmou.<\/p><p>Em mesa de negocia\u00e7\u00e3o, tamb\u00e9m foram acordados os seguintes avan\u00e7os para os servidores da C\u00e2mara Municipal de Limeira:\u00a0<\/p><ul><li>Retomada do benef\u00edcio do Vale-Cultura, condicionada \u00e0 viabilidade t\u00e9cnica de contrata\u00e7\u00e3o de uma operadora para emiss\u00e3o do cart\u00e3o;<\/li><li>Tratativas para firmar conv\u00eanio adotando modelo de contrapartida por ades\u00e3o ou parcerias com academias locais, para acesso a plataforma de incentivo \u00e0 pr\u00e1tica de atividades f\u00edsicas;<\/li><li>Cria\u00e7\u00e3o de uma comiss\u00e3o composta por servidores efetivos para estudar e propor melhorias no Plano de Carreira, especialmente em rela\u00e7\u00e3o \u00e0 evolu\u00e7\u00e3o por merecimento.<\/li><li>Apoio \u00e0 extens\u00e3o da licen\u00e7a paternidade de cinco para 20 dias, ficando a medida condicionada \u00e0 altera\u00e7\u00e3o do Estatuto dos Funcion\u00e1rios P\u00fablicos, cuja compet\u00eancia \u00e9 privativa do Poder Executivo.<\/li><\/ul><p>A Mesa de Negocia\u00e7\u00e3o Coletiva Permanente na C\u00e2mara Municipal de Limeira est\u00e1 constitu\u00edda conforme <a href=\"https:\/\/consulta.limeira.sp.leg.br\/arquivo?Id=485011\" rel=\"noopener\">Portaria N\u00ba 61\/2025<\/a>. Confira a composi\u00e7\u00e3o neste <a href=\"https:\/\/consulta.limeira.sp.leg.br\/arquivo?Id=485011\" rel=\"noopener\">link<\/a>.\u00a0<\/p>\t\t\t\t<\/div>\r\n<br>\r\n<br><a href=\"https:\/\/www.limeira.sp.leg.br\/noticias\/view\/2025-04-03_camara-de-limeira-garante-ganho-real-para-servidores-do-legislativo\" rel=\"noopener\">Informa\u00e7\u00f5es CML <\/a>","protected":false},"excerpt":{"rendered":"<p>A C\u00e2mara Municipal de Limeira convocou reuni\u00e3o da Mesa de Negocia\u00e7\u00e3o com o Sindicato dos Funcion\u00e1rios e Servidores P\u00fablicos Municipais de Limeira (Sindsel) e apresentou, nesta quinta-feira, 3 de abril, a proposta de reajuste para os servidores do Legislativo. O acordo garante a reposi\u00e7\u00e3o da infla\u00e7\u00e3o e um ganho real para a categoria.\u00a0\u00a0\u00a0\u00a0 Os vencimentos [&hellip;]<\/p>\n","protected":false},"author":1,"featured_media":29265,"comment_status":"open","ping_status":"open","sticky":false,"template":"","format":"standard","meta":{"_jetpack_newsletter_access":"","_jetpack_dont_email_post_to_subs":false,"_jetpack_newsletter_tier_id":0,"_jetpack_memberships_contains_paywalled_content":false,"_mbp_banners":[],"_jetpack_feature_clip_id":0,"_jetpack_memberships_contains_paid_content":false,"footnotes":"","jetpack_publicize_message":"","jetpack_publicize_feature_enabled":true,"jetpack_social_post_already_shared":true,"jetpack_social_options":{"image_generator_settings":{"template":"highway","default_image_id":0,"font":"","enabled":false},"version":2},"jetpack_post_was_ever_published":false},"categories":[19],"tags":[],"class_list":["post-29264","post","type-post","status-publish","format-standard","has-post-thumbnail","category-politica"],"jetpack_publicize_connections":[],"jetpack-related-posts":[],"jetpack_shortlink":"https:\/\/wp.me\/p7Eq1F-7C0","jetpack_sharing_enabled":true,"jetpack_featured_media_url":"https:\/\/i0.wp.com\/guialimeira.com.br\/news\/wp-content\/uploads\/2025\/04\/Camara-de-Limeira-garante-ganho-real-para-servidores-do-Legislativo.JPG?fit=1280%2C640&ssl=1","_links":{"self":[{"href":"https:\/\/guialimeira.com.br\/news\/wp-json\/wp\/v2\/posts\/29264","targetHints":{"allow":["GET"]}}],"collection":[{"href":"https:\/\/guialimeira.com.br\/news\/wp-json\/wp\/v2\/posts"}],"about":[{"href":"https:\/\/guialimeira.com.br\/news\/wp-json\/wp\/v2\/types\/post"}],"author":[{"embeddable":true,"href":"https:\/\/guialimeira.com.br\/news\/wp-json\/wp\/v2\/users\/1"}],"replies":[{"embeddable":true,"href":"https:\/\/guialimeira.com.br\/news\/wp-json\/wp\/v2\/comments?post=29264"}],"version-history":[{"count":1,"href":"https:\/\/guialimeira.com.br\/news\/wp-json\/wp\/v2\/posts\/29264\/revisions"}],"predecessor-version":[{"id":29266,"href":"https:\/\/guialimeira.com.br\/news\/wp-json\/wp\/v2\/posts\/29264\/revisions\/29266"}],"wp:featuredmedia":[{"embeddable":true,"href":"https:\/\/guialimeira.com.br\/news\/wp-json\/wp\/v2\/media\/29265"}],"wp:attachment":[{"href":"https:\/\/guialimeira.com.br\/news\/wp-json\/wp\/v2\/media?parent=29264"}],"wp:term":[{"taxonomy":"category","embeddable":true,"href":"https:\/\/guialimeira.com.br\/news\/wp-json\/wp\/v2\/categories?post=29264"},{"taxonomy":"post_tag","embeddable":true,"href":"https:\/\/guialimeira.com.br\/news\/wp-json\/wp\/v2\/tags?post=29264"}],"curies":[{"name":"wp","href":"https:\/\/api.w.org\/{rel}","templated":true}]}}