{"id":29262,"date":"2025-04-03T20:42:24","date_gmt":"2025-04-03T23:42:24","guid":{"rendered":"https:\/\/guialimeira.com.br\/2025\/04\/03\/dolar-desaba-apos-tarifas-de-trump-e-atinge-menor-valor-em-seis-meses\/"},"modified":"2025-04-03T20:42:24","modified_gmt":"2025-04-03T23:42:24","slug":"dolar-desaba-apos-tarifas-de-trump-e-atinge-menor-valor-em-seis-meses","status":"publish","type":"post","link":"https:\/\/guialimeira.com.br\/news\/dolar-desaba-apos-tarifas-de-trump-e-atinge-menor-valor-em-seis-meses\/","title":{"rendered":"D\u00f3lar desaba ap\u00f3s tarifas de Trump e atinge menor valor em seis meses"},"content":{"rendered":"<p> <br \/>\n<\/p>\n<div>\n<p>O dia seguinte \u00e0 <a href=\"http:\/\/agenciabrasil.ebc.com.br\/internacional\/noticia\/2025-04\/trump-anuncia-taxa-de-10-para-produtos-brasileiros\" rel=\"noopener\">eleva\u00e7\u00e3o de tarifas de importa\u00e7\u00e3o<\/a> pelo governo de Donald Trump teve menos turbul\u00eancias que o esperado no mercado financeiro. <strong>O d\u00f3lar comercial aproximou-se de R$ 5,60 e atingiu a menor cota\u00e7\u00e3o em quase seis meses. A bolsa de valores alternou altas e baixas, mas fechou praticamente est\u00e1vel, num dia em que as bolsas de Nova York derreteram.<\/strong><img data-recalc-dims=\"1\" decoding=\"async\" src=\"https:\/\/i0.wp.com\/agenciabrasil.ebc.com.br\/ebc.png?w=696&#038;ssl=1\" style=\"width:1px; height:1px; display:inline;\"\/><img data-recalc-dims=\"1\" decoding=\"async\" src=\"https:\/\/i0.wp.com\/agenciabrasil.ebc.com.br\/ebc.gif?w=696&#038;ssl=1\" style=\"width:1px; height:1px; display:inline;\"\/><\/p>\n<p>O d\u00f3lar comercial <strong>encerrou esta quinta-feira (3) vendido a R$ 5,629,<\/strong> com recuo de R$ 0,07 (-1,23%). Em forte queda durante toda a sess\u00e3o, a cota\u00e7\u00e3o chegou a R$ 5,59 por volta das 12h, mas voltou a ficar acima de R$ 5,60 em meio \u00e0 leve recupera\u00e7\u00e3o no exterior e com investidores aproveitando o baixo valor para comprar a moeda norte-americana.<\/p>\n<p>Com o desempenho desta quinta, <strong>o d\u00f3lar est\u00e1 no menor valor desde 14 de outubro<\/strong>, quando estava em R$ 5,58. A divisa acumula queda de 8,91% em 2025.<\/p>\n<h2>Mercado de a\u00e7\u00f5es<\/h2>\n<p>O mercado de a\u00e7\u00f5es brasileiro destoou das bolsas globais. Enquanto as bolsas da Europa, da \u00c1sia e dos Estados Unidos ca\u00edram fortemente nesta quinta, <strong>o \u00edndice Ibovespa, da B3, fechou aos 131.141 pontos, com queda de apenas 0,04%<\/strong>. O indicador caiu 0,55% \u00e0s 10h16, subiu 0,91% \u00e0s 11h09 e passou a tarde oscilando em leve baixa.<\/p>\n<p>A<a href=\"http:\/\/agenciabrasil.ebc.com.br\/economia\/noticia\/2025-04\/entenda-guerra-de-tarifas-de-trump-e-consequencias-para-brasil\" rel=\"noopener\"> imposi\u00e7\u00e3o de sobretaxas de 10%<\/a> para a Am\u00e9rica Latina, de 20% para a Europa e de 30%, em m\u00e9dia, para a \u00c1sia provocou instabilidade no mercado global. <strong>O d\u00f3lar caiu fortemente em todo o planeta<\/strong>. O euro comercial, em contrapartida, subiu 0,35%, fechando a R$ 6,20.<\/p>\n<p><strong>As bolsas de valores tiveram forte queda em quase todo o planeta. <\/strong>Em Nova York, o \u00edndice Dow Jones (das empresas industriais) caiu 3,98%. O Nasdaq (das empresas de tecnologia) perdeu 5,97%. O S&amp;P 500 (das 500 maiores empresas) recuou 4,84%, com a perspectiva de que o tarifa\u00e7o de Trump ter\u00e1 efeitos negativos para as empresas norte-americanas.<\/p>\n<p>No Brasil e em alguns pa\u00edses emergentes, no entanto, as moedas locais se valorizaram. Prevaleceu a interpreta\u00e7\u00e3o de que a sobretaxa\u00e7\u00e3o de 10% para os produtos latino-americanos pelo governo de Donald Trump foi um golpe menor que o esperado. Isso ajudou a atrair recursos para mercados emergentes.<\/p>\n<p><em>*Com informa\u00e7\u00f5es da Ag\u00eancia Reuters<\/em><\/p>\n<p>      <!-- Relacionada --><\/p>\n<p>            <!-- Relacionada -->\n    <\/div>\n<p><br \/>\n<br \/><a href=\"https:\/\/agenciabrasil.ebc.com.br\/economia\/noticia\/2025-04\/dolar-desaba-apos-tarifas-de-trump-e-atinge-menor-valor-em-seis-meses\" rel=\"noopener\">Ag\u00eancia Brasil<\/a><\/p>\n","protected":false},"excerpt":{"rendered":"<p>O dia seguinte \u00e0 eleva\u00e7\u00e3o de tarifas de importa\u00e7\u00e3o pelo governo de Donald Trump teve menos turbul\u00eancias que o esperado no mercado financeiro. O d\u00f3lar comercial aproximou-se de R$ 5,60 e atingiu a menor cota\u00e7\u00e3o em quase seis meses. A bolsa de valores alternou altas e baixas, mas fechou praticamente est\u00e1vel, num dia em que [&hellip;]<\/p>\n","protected":false},"author":1,"featured_media":28113,"comment_status":"open","ping_status":"open","sticky":false,"template":"","format":"standard","meta":{"_jetpack_newsletter_access":"","_jetpack_dont_email_post_to_subs":false,"_jetpack_newsletter_tier_id":0,"_jetpack_memberships_contains_paywalled_content":false,"_mbp_banners":[],"_jetpack_feature_clip_id":0,"_jetpack_memberships_contains_paid_content":false,"footnotes":"","jetpack_publicize_message":"","jetpack_publicize_feature_enabled":true,"jetpack_social_post_already_shared":true,"jetpack_social_options":{"image_generator_settings":{"template":"highway","default_image_id":0,"font":"","enabled":false},"version":2},"jetpack_post_was_ever_published":false},"categories":[24],"tags":[],"class_list":["post-29262","post","type-post","status-publish","format-standard","has-post-thumbnail","category-economia"],"jetpack_publicize_connections":[],"jetpack-related-posts":[],"jetpack_shortlink":"https:\/\/wp.me\/p7Eq1F-7BY","jetpack_sharing_enabled":true,"jetpack_featured_media_url":"https:\/\/i0.wp.com\/guialimeira.com.br\/news\/wp-content\/uploads\/2025\/03\/2021-10-04t201440z_1_lynxmpeh93155_rtroptp_4_usa-biden-taxes-wealthy.jpg?fit=1600%2C800&ssl=1","_links":{"self":[{"href":"https:\/\/guialimeira.com.br\/news\/wp-json\/wp\/v2\/posts\/29262","targetHints":{"allow":["GET"]}}],"collection":[{"href":"https:\/\/guialimeira.com.br\/news\/wp-json\/wp\/v2\/posts"}],"about":[{"href":"https:\/\/guialimeira.com.br\/news\/wp-json\/wp\/v2\/types\/post"}],"author":[{"embeddable":true,"href":"https:\/\/guialimeira.com.br\/news\/wp-json\/wp\/v2\/users\/1"}],"replies":[{"embeddable":true,"href":"https:\/\/guialimeira.com.br\/news\/wp-json\/wp\/v2\/comments?post=29262"}],"version-history":[{"count":0,"href":"https:\/\/guialimeira.com.br\/news\/wp-json\/wp\/v2\/posts\/29262\/revisions"}],"wp:featuredmedia":[{"embeddable":true,"href":"https:\/\/guialimeira.com.br\/news\/wp-json\/wp\/v2\/media\/28113"}],"wp:attachment":[{"href":"https:\/\/guialimeira.com.br\/news\/wp-json\/wp\/v2\/media?parent=29262"}],"wp:term":[{"taxonomy":"category","embeddable":true,"href":"https:\/\/guialimeira.com.br\/news\/wp-json\/wp\/v2\/categories?post=29262"},{"taxonomy":"post_tag","embeddable":true,"href":"https:\/\/guialimeira.com.br\/news\/wp-json\/wp\/v2\/tags?post=29262"}],"curies":[{"name":"wp","href":"https:\/\/api.w.org\/{rel}","templated":true}]}}