{"id":2925,"date":"2024-04-26T14:43:55","date_gmt":"2024-04-26T17:43:55","guid":{"rendered":"https:\/\/guialimeira.com.br\/2024\/04\/26\/ceprosom-participa-do-forum-interamericano-de-filantropia-estrategica\/"},"modified":"2024-04-26T14:43:55","modified_gmt":"2024-04-26T17:43:55","slug":"ceprosom-participa-do-forum-interamericano-de-filantropia-estrategica","status":"publish","type":"post","link":"https:\/\/guialimeira.com.br\/news\/ceprosom-participa-do-forum-interamericano-de-filantropia-estrategica\/","title":{"rendered":"Ceprosom participa do F\u00f3rum Interamericano de Filantropia Estrat\u00e9gica"},"content":{"rendered":"<p> <br \/>\n<\/p>\n<div>\n            <main class=\"\">&#13;<br \/>\n                &#13;<br \/>\n&#13;<br \/>\n&#13;<br \/>\n&#13;<br \/>\n    <img data-recalc-dims=\"1\" decoding=\"async\" src=\"https:\/\/i0.wp.com\/ecrie.com.br\/sistema\/conteudos\/imagem\/m_137_0_1_26042024134300.jpg?w=696&#038;ssl=1\" alt=\"Ceprosom participa do F\u00f3rum Interamericano de Filantropia Estrat\u00e9gica\"\/>&#13;<br \/>\n&#13;<\/p>\n<p style=\"text-align: justify;\" align=\"justify\">O Ceprosom (Centro de Promo\u00e7\u00e3o Social Municipal) e profissionais envolvidos com o Terceiro Setor em Limeira participaram do FIFE 2024 &#8211; F\u00f3rum Interamericano de Filantropia Estrat\u00e9gica, que aconteceu em Belo Horizonte, de 23 a 26 de abril.<\/p>\n<p>&#13;<\/p>\n<p style=\"text-align: justify;\" align=\"justify\">O evento acontece anualmente desde 2014 e tem como objetivo abordar os principais temas de gest\u00e3o do Terceiro Setor, incluindo aspectos sobre legisla\u00e7\u00e3o, contabilidade, comunica\u00e7\u00e3o e marketing, tecnologia, voluntariado, capta\u00e7\u00e3o de recursos, administra\u00e7\u00e3o, entre outros assuntos. \u201cDentre os temas debatidos, destacamos a Intelig\u00eancia Artificial, o Certificado de Entidades Beneficentes de Assist\u00eancia Social (CEBAS) e a tend\u00eancia do ESG (Environmental, Social and Governance) &#8211; terminologia utilizada para indicar a sustentabilidade ambiental, social e de governan\u00e7a corporativa, que est\u00e1 sendo direcionada tamb\u00e9m ao Terceiro Setor\u201d, disse a chefe do Fundo Municipal de Assist\u00eancia Social (FMAS), Paula Furlan.<\/p>\n<p>&#13;<\/p>\n<p style=\"text-align: justify;\" align=\"justify\">O encontro reuniu um grande n\u00famero de palestrantes, al\u00e9m de participantes de todo o pa\u00eds que tiveram a oportunidade de trocar experi\u00eancias e ampliar a rede de parcerias.<\/p>\n<p>&#13;<br \/>\n&#13;<br \/>\n&#13;<br \/>\n&#13;<\/p>\n<aside class=\"list-related no-print\">&#13;<br \/>\n        &#13;<br \/>\n&#13;<\/p>\n<article class=\"list-item noticias \">&#13;<br \/>\n                    <a class=\"list-item__img\" href=\"https:\/\/limeira.sp.gov.br\/imprensa\/noticias\/ceprosom\/cartorios-eleitorais-ampliam-horario-de-atendimento-ao-publico\" tabindex=\"-1\" aria-hidden=\"true\" rel=\"noopener\">&#13;<br \/>\n                        <img data-recalc-dims=\"1\" decoding=\"async\" src=\"https:\/\/i0.wp.com\/ecrie.com.br\/sistema\/conteudos\/imagem\/m_137_0_1_26042024133627.jpg?w=696&#038;ssl=1\" alt=\"Cart\u00f3rios Eleitorais ampliam hor\u00e1rio de atendimento ao p\u00fablico\"\/>&#13;<br \/>\n                    <\/a>&#13;<br \/>\n&#13;<br \/>\n                &#13;<br \/>\n            <\/article>\n<p>&#13;<\/p>\n<article class=\"list-item noticias \">&#13;<br \/>\n                    <a class=\"list-item__img\" href=\"https:\/\/limeira.sp.gov.br\/imprensa\/noticias\/ceprosom\/imposto-de-renda-cidadao-e-estrategia-segura-para-ajudar-programas-sociais-de-limeira-destaca-fundo-social\" tabindex=\"-1\" aria-hidden=\"true\" rel=\"noopener\">&#13;<br \/>\n                        <img data-recalc-dims=\"1\" decoding=\"async\" src=\"https:\/\/i0.wp.com\/ecrie.com.br\/sistema\/conteudos\/imagem\/m_137_0_1_25042024171513.jpg?w=696&#038;ssl=1\" alt=\"\u201cImposto de Renda Cidad\u00e3o\u201d \u00e9 estrat\u00e9gia segura para ajudar programas sociais de Limeira, destaca Fundo Social\"\/>&#13;<br \/>\n                    <\/a>&#13;<br \/>\n&#13;<br \/>\n                &#13;<br \/>\n            <\/article>\n<p>&#13;<\/p>\n<article class=\"list-item noticias \">&#13;<br \/>\n                    <a class=\"list-item__img\" href=\"https:\/\/limeira.sp.gov.br\/imprensa\/noticias\/ceprosom\/atualizacao-de-sistema-suspendera-atendimento-do-cadastro-unico-nos-dias-6-e-7-de-maio\" tabindex=\"-1\" aria-hidden=\"true\" rel=\"noopener\">&#13;<br \/>\n                        <img data-recalc-dims=\"1\" decoding=\"async\" src=\"https:\/\/i0.wp.com\/ecrie.com.br\/sistema\/conteudos\/imagem\/m_137_0_1_25042024165420.jpg?w=696&#038;ssl=1\" alt=\"Atualiza\u00e7\u00e3o de sistema suspender\u00e1 atendimento do Cadastro \u00danico nos dias 6 e 7 de maio\"\/>&#13;<br \/>\n                    <\/a>&#13;<br \/>\n&#13;<br \/>\n                &#13;<br \/>\n            <\/article>\n<p>&#13;<br \/>\n    <\/aside>\n<p>&#13;<br \/>\n&#13;<br \/>\n            <\/main><\/p><\/div>\n<p><br \/>\n<br \/><a href=\"https:\/\/limeira.sp.gov.br\/ceprosom-participa-do-forum-interamericano-de-filantropia-estrategica\" rel=\"noopener\">Informa\u00e7\u00f5es da PML <\/a><\/p>\n","protected":false},"excerpt":{"rendered":"<p>&#13; &#13; &#13; &#13; &#13; &#13; &#13; O Ceprosom (Centro de Promo\u00e7\u00e3o Social Municipal) e profissionais envolvidos com o Terceiro Setor em Limeira participaram do FIFE 2024 &#8211; F\u00f3rum Interamericano de Filantropia Estrat\u00e9gica, que aconteceu em Belo Horizonte, de 23 a 26 de abril. &#13; O evento acontece anualmente desde 2014 e tem como objetivo [&hellip;]<\/p>\n","protected":false},"author":1,"featured_media":2926,"comment_status":"open","ping_status":"open","sticky":false,"template":"","format":"standard","meta":{"_jetpack_newsletter_access":"","_jetpack_dont_email_post_to_subs":false,"_jetpack_newsletter_tier_id":0,"_jetpack_memberships_contains_paywalled_content":false,"_mbp_banners":[],"_jetpack_feature_clip_id":0,"_jetpack_memberships_contains_paid_content":false,"footnotes":"","jetpack_publicize_message":"","jetpack_publicize_feature_enabled":true,"jetpack_social_post_already_shared":true,"jetpack_social_options":{"image_generator_settings":{"template":"highway","default_image_id":0,"font":"","enabled":false},"version":2},"jetpack_post_was_ever_published":false},"categories":[16],"tags":[],"class_list":["post-2925","post","type-post","status-publish","format-standard","has-post-thumbnail","category-local"],"jetpack_publicize_connections":[],"jetpack-related-posts":[],"jetpack_shortlink":"https:\/\/wp.me\/p7Eq1F-Lb","jetpack_sharing_enabled":true,"jetpack_featured_media_url":"https:\/\/i0.wp.com\/guialimeira.com.br\/news\/wp-content\/uploads\/2024\/04\/m_137_0_1_26042024134300.jpg?fit=900%2C757&ssl=1","_links":{"self":[{"href":"https:\/\/guialimeira.com.br\/news\/wp-json\/wp\/v2\/posts\/2925","targetHints":{"allow":["GET"]}}],"collection":[{"href":"https:\/\/guialimeira.com.br\/news\/wp-json\/wp\/v2\/posts"}],"about":[{"href":"https:\/\/guialimeira.com.br\/news\/wp-json\/wp\/v2\/types\/post"}],"author":[{"embeddable":true,"href":"https:\/\/guialimeira.com.br\/news\/wp-json\/wp\/v2\/users\/1"}],"replies":[{"embeddable":true,"href":"https:\/\/guialimeira.com.br\/news\/wp-json\/wp\/v2\/comments?post=2925"}],"version-history":[{"count":0,"href":"https:\/\/guialimeira.com.br\/news\/wp-json\/wp\/v2\/posts\/2925\/revisions"}],"wp:featuredmedia":[{"embeddable":true,"href":"https:\/\/guialimeira.com.br\/news\/wp-json\/wp\/v2\/media\/2926"}],"wp:attachment":[{"href":"https:\/\/guialimeira.com.br\/news\/wp-json\/wp\/v2\/media?parent=2925"}],"wp:term":[{"taxonomy":"category","embeddable":true,"href":"https:\/\/guialimeira.com.br\/news\/wp-json\/wp\/v2\/categories?post=2925"},{"taxonomy":"post_tag","embeddable":true,"href":"https:\/\/guialimeira.com.br\/news\/wp-json\/wp\/v2\/tags?post=2925"}],"curies":[{"name":"wp","href":"https:\/\/api.w.org\/{rel}","templated":true}]}}