{"id":29248,"date":"2025-04-03T19:37:57","date_gmt":"2025-04-03T22:37:57","guid":{"rendered":"https:\/\/guialimeira.com.br\/2025\/04\/03\/brasil-quer-candidatura-unica-latino-americana-para-liderar-a-onu\/"},"modified":"2025-04-03T19:37:57","modified_gmt":"2025-04-03T22:37:57","slug":"brasil-quer-candidatura-unica-latino-americana-para-liderar-a-onu","status":"publish","type":"post","link":"https:\/\/guialimeira.com.br\/news\/brasil-quer-candidatura-unica-latino-americana-para-liderar-a-onu\/","title":{"rendered":"Brasil quer candidatura \u00fanica latino-americana para liderar a ONU"},"content":{"rendered":"<p> <br \/>\n<\/p>\n<div>\n<p>O governo do presidente Luiz In\u00e1cio Lula da Silva vai propor aos pa\u00edses da Comunidade de Estados Latino-americanos e Caribenhos (Celac), na semana que vem, a unifica\u00e7\u00e3o em torno da candidatura \u00fanica de uma mulher, representando a regi\u00e3o, para o cargo de secret\u00e1rio-geral da Organiza\u00e7\u00e3o das Na\u00e7\u00f5es Unidas (ONU). Uma declara\u00e7\u00e3o especial proposta pelo Pal\u00e1cio do Itamaraty est\u00e1 em negocia\u00e7\u00e3o com todos os outros 32 pa\u00edses-membros da Celac, e deve ser aprovada na 9\u00aa C\u00fapula da entidade, que ser\u00e1 realizada no pr\u00f3ximo dia 9 de abril, em Tegucigalpa, capital de Honduras. Lula participar\u00e1 do encontro.<img data-recalc-dims=\"1\" decoding=\"async\" src=\"https:\/\/i0.wp.com\/agenciabrasil.ebc.com.br\/ebc.png?w=696&#038;ssl=1\" style=\"width:1px; height:1px; display:inline;\"\/><img data-recalc-dims=\"1\" decoding=\"async\" src=\"https:\/\/i0.wp.com\/agenciabrasil.ebc.com.br\/ebc.gif?w=696&#038;ssl=1\" style=\"width:1px; height:1px; display:inline;\"\/><\/p>\n<p>&#8220;Pelo esquema de rotatividade regional, a gente entende que caberia \u00e0 Am\u00e9rica Latina e ao Caribe, ent\u00e3o, estamos propondo que os pa\u00edses se unam, comecem a trabalhar em torno de uma candidatura \u00fanica, o que nos d\u00e1 chance de fazer valer esse princ\u00edpio da rotatividade&#8221;, destacou a embaixadora Gisela Padovan, secret\u00e1ria de Am\u00e9rica Latina do Minist\u00e9rio das Rela\u00e7\u00f5es Exteriores (MRE), em entrevista a imprensa.<\/p>\n<p>O mandato do atual secret\u00e1rio-geral da ONU, o portugu\u00eas Ant\u00f3nio Guterres, termina no ano que vem, quando um sucessor ou sucessora dever\u00e1 ser escolhido pela Assembleia Geral. At\u00e9 hoje, a ONU nunca foi liderada por uma mulher.<\/p>\n<blockquote>\n<p>&#8220;Na nossa proposta [de declara\u00e7\u00e3o da Celac], existe um par\u00e1grafo sobre isso. Nunca houve uma mulher secret\u00e1ria-geral da ONU, n\u00f3s temos candidatas de grande peso pol\u00edtico, intelectual e de lideran\u00e7a [internacional]. N\u00e3o haveria raz\u00e3o para n\u00e3o ser, mas vamos trabalhar isso com a Celac&#8221;, acrescentou Padovan.<\/p>\n<\/blockquote>\n<div class=\"dnd-widget-wrapper context-medio_4colunas type-image atom-align-right\">\n<div class=\"dnd-atom-rendered\"><!-- scald=284050:medio_4colunas {\"additionalClasses\":\"\"} --><br \/>\n            <img data-recalc-dims=\"1\" decoding=\"async\" src=\"https:\/\/i0.wp.com\/imagens.ebc.com.br\/Y2Df3r99boSVl2s-D4_-CehNSvA%3D\/365x0\/smart\/https%3A\/\/agenciabrasil.ebc.com.br\/sites\/default\/files\/thumbnails\/image\/2022-04-04t123947z_1923428167_rc2cgt9qxifm_rtrmadp_3_ukraine-crisis-un-rights.jpg?w=696&#038;ssl=1\" alt=\"FILE PHOTO: UN High Commissioner for Human Rights Michelle Bachelet attends  an event at the United Nations in Geneva\" title=\"REUTERS\/Denis Balibouse\/Direitos Reservados\"\/><br \/>\n        <img data-recalc-dims=\"1\" decoding=\"async\" src=\"https:\/\/i0.wp.com\/imagens.ebc.com.br\/Y2Df3r99boSVl2s-D4_-CehNSvA%3D\/365x0\/smart\/https%3A\/\/agenciabrasil.ebc.com.br\/sites\/default\/files\/thumbnails\/image\/2022-04-04t123947z_1923428167_rc2cgt9qxifm_rtrmadp_3_ukraine-crisis-un-rights.jpg?w=696&#038;ssl=1\" alt=\"FILE PHOTO: UN High Commissioner for Human Rights Michelle Bachelet attends  an event at the United Nations in Geneva\" title=\"REUTERS\/Denis Balibouse\/Direitos Reservados\"\/><br \/>\n    <!-- END scald=284050 --><\/div>\n<p><h6 class=\"meta\"><!--copyright=284050-->Michelle\u00a0Bachelet quando ocupava o Alto Comissariado de Direitos Humanos da ONU\u00a0<strong>REUTERS\/Denis Balibouse\/Direitos Reservados<\/strong><!--END copyright=284050--><\/h6>\n<\/p>\n<\/div>\n<p>Entre os nomes apontados como potenciais candidatas\u00a0est\u00e1 o da ex-presidente do Chile, Michelle Bachelet, que j\u00e1 dirigiu a ONU Mulheres e ocupou o cargo de alta comiss\u00e1ria de Direitos Humanos das Na\u00e7\u00f5es Unidas. Outro nome citado \u00e9 do da <a href=\"https:\/\/agenciabrasil.ebc.com.br\/politica\/noticia\/2024-02\/lula-e-mia-mottley-discutem-mudanca-climatica-em-reuniao-na-guiana\" target=\"_blank\" rel=\"noopener\">primeira-ministra de Barbados, Mia Mottley<\/a>, que tem despontado como voz ativa em defesa de propostas mais ousadas para que pa\u00edses pobres tenham financiamento facilitado e perd\u00e3o de d\u00edvidas no desafio de adapta\u00e7\u00e3o para a mudan\u00e7a do clima em curso no planeta.<\/p>\n<p><strong>O secret\u00e1rio-geral da ONU \u00e9 respons\u00e1vel por representar o organismo internacional nas reuni\u00f5es com l\u00edderes mundiais, presidir o Conselho de Coordena\u00e7\u00e3o dos Chefes Executivos do Sistema das Na\u00e7\u00f5es Unidas e atuar em defesa da paz mundial e para evitar que o agravamento de disputas e conflitos entre os pa\u00edses.<\/strong><\/p>\n<h2>C\u00fapula<\/h2>\n<p>Lula deve viajar para Tegucigalpa na pr\u00f3xima ter\u00e7a-feira (8). Al\u00e9m dele, outros chefes de Estado da regi\u00e3o tamb\u00e9m devem comparecer, como os presidentes Lu\u00eds Arce (Bol\u00edvia), Gustavo Petro (Col\u00f4mbia), Bernardo Ar\u00e9valo (Guatemala), Diaz-Canel (Cuba), Yamandu Orsi (Uruguai), o primeiro-ministro da Guiana, Mark Phillips, a anfitri\u00e3, Xiomara Castro, presidente hondurenha, entre outros nomes que ser\u00e3o confirmados nos pr\u00f3ximos dias.<\/p>\n<p>Um dos temas que podem surgir na discuss\u00e3o entre os l\u00edderes regionais \u00e9 a imposi\u00e7\u00e3o de tarifas comerciais pelos Estados Unidos (EUA) a pa\u00edses de todo o planeta, <a href=\"https:\/\/agenciabrasil.ebc.com.br\/radioagencia-nacional\/economia\/audio\/2025-04\/tarifaco-eua-lula-diz-que-adotara-medidas-para-proteger-economia\" target=\"_blank\" rel=\"noopener\">incluindo o Brasil<\/a>. As medidas foram anunciadas ontem (2) pelo presidente Donald Trump.<\/p>\n<p>Segundo o Itamaraty, a expectativa \u00e9\u00a0que a declara\u00e7\u00e3o final da Celac n\u00e3o aborde o tarifa\u00e7o norte-americano de forma direta, mas deve reafirmar a defesa do multilateralismo e regras comerciais justas entre os pa\u00edses.<\/p>\n<p>Juntos, os 33 pa\u00edses da Celac abrangem uma \u00e1rea de mais de 22 milh\u00f5es de quil\u00f4metros quadrados na Am\u00e9rica Latina e Caribe, mais do que cinco vezes o territ\u00f3rio da Uni\u00e3o Europeia. J\u00e1 a popula\u00e7\u00e3o total somada, de 670 milh\u00f5es, \u00e9 o dobro do n\u00famero de habitantes dos EUA.<\/p>\n<p>      <!-- Relacionada --><\/p>\n<p>            <!-- Relacionada -->\n    <\/div>\n<p><br \/>\n<br \/><a href=\"https:\/\/agenciabrasil.ebc.com.br\/internacional\/noticia\/2025-04\/brasil-quer-candidatura-unica-latino-americana-para-liderar-onu\" rel=\"noopener\">Ag\u00eancia Brasil <\/a><\/p>\n","protected":false},"excerpt":{"rendered":"<p>O governo do presidente Luiz In\u00e1cio Lula da Silva vai propor aos pa\u00edses da Comunidade de Estados Latino-americanos e Caribenhos (Celac), na semana que vem, a unifica\u00e7\u00e3o em torno da candidatura \u00fanica de uma mulher, representando a regi\u00e3o, para o cargo de secret\u00e1rio-geral da Organiza\u00e7\u00e3o das Na\u00e7\u00f5es Unidas (ONU). Uma declara\u00e7\u00e3o especial proposta pelo Pal\u00e1cio [&hellip;]<\/p>\n","protected":false},"author":1,"featured_media":29249,"comment_status":"open","ping_status":"open","sticky":false,"template":"","format":"standard","meta":{"_jetpack_newsletter_access":"","_jetpack_dont_email_post_to_subs":false,"_jetpack_newsletter_tier_id":0,"_jetpack_memberships_contains_paywalled_content":false,"_mbp_banners":[],"_jetpack_feature_clip_id":0,"_jetpack_memberships_contains_paid_content":false,"footnotes":"","jetpack_publicize_message":"","jetpack_publicize_feature_enabled":true,"jetpack_social_post_already_shared":true,"jetpack_social_options":{"image_generator_settings":{"template":"highway","default_image_id":0,"font":"","enabled":false},"version":2},"jetpack_post_was_ever_published":false},"categories":[25],"tags":[],"class_list":["post-29248","post","type-post","status-publish","format-standard","has-post-thumbnail","category-internacional"],"jetpack_publicize_connections":[],"jetpack-related-posts":[],"jetpack_shortlink":"https:\/\/wp.me\/p7Eq1F-7BK","jetpack_sharing_enabled":true,"jetpack_featured_media_url":"https:\/\/i0.wp.com\/guialimeira.com.br\/news\/wp-content\/uploads\/2025\/04\/mg_5344.jpg?fit=1600%2C800&ssl=1","_links":{"self":[{"href":"https:\/\/guialimeira.com.br\/news\/wp-json\/wp\/v2\/posts\/29248","targetHints":{"allow":["GET"]}}],"collection":[{"href":"https:\/\/guialimeira.com.br\/news\/wp-json\/wp\/v2\/posts"}],"about":[{"href":"https:\/\/guialimeira.com.br\/news\/wp-json\/wp\/v2\/types\/post"}],"author":[{"embeddable":true,"href":"https:\/\/guialimeira.com.br\/news\/wp-json\/wp\/v2\/users\/1"}],"replies":[{"embeddable":true,"href":"https:\/\/guialimeira.com.br\/news\/wp-json\/wp\/v2\/comments?post=29248"}],"version-history":[{"count":0,"href":"https:\/\/guialimeira.com.br\/news\/wp-json\/wp\/v2\/posts\/29248\/revisions"}],"wp:featuredmedia":[{"embeddable":true,"href":"https:\/\/guialimeira.com.br\/news\/wp-json\/wp\/v2\/media\/29249"}],"wp:attachment":[{"href":"https:\/\/guialimeira.com.br\/news\/wp-json\/wp\/v2\/media?parent=29248"}],"wp:term":[{"taxonomy":"category","embeddable":true,"href":"https:\/\/guialimeira.com.br\/news\/wp-json\/wp\/v2\/categories?post=29248"},{"taxonomy":"post_tag","embeddable":true,"href":"https:\/\/guialimeira.com.br\/news\/wp-json\/wp\/v2\/tags?post=29248"}],"curies":[{"name":"wp","href":"https:\/\/api.w.org\/{rel}","templated":true}]}}