{"id":29227,"date":"2025-04-03T17:32:28","date_gmt":"2025-04-03T20:32:28","guid":{"rendered":"https:\/\/guialimeira.com.br\/2025\/04\/03\/saude-amplia-acesso-a-medicamento-para-pacientes-com-doenca-falciforme\/"},"modified":"2025-04-03T17:32:28","modified_gmt":"2025-04-03T20:32:28","slug":"saude-amplia-acesso-a-medicamento-para-pacientes-com-doenca-falciforme","status":"publish","type":"post","link":"https:\/\/guialimeira.com.br\/news\/saude-amplia-acesso-a-medicamento-para-pacientes-com-doenca-falciforme\/","title":{"rendered":"Sa\u00fade amplia acesso a medicamento para pacientes com doen\u00e7a falciforme"},"content":{"rendered":"<p> <br \/>\n<\/p>\n<div>\n<p>O Minist\u00e9rio da Sa\u00fade informou nesta quinta-feira (3) que vai incorporar o medicamento deferiprona para o tratamento da sobrecarga de ferro em pacientes com doen\u00e7a falciforme no Sistema \u00danico de Sa\u00fade (SUS).<img data-recalc-dims=\"1\" decoding=\"async\" src=\"https:\/\/i0.wp.com\/agenciabrasil.ebc.com.br\/ebc.png?w=696&#038;ssl=1\" style=\"width:1px; height:1px; display:inline;\"\/><img data-recalc-dims=\"1\" decoding=\"async\" src=\"https:\/\/i0.wp.com\/agenciabrasil.ebc.com.br\/ebc.gif?w=696&#038;ssl=1\" style=\"width:1px; height:1px; display:inline;\"\/><\/p>\n<p>Em nota, a pasta destacou que, com a incorpora\u00e7\u00e3o, qualquer pessoa que precise de tratamento para ac\u00famulo excessivo de ferro no organismo, independentemente da causa, ter\u00e1 acesso a todas as alternativas terap\u00eauticas dispon\u00edveis na rede p\u00fablica.<\/p>\n<p><strong>Segundo o minist\u00e9rio, o excesso de ferro \u00e9 uma condi\u00e7\u00e3o comum em pessoas que convivem com a doen\u00e7a falciforme em raz\u00e3o da necessidade de transfus\u00f5es sangu\u00edneas frequentes, realizadas para controlar crises de dor e outras complica\u00e7\u00f5es.<\/strong><\/p>\n<blockquote>\n<p>\u201cO ac\u00famulo de ferro no organismo, se n\u00e3o tratado, pode causar danos graves a \u00f3rg\u00e3os vitais como cora\u00e7\u00e3o, f\u00edgado e gl\u00e2ndulas end\u00f3crinas\u201d, alertou o comunicado.<\/p>\n<\/blockquote>\n<h2>Entenda<\/h2>\n<p>De acordo com a pasta, a deferiprona \u00e9 um quelante de ferro \u2013 subst\u00e2ncia que se liga ao ferro em excesso no corpo e facilita sua elimina\u00e7\u00e3o pela urina. \u201cAl\u00e9m de reduzir os riscos por conta do ac\u00famulo de ferro, o medicamento tem melhor posologia em rela\u00e7\u00e3o a outras op\u00e7\u00f5es, facilitando na ades\u00e3o ao tratamento.\u201d<\/p>\n<p>At\u00e9 ent\u00e3o, o uso da deferiprona no SUS era restrito a pacientes com talassemia maior que n\u00e3o podiam utilizar a desferroxamina devido a contraindica\u00e7\u00f5es, intoler\u00e2ncia ou dificuldades de administra\u00e7\u00e3o.<\/p>\n<p><strong>A doen\u00e7a falciforme \u00e9 uma doen\u00e7a gen\u00e9tica e heredit\u00e1ria que faz com que os gl\u00f3bulos vermelhos tenham formato de foice. Essa altera\u00e7\u00e3o prejudica a circula\u00e7\u00e3o sangu\u00ednea, causando dor intensa, anemias, infec\u00e7\u00f5es e complica\u00e7\u00f5es em diversos \u00f3rg\u00e3os.<\/strong><\/p>\n<p>O Minist\u00e9rio da Sa\u00fade estima que, no Brasil, cerca de 60 mil pessoas vivam com a doen\u00e7a, que tem maior preval\u00eancia em pessoas negras. O tratamento inclui o controle dos sintomas, a preven\u00e7\u00e3o de complica\u00e7\u00f5es e, em muitos casos, transfus\u00f5es sangu\u00edneas regulares.<\/p>\n<p>      <!-- Relacionada --><\/p>\n<p>            <!-- Relacionada -->\n    <\/div>\n<p><br \/>\n<br \/><a href=\"https:\/\/agenciabrasil.ebc.com.br\/saude\/noticia\/2025-04\/saude-amplia-acesso-medicamento-para-pacientes-com-doenca-falciforme\" rel=\"noopener\">Ag\u00eancia Brasil <\/a><\/p>\n","protected":false},"excerpt":{"rendered":"<p>O Minist\u00e9rio da Sa\u00fade informou nesta quinta-feira (3) que vai incorporar o medicamento deferiprona para o tratamento da sobrecarga de ferro em pacientes com doen\u00e7a falciforme no Sistema \u00danico de Sa\u00fade (SUS). Em nota, a pasta destacou que, com a incorpora\u00e7\u00e3o, qualquer pessoa que precise de tratamento para ac\u00famulo excessivo de ferro no organismo, independentemente [&hellip;]<\/p>\n","protected":false},"author":1,"featured_media":1541,"comment_status":"open","ping_status":"open","sticky":false,"template":"","format":"standard","meta":{"_jetpack_newsletter_access":"","_jetpack_dont_email_post_to_subs":false,"_jetpack_newsletter_tier_id":0,"_jetpack_memberships_contains_paywalled_content":false,"_mbp_banners":[],"_jetpack_feature_clip_id":0,"_jetpack_memberships_contains_paid_content":false,"footnotes":"","jetpack_publicize_message":"","jetpack_publicize_feature_enabled":true,"jetpack_social_post_already_shared":true,"jetpack_social_options":{"image_generator_settings":{"template":"highway","default_image_id":0,"font":"","enabled":false},"version":2},"jetpack_post_was_ever_published":false},"categories":[15],"tags":[],"class_list":["post-29227","post","type-post","status-publish","format-standard","has-post-thumbnail","category-saude"],"jetpack_publicize_connections":[],"jetpack-related-posts":[],"jetpack_shortlink":"https:\/\/wp.me\/p7Eq1F-7Bp","jetpack_sharing_enabled":true,"jetpack_featured_media_url":"https:\/\/i0.wp.com\/guialimeira.com.br\/news\/wp-content\/uploads\/2024\/04\/raf04124_0.jpg?fit=1600%2C800&ssl=1","_links":{"self":[{"href":"https:\/\/guialimeira.com.br\/news\/wp-json\/wp\/v2\/posts\/29227","targetHints":{"allow":["GET"]}}],"collection":[{"href":"https:\/\/guialimeira.com.br\/news\/wp-json\/wp\/v2\/posts"}],"about":[{"href":"https:\/\/guialimeira.com.br\/news\/wp-json\/wp\/v2\/types\/post"}],"author":[{"embeddable":true,"href":"https:\/\/guialimeira.com.br\/news\/wp-json\/wp\/v2\/users\/1"}],"replies":[{"embeddable":true,"href":"https:\/\/guialimeira.com.br\/news\/wp-json\/wp\/v2\/comments?post=29227"}],"version-history":[{"count":0,"href":"https:\/\/guialimeira.com.br\/news\/wp-json\/wp\/v2\/posts\/29227\/revisions"}],"wp:featuredmedia":[{"embeddable":true,"href":"https:\/\/guialimeira.com.br\/news\/wp-json\/wp\/v2\/media\/1541"}],"wp:attachment":[{"href":"https:\/\/guialimeira.com.br\/news\/wp-json\/wp\/v2\/media?parent=29227"}],"wp:term":[{"taxonomy":"category","embeddable":true,"href":"https:\/\/guialimeira.com.br\/news\/wp-json\/wp\/v2\/categories?post=29227"},{"taxonomy":"post_tag","embeddable":true,"href":"https:\/\/guialimeira.com.br\/news\/wp-json\/wp\/v2\/tags?post=29227"}],"curies":[{"name":"wp","href":"https:\/\/api.w.org\/{rel}","templated":true}]}}