{"id":29210,"date":"2025-04-03T15:56:08","date_gmt":"2025-04-03T18:56:08","guid":{"rendered":"https:\/\/guialimeira.com.br\/?p=29210"},"modified":"2025-04-03T15:56:08","modified_gmt":"2025-04-03T18:56:08","slug":"camara-pode-votar-lei-da-reciprocidade-comercial-ainda-esta-semana","status":"publish","type":"post","link":"https:\/\/guialimeira.com.br\/news\/camara-pode-votar-lei-da-reciprocidade-comercial-ainda-esta-semana\/","title":{"rendered":"C\u00e2mara pode votar Lei da Reciprocidade Comercial ainda esta semana"},"content":{"rendered":"\n<figure class=\"wp-block-gallery has-nested-images columns-default is-cropped wp-block-gallery-1 is-layout-flex wp-block-gallery-is-layout-flex\">\n<figure class=\"wp-block-image size-large\"><\/figure>\n\t\t\t\t\t\n<figure class=\"wp-block-image size-large\"><img loading=\"lazy\" decoding=\"async\" width=\"1\" height=\"1\" data-attachment-id=\"29209\" data-permalink=\"https:\/\/guialimeira.com.br\/news\/camara-pode-votar-lei-da-reciprocidade-comercial-ainda-esta-semana-2\/\" data-orig-file=\"https:\/\/i0.wp.com\/guialimeira.com.br\/news\/wp-content\/uploads\/2025\/04\/1743706565_312_ebc.gif?fit=1%2C1&amp;ssl=1\" data-orig-size=\"1,1\" data-comments-opened=\"1\" data-image-meta=\"{&quot;aperture&quot;:&quot;0&quot;,&quot;credit&quot;:&quot;&quot;,&quot;camera&quot;:&quot;&quot;,&quot;caption&quot;:&quot;&quot;,&quot;created_timestamp&quot;:&quot;0&quot;,&quot;copyright&quot;:&quot;&quot;,&quot;focal_length&quot;:&quot;0&quot;,&quot;iso&quot;:&quot;0&quot;,&quot;shutter_speed&quot;:&quot;0&quot;,&quot;title&quot;:&quot;&quot;,&quot;orientation&quot;:&quot;0&quot;}\" data-image-title=\"C\u00e2mara pode votar Lei da Reciprocidade Comercial ainda esta semana\" data-image-description=\"\" data-image-caption=\"\" data-large-file=\"https:\/\/i0.wp.com\/guialimeira.com.br\/news\/wp-content\/uploads\/2025\/04\/1743706565_312_ebc.gif?fit=1%2C1&amp;ssl=1\" data-id=\"29209\" src=\"https:\/\/i0.wp.com\/guialimeira.com.br\/wp-content\/uploads\/2025\/04\/1743706565_312_ebc.gif?resize=1%2C1&amp;ssl=1\" alt=\"\" class=\"wp-image-29209\" \/><\/figure>\n\t\t\t\t\t<\/figure>\n \r\n<br><div>\n                    <p>A C\u00e2mara dos Deputados pode votar ainda nesta semana o <a href=\"https:\/\/www.camara.leg.br\/proposicoesWeb\/prop_mostrarintegra?codteor=2877291&amp;filename=PL%202088\/2023\" target=\"_blank\" rel=\"noopener\">Projeto de Lei\u00a0 2.088\/2023<\/a>, Lei da Reciprocidade Comercial, que <strong>autoriza o governo brasileiro a adotar medidas comerciais contra pa\u00edses e blocos que imponham barreiras aos produtos do Brasil no mercado global<\/strong>.<img data-recalc-dims=\"1\" decoding=\"async\" src=\"https:\/\/i0.wp.com\/guialimeira.com.br\/wp-content\/uploads\/2025\/04\/1743706565_526_ebc.png?w=696&#038;ssl=1\" style=\"width:1px;height:1px\" \/><img data-recalc-dims=\"1\" decoding=\"async\" src=\"https:\/\/i0.wp.com\/guialimeira.com.br\/wp-content\/uploads\/2025\/04\/1743706565_312_ebc.gif?w=696&#038;ssl=1\" style=\"width:1px;height:1px\" \/><\/p>\n\n<p>O texto do PL foi <a href=\"https:\/\/agenciabrasil.ebc.com.br\/politica\/noticia\/2025-04\/senado-aprova-retaliacao-comercial-vesperas-de-tarifaco-de-trump\" target=\"_blank\" rel=\"noopener\">aprovado nesta ter\u00e7a-feira (1) na Comiss\u00e3o de Assuntos Econ\u00f4micos (CAE) e no plen\u00e1rio do Senado, por unanimidade<\/a>.<\/p>\n\n<p>O tema se tornou prioridade no Congresso <strong>ap\u00f3s o presidente dos Estados Unidos (EUA), Donald Trump, anunciar que vai impor \u201ctarifas rec\u00edprocas\u201d contra parceiros comerciais<\/strong>. O an\u00fancio do novo tarifa\u00e7o est\u00e1 previsto para as 17h (hor\u00e1rio de Bras\u00edlia) desta quarta-feira.<\/p>\n\n<p>O presidente da C\u00e2mara, deputado Hugo Motta (Republicanos\/PB), informou que <strong>vai trabalhar junto ao Col\u00e9gio de L\u00edderes para pautar o tema ainda esta semana<\/strong>.\u00a0\u00a0<\/p>\n\n<p>\u201cComo esse \u00e9 um tema excepcional, e n\u00f3s temos uma data j\u00e1 precificada de uma poss\u00edvel movimenta\u00e7\u00e3o dos Estados Unidos com rela\u00e7\u00e3o aos produtos brasileiros, n\u00f3s j\u00e1 estamos conversando com o Col\u00e9gio de L\u00edderes, para que, se poss\u00edvel, excepcionalmente, possamos trazer a mat\u00e9ria ao plen\u00e1rio ainda esta semana\u201d, anunciou o presidente da Casa.<\/p>\n\n<p>Para Motta, o epis\u00f3dio entre EUA e Brasil deve superar as diferen\u00e7as pol\u00edticas dentro do Parlamento.\u00a0<\/p>\n\n<blockquote>\n<p>\u201cNas horas mais importantes n\u00e3o existe um Brasil de esquerda ou um Brasil de direita. Existe apenas o povo brasileiro. E n\u00f3s, representantes do povo, temos de ter a capacidade de defender o povo acima de nossas diferen\u00e7as\u201d, disse.<\/p>\n<\/blockquote>\n\n<p>O PL, partido do ex-presidente Jair Bolsonaro, promete obstruir todas as vota\u00e7\u00f5es para pressionar pelo Projeto de Lei da Anistia. O l\u00edder do partido na C\u00e2mara, deputado S\u00f3stenes Cavalcante (RJ), informou \u00e0 <strong>Ag\u00eancia Brasil<\/strong> que a legenda vai obstruir tudo. <strong>\u201cObstruir e tornar o processo legislativo lento\u201d, garantiu.<\/strong><\/p>\n\n<p>A vota\u00e7\u00e3o da Lei da Reciprocidade Comercial esta semana tem o apoio do presidente da Frente Parlamentar Agropecu\u00e1ria (FPA), deputado Pedro Lupion (PP\/PR).<\/p>\n\n<p>\u201cNossos concorrentes mundiais, os grandes players mundiais do com\u00e9rcio internacional, t\u00eam uma lei para defender os seus interesses e o Brasil n\u00e3o tem. N\u00f3s precisamos disso, e \u00e9 importante essa celeridade\u201d, defendeu.<\/p>\n\n<p>O l\u00edder do PT na C\u00e2mara, deputado Lindbergh Farias (RJ), argumentou que n\u00e3o h\u00e1 como o projeto da anistia avan\u00e7ar e defendeu que a Casa aprecie logo o PL da Reciprocidade Comercial.<\/p>\n\n<blockquote>\n<p>\u201cDiziam que iam pautar a anistia esta semana. N\u00e3o vai ter anistia esta semana por um motivo bem claro, esta Casa, o presidente [da C\u00e2mara] Hugo Motta, a maioria dos partidos, pensaram no Poder Legislativo. N\u00e3o faz sentido paralisar uma pauta, vota\u00e7\u00f5es importantes, em cima de um projeto de anistia que, al\u00e9m de tudo, \u00e9 inconstitucional\u201d, destacou.<\/p>\n<\/blockquote>\n\n<h2>Reciprocidade<\/h2>\n\n<p>O Artigo 1\u00ba do Projeto de Lei da Reciprocidade comercial estabelece crit\u00e9rios para respostas a a\u00e7\u00f5es, pol\u00edticas ou pr\u00e1ticas unilaterais de pa\u00eds ou bloco econ\u00f4mico que \u201cimpactem negativamente a competitividade internacional brasileira\u201d.<\/p>\n\n<p><strong>Se aprovada, a lei valer\u00e1 para pa\u00edses ou blocos que \u201cinterfiram nas escolhas leg\u00edtimas e soberanas do Brasil\u201d.<\/strong>\u00a0<\/p>\n\n<p>No Artigo 3\u00ba, fica autorizado o Conselho Estrat\u00e9gico da C\u00e2mara de Com\u00e9rcio Exterior (Camex), ligado ao Executivo, a \u201cadotar contramedidas na forma de restri\u00e7\u00e3o \u00e0s importa\u00e7\u00f5es de bens e servi\u00e7os\u201d, prevendo ainda medidas de negocia\u00e7\u00e3o entre as partes antes de qualquer decis\u00e3o.<\/p>\n\n<p>\u00c0 v\u00e9spera do an\u00fancio do novo tarifa\u00e7o de Donald Trump, <a href=\"https:\/\/agenciabrasil.ebc.com.br\/internacional\/noticia\/2025-04\/relatorio-dos-eua-critica-brasil-vesperas-de-novo-tarifaco-de-trump\" target=\"_blank\" rel=\"noopener\">um escrit\u00f3rio ligado ao governo dos EUA divulgou relat\u00f3rio com cr\u00edticas ao modelo de tarifas que o Brasil<\/a> imp\u00f5e \u00e0s importa\u00e7\u00f5es em setores como etanol, audiovisual, bebidas alco\u00f3licas, produtos de telecomunica\u00e7\u00f5es, m\u00e1quinas e equipamentos e carne su\u00edna, al\u00e9m de reclamar da prefer\u00eancia dada pela legisla\u00e7\u00e3o e normas do Brasil aos produtores nacionais.<\/p>\n\n      <!-- Relacionada -->\n              \n            <!-- Relacionada -->\n    <\/div>\r\n<br>\r\n<br><a href=\"https:\/\/agenciabrasil.ebc.com.br\/politica\/noticia\/2025-04\/camara-pode-votar-lei-da-reciprocidade-comercial-ainda-esta-semana\" rel=\"noopener\">Ag\u00eancia Brasil<\/a>","protected":false},"excerpt":{"rendered":"<p>A C\u00e2mara dos Deputados pode votar ainda nesta semana o Projeto de Lei\u00a0 2.088\/2023, Lei da Reciprocidade Comercial, que autoriza o governo brasileiro a adotar medidas comerciais contra pa\u00edses e blocos que imponham barreiras aos produtos do Brasil no mercado global. O texto do PL foi aprovado nesta ter\u00e7a-feira (1) na Comiss\u00e3o de Assuntos Econ\u00f4micos [&hellip;]<\/p>\n","protected":false},"author":1,"featured_media":29211,"comment_status":"open","ping_status":"open","sticky":false,"template":"","format":"standard","meta":{"_jetpack_newsletter_access":"","_jetpack_dont_email_post_to_subs":false,"_jetpack_newsletter_tier_id":0,"_jetpack_memberships_contains_paywalled_content":false,"_mbp_banners":[],"_jetpack_feature_clip_id":0,"_jetpack_memberships_contains_paid_content":false,"footnotes":"","jetpack_publicize_message":"","jetpack_publicize_feature_enabled":true,"jetpack_social_post_already_shared":true,"jetpack_social_options":{"image_generator_settings":{"template":"highway","default_image_id":0,"font":"","enabled":false},"version":2},"jetpack_post_was_ever_published":false},"categories":[19],"tags":[],"class_list":["post-29210","post","type-post","status-publish","format-standard","has-post-thumbnail","category-politica"],"jetpack_publicize_connections":[],"jetpack-related-posts":[],"jetpack_shortlink":"https:\/\/wp.me\/p7Eq1F-7B8","jetpack_sharing_enabled":true,"jetpack_featured_media_url":"https:\/\/i0.wp.com\/guialimeira.com.br\/news\/wp-content\/uploads\/2025\/04\/Camara-pode-votar-Lei-da-Reciprocidade-Comercial-ainda-esta-semana.jpg?fit=1600%2C800&ssl=1","_links":{"self":[{"href":"https:\/\/guialimeira.com.br\/news\/wp-json\/wp\/v2\/posts\/29210","targetHints":{"allow":["GET"]}}],"collection":[{"href":"https:\/\/guialimeira.com.br\/news\/wp-json\/wp\/v2\/posts"}],"about":[{"href":"https:\/\/guialimeira.com.br\/news\/wp-json\/wp\/v2\/types\/post"}],"author":[{"embeddable":true,"href":"https:\/\/guialimeira.com.br\/news\/wp-json\/wp\/v2\/users\/1"}],"replies":[{"embeddable":true,"href":"https:\/\/guialimeira.com.br\/news\/wp-json\/wp\/v2\/comments?post=29210"}],"version-history":[{"count":1,"href":"https:\/\/guialimeira.com.br\/news\/wp-json\/wp\/v2\/posts\/29210\/revisions"}],"predecessor-version":[{"id":29212,"href":"https:\/\/guialimeira.com.br\/news\/wp-json\/wp\/v2\/posts\/29210\/revisions\/29212"}],"wp:featuredmedia":[{"embeddable":true,"href":"https:\/\/guialimeira.com.br\/news\/wp-json\/wp\/v2\/media\/29211"}],"wp:attachment":[{"href":"https:\/\/guialimeira.com.br\/news\/wp-json\/wp\/v2\/media?parent=29210"}],"wp:term":[{"taxonomy":"category","embeddable":true,"href":"https:\/\/guialimeira.com.br\/news\/wp-json\/wp\/v2\/categories?post=29210"},{"taxonomy":"post_tag","embeddable":true,"href":"https:\/\/guialimeira.com.br\/news\/wp-json\/wp\/v2\/tags?post=29210"}],"curies":[{"name":"wp","href":"https:\/\/api.w.org\/{rel}","templated":true}]}}