{"id":2920,"date":"2024-04-26T13:42:48","date_gmt":"2024-04-26T16:42:48","guid":{"rendered":"https:\/\/guialimeira.com.br\/2024\/04\/26\/cartorios-eleitorais-ampliam-horario-de-atendimento-ao-publico\/"},"modified":"2024-04-26T13:42:48","modified_gmt":"2024-04-26T16:42:48","slug":"cartorios-eleitorais-ampliam-horario-de-atendimento-ao-publico","status":"publish","type":"post","link":"https:\/\/guialimeira.com.br\/news\/cartorios-eleitorais-ampliam-horario-de-atendimento-ao-publico\/","title":{"rendered":"Cart\u00f3rios Eleitorais ampliam hor\u00e1rio de atendimento ao p\u00fablico"},"content":{"rendered":"<p> <br \/>\n<\/p>\n<div>\n            <main class=\"\">&#13;<br \/>\n                &#13;<br \/>\n&#13;<br \/>\n&#13;<br \/>\n&#13;<br \/>\n    <img data-recalc-dims=\"1\" decoding=\"async\" src=\"https:\/\/i0.wp.com\/ecrie.com.br\/sistema\/conteudos\/imagem\/m_137_0_1_26042024133627.jpg?w=696&#038;ssl=1\" alt=\"Cart\u00f3rios Eleitorais ampliam hor\u00e1rio de atendimento ao p\u00fablico\"\/>&#13;<br \/>\n&#13;<\/p>\n<p style=\"text-align: justify;\">As Zonas Eleitorais de Limeira (66\u00aa e 399\u00aa) v\u00e3o realizar plant\u00f5es e ampliar o hor\u00e1rio de atendimento a partir de maio para receber quem precisa tirar o t\u00edtulo ou regularizar o documento. O prazo para ficar em dia com a Justi\u00e7a Eleitoral e poder votar nas elei\u00e7\u00f5es 2024 \u00e9 at\u00e9 8 de maio.<\/p>\n<p>&#13;<\/p>\n<p style=\"text-align: justify;\">Os cart\u00f3rios ficam localizados no N\u00facleo de Atendimento ao Cidad\u00e3o (NAC), na Avenida Dr. Lauro Corr\u00eaa da Silva, 3.800. O atendimento ampliado vai ocorrer no feriado de 1\u00ba de Maio (quarta-feira), no final de semana dos dias 4 (s\u00e1bado) e 5 (domingo) e durante a semana at\u00e9 8 de maio.<\/p>\n<p>&#13;<\/p>\n<p style=\"text-align: justify;\">VEJA A PROGRAMA\u00c7\u00c3O<\/p>\n<p>&#13;<\/p>\n<p style=\"text-align: justify;\">Nos dias 1\u00ba, 4 e 5 o atendimento ser\u00e1 das 11h \u00e0s 17h.<\/p>\n<p>&#13;<\/p>\n<p style=\"text-align: justify;\">Nos dias 2, 3, 6, 7 e 8 os cart\u00f3rios v\u00e3o atender das 9h \u00e0s 17h.<\/p>\n<p>&#13;<br \/>\n&#13;<br \/>\n&#13;<br \/>\n&#13;<\/p>\n<aside class=\"list-related no-print\">&#13;<br \/>\n        &#13;<br \/>\n&#13;<\/p>\n<article class=\"list-item noticias \">&#13;<br \/>\n                    <a class=\"list-item__img\" href=\"https:\/\/limeira.sp.gov.br\/imprensa\/noticias\/ceprosom\/imposto-de-renda-cidadao-e-estrategia-segura-para-ajudar-programas-sociais-de-limeira-destaca-fundo-social\" tabindex=\"-1\" aria-hidden=\"true\" rel=\"noopener\">&#13;<br \/>\n                        <img data-recalc-dims=\"1\" decoding=\"async\" src=\"https:\/\/i0.wp.com\/ecrie.com.br\/sistema\/conteudos\/imagem\/m_137_0_1_25042024171513.jpg?w=696&#038;ssl=1\" alt=\"\u201cImposto de Renda Cidad\u00e3o\u201d \u00e9 estrat\u00e9gia segura para ajudar programas sociais de Limeira, destaca Fundo Social\"\/>&#13;<br \/>\n                    <\/a>&#13;<br \/>\n&#13;<br \/>\n                &#13;<br \/>\n            <\/article>\n<p>&#13;<\/p>\n<article class=\"list-item noticias \">&#13;<br \/>\n                    <a class=\"list-item__img\" href=\"https:\/\/limeira.sp.gov.br\/imprensa\/noticias\/ceprosom\/atualizacao-de-sistema-suspendera-atendimento-do-cadastro-unico-nos-dias-6-e-7-de-maio\" tabindex=\"-1\" aria-hidden=\"true\" rel=\"noopener\">&#13;<br \/>\n                        <img data-recalc-dims=\"1\" decoding=\"async\" src=\"https:\/\/i0.wp.com\/ecrie.com.br\/sistema\/conteudos\/imagem\/m_137_0_1_25042024165420.jpg?w=696&#038;ssl=1\" alt=\"Atualiza\u00e7\u00e3o de sistema suspender\u00e1 atendimento do Cadastro \u00danico nos dias 6 e 7 de maio\"\/>&#13;<br \/>\n                    <\/a>&#13;<br \/>\n&#13;<br \/>\n                &#13;<br \/>\n            <\/article>\n<p>&#13;<\/p>\n<article class=\"list-item noticias \">&#13;<br \/>\n                    <a class=\"list-item__img\" href=\"https:\/\/limeira.sp.gov.br\/imprensa\/noticias\/ceprosom\/prefeitura-oferece-curso-gratuito-de-programacao-python\" tabindex=\"-1\" aria-hidden=\"true\" rel=\"noopener\">&#13;<br \/>\n                        <img data-recalc-dims=\"1\" decoding=\"async\" src=\"https:\/\/i0.wp.com\/ecrie.com.br\/sistema\/conteudos\/imagem\/m_137_0_1_23042024143103.jpg?w=696&#038;ssl=1\" alt=\"Prefeitura oferece curso gratuito de linguagem de programa\u00e7\u00e3o Python\"\/>&#13;<br \/>\n                    <\/a>&#13;<br \/>\n&#13;<br \/>\n                &#13;<br \/>\n            <\/article>\n<p>&#13;<br \/>\n    <\/aside>\n<p>&#13;<br \/>\n&#13;<br \/>\n            <\/main><\/p><\/div>\n<p><br \/>\n<br \/><a href=\"https:\/\/limeira.sp.gov.br\/cartorios-eleitorais-ampliam-horario-de-atendimento-ao-publico\" rel=\"noopener\">Informa\u00e7\u00f5es da PML <\/a><\/p>\n","protected":false},"excerpt":{"rendered":"<p>&#13; &#13; &#13; &#13; &#13; &#13; &#13; As Zonas Eleitorais de Limeira (66\u00aa e 399\u00aa) v\u00e3o realizar plant\u00f5es e ampliar o hor\u00e1rio de atendimento a partir de maio para receber quem precisa tirar o t\u00edtulo ou regularizar o documento. O prazo para ficar em dia com a Justi\u00e7a Eleitoral e poder votar nas elei\u00e7\u00f5es 2024 [&hellip;]<\/p>\n","protected":false},"author":1,"featured_media":2921,"comment_status":"open","ping_status":"open","sticky":false,"template":"","format":"standard","meta":{"_jetpack_newsletter_access":"","_jetpack_dont_email_post_to_subs":false,"_jetpack_newsletter_tier_id":0,"_jetpack_memberships_contains_paywalled_content":false,"_mbp_banners":[],"_jetpack_feature_clip_id":0,"_jetpack_memberships_contains_paid_content":false,"footnotes":"","jetpack_publicize_message":"","jetpack_publicize_feature_enabled":true,"jetpack_social_post_already_shared":true,"jetpack_social_options":{"image_generator_settings":{"template":"highway","default_image_id":0,"font":"","enabled":false},"version":2},"jetpack_post_was_ever_published":false},"categories":[16],"tags":[],"class_list":["post-2920","post","type-post","status-publish","format-standard","has-post-thumbnail","category-local"],"jetpack_publicize_connections":[],"jetpack-related-posts":[],"jetpack_shortlink":"https:\/\/wp.me\/p7Eq1F-L6","jetpack_sharing_enabled":true,"jetpack_featured_media_url":"https:\/\/i0.wp.com\/guialimeira.com.br\/news\/wp-content\/uploads\/2024\/04\/m_137_0_1_26042024133627.jpg?fit=900%2C900&ssl=1","_links":{"self":[{"href":"https:\/\/guialimeira.com.br\/news\/wp-json\/wp\/v2\/posts\/2920","targetHints":{"allow":["GET"]}}],"collection":[{"href":"https:\/\/guialimeira.com.br\/news\/wp-json\/wp\/v2\/posts"}],"about":[{"href":"https:\/\/guialimeira.com.br\/news\/wp-json\/wp\/v2\/types\/post"}],"author":[{"embeddable":true,"href":"https:\/\/guialimeira.com.br\/news\/wp-json\/wp\/v2\/users\/1"}],"replies":[{"embeddable":true,"href":"https:\/\/guialimeira.com.br\/news\/wp-json\/wp\/v2\/comments?post=2920"}],"version-history":[{"count":0,"href":"https:\/\/guialimeira.com.br\/news\/wp-json\/wp\/v2\/posts\/2920\/revisions"}],"wp:featuredmedia":[{"embeddable":true,"href":"https:\/\/guialimeira.com.br\/news\/wp-json\/wp\/v2\/media\/2921"}],"wp:attachment":[{"href":"https:\/\/guialimeira.com.br\/news\/wp-json\/wp\/v2\/media?parent=2920"}],"wp:term":[{"taxonomy":"category","embeddable":true,"href":"https:\/\/guialimeira.com.br\/news\/wp-json\/wp\/v2\/categories?post=2920"},{"taxonomy":"post_tag","embeddable":true,"href":"https:\/\/guialimeira.com.br\/news\/wp-json\/wp\/v2\/tags?post=2920"}],"curies":[{"name":"wp","href":"https:\/\/api.w.org\/{rel}","templated":true}]}}