{"id":29173,"date":"2025-04-03T10:35:28","date_gmt":"2025-04-03T13:35:28","guid":{"rendered":"https:\/\/guialimeira.com.br\/?p=29173"},"modified":"2025-04-03T10:35:28","modified_gmt":"2025-04-03T13:35:28","slug":"guilherme-guido-propoe-discussao-de-anistia-aos-cidadaos-presos-apos-atos-ocorridos-no-8-de-janeiro","status":"publish","type":"post","link":"https:\/\/guialimeira.com.br\/news\/guilherme-guido-propoe-discussao-de-anistia-aos-cidadaos-presos-apos-atos-ocorridos-no-8-de-janeiro\/","title":{"rendered":"Guilherme Guido prop\u00f5e discuss\u00e3o de anistia aos cidad\u00e3os presos ap\u00f3s atos ocorridos no 8 de janeiro"},"content":{"rendered":"\n<figure class=\"wp-block-gallery has-nested-images columns-default is-cropped wp-block-gallery-1 is-layout-flex wp-block-gallery-is-layout-flex\"><\/figure>\n \r\n<br><img data-recalc-dims=\"1\" decoding=\"async\" src=\"https:\/\/i0.wp.com\/guialimeira.com.br\/wp-content\/uploads\/2025\/04\/2025-04-03_guilherme-guido-propoe-discussao-de-anistia-aos-cidadaos-presos-apos-atos-ocorridos-no-8-.jpeg?w=696&#038;ssl=1\" \/><br><div>\n\t\t\t\t\t<p>O vereador Guilherme Guido (PL) prop\u00f4s a <a href=\"https:\/\/consulta.limeira.sp.leg.br\/Documentos\/Pesquisa?Pesquisa=Avancada&amp;id=79&amp;pagina=1&amp;Modulo=8&amp;Documento=140&amp;Numeracao=Documento&amp;NumeroInicial=47&amp;AnoInicial=2025&amp;DataInicial=&amp;NumeroFinal=&amp;AnoFinal=&amp;DataFinal=&amp;SubTipoId=0&amp;Situacao=0&amp;Classificacao=0&amp;TipoAutor=Todos&amp;AutoriaId=0&amp;Iniciativa=Nenhum&amp;NoTexto=false&amp;Assunto=&amp;Observacoes=\" rel=\"noopener\">Mo\u00e7\u00e3o N\u00b047\/2025<\/a>, em apoio \u00e0 discuss\u00e3o de anistia aos cidad\u00e3os presos em decorr\u00eancia dos atos ocorridos no dia oito de janeiro de 2023, em Bras\u00edlia (DF). O documento foi aprovado durante a sess\u00e3o ordin\u00e1ria de segunda-feira, 31 de mar\u00e7o.<\/p><p>O parlamentar explicou que a anistia \u00e9 um instrumento jur\u00eddico e pol\u00edtico de pacifica\u00e7\u00e3o nacional e que a Constitui\u00e7\u00e3o Federal prev\u00ea a aplica\u00e7\u00e3o em situa\u00e7\u00f5es pol\u00edticas. Para ele, deve ser \u201camplamente debatida a possibilidade de anistia aos indiv\u00edduos que foram detidos sem a devida comprova\u00e7\u00e3o de culpa ou que tenham sido v\u00edtimas de abuso de autoridade e excessos no processo de investiga\u00e7\u00e3o e julgamento\u201d.\u00a0\u00a0\u00a0<\/p><p>Guilherme Guido argumentou que existe a necessidade de se resguardar o princ\u00edpio do devido processo legal, evitando abusos de autoridade e garantindo que todos os cidad\u00e3os tenham direito a um julgamento justo e imparcial. &#8220;Muitos detidos n\u00e3o tiveram suas devidas garantias processuais plenamente asseguradas, sendo alvo de medidas desproporcionais e sem a devida comprova\u00e7\u00e3o de sua participa\u00e7\u00e3o efetiva em atos il\u00edcitos&#8221;, salientou.\u00a0<\/p><p>Na propositura, o vereador tamb\u00e9m defendeu que o princ\u00edpio da presun\u00e7\u00e3o de inoc\u00eancia deve ser garantido a todos os cidad\u00e3os brasileiros. \u201cH\u00e1 relatos de pris\u00f5es arbitr\u00e1rias e excessos cometidos nos processos de apura\u00e7\u00e3o e puni\u00e7\u00e3o dos envolvidos\u201d, ressaltou o autor da mo\u00e7\u00e3o.\u00a0<\/p><p>O discurso do parlamentar pode ser conferido na \u00edntegra por meio deste <a href=\"https:\/\/www.youtube.com\/live\/XFa5wEbBc4c?si=Zs9jvjwxIgxR9Lx8&amp;t=10600\" rel=\"noopener\">link<\/a>.<\/p><p><i>Do Gabinete Parlamentar \u2013 Vereador\u00a0 Guilherme Guido (PL)<\/i><\/p><p><strong>As mat\u00e9rias de origem dos Gabinetes Parlamentares s\u00e3o de inteira\u00a0 responsabilidade dos parlamentares e de suas assessorias. S\u00e3o devidamente assinadas e n\u00e3o refletem, necessariamente, a opini\u00e3o institucional da C\u00e2mara Municipal de Limeira.<\/strong><\/p>\t\t\t\t<\/div>\r\n<br>\r\n<br><a href=\"https:\/\/www.limeira.sp.leg.br\/noticias\/view\/2025-04-03_guilherme-guido-propoe-discussao-de-anistia-aos-cidadaos-presos-apos-atos-ocorridos-no-8-de-janeiro\" rel=\"noopener\">Informa\u00e7\u00f5es CML <\/a>","protected":false},"excerpt":{"rendered":"<p>O vereador Guilherme Guido (PL) prop\u00f4s a Mo\u00e7\u00e3o N\u00b047\/2025, em apoio \u00e0 discuss\u00e3o de anistia aos cidad\u00e3os presos em decorr\u00eancia dos atos ocorridos no dia oito de janeiro de 2023, em Bras\u00edlia (DF). O documento foi aprovado durante a sess\u00e3o ordin\u00e1ria de segunda-feira, 31 de mar\u00e7o. O parlamentar explicou que a anistia \u00e9 um instrumento [&hellip;]<\/p>\n","protected":false},"author":1,"featured_media":29174,"comment_status":"open","ping_status":"open","sticky":false,"template":"","format":"standard","meta":{"_jetpack_newsletter_access":"","_jetpack_dont_email_post_to_subs":false,"_jetpack_newsletter_tier_id":0,"_jetpack_memberships_contains_paywalled_content":false,"_mbp_banners":[],"_jetpack_feature_clip_id":0,"_jetpack_memberships_contains_paid_content":false,"footnotes":"","jetpack_publicize_message":"","jetpack_publicize_feature_enabled":true,"jetpack_social_post_already_shared":true,"jetpack_social_options":{"image_generator_settings":{"template":"highway","default_image_id":0,"font":"","enabled":false},"version":2},"jetpack_post_was_ever_published":false},"categories":[19],"tags":[],"class_list":["post-29173","post","type-post","status-publish","format-standard","has-post-thumbnail","category-politica"],"jetpack_publicize_connections":[],"jetpack-related-posts":[],"jetpack_shortlink":"https:\/\/wp.me\/p7Eq1F-7Ax","jetpack_sharing_enabled":true,"jetpack_featured_media_url":"https:\/\/i0.wp.com\/guialimeira.com.br\/news\/wp-content\/uploads\/2025\/04\/Guilherme-Guido-propoe-discussao-de-anistia-aos-cidadaos-presos-apos.jpeg?fit=1280%2C640&ssl=1","_links":{"self":[{"href":"https:\/\/guialimeira.com.br\/news\/wp-json\/wp\/v2\/posts\/29173","targetHints":{"allow":["GET"]}}],"collection":[{"href":"https:\/\/guialimeira.com.br\/news\/wp-json\/wp\/v2\/posts"}],"about":[{"href":"https:\/\/guialimeira.com.br\/news\/wp-json\/wp\/v2\/types\/post"}],"author":[{"embeddable":true,"href":"https:\/\/guialimeira.com.br\/news\/wp-json\/wp\/v2\/users\/1"}],"replies":[{"embeddable":true,"href":"https:\/\/guialimeira.com.br\/news\/wp-json\/wp\/v2\/comments?post=29173"}],"version-history":[{"count":1,"href":"https:\/\/guialimeira.com.br\/news\/wp-json\/wp\/v2\/posts\/29173\/revisions"}],"predecessor-version":[{"id":29175,"href":"https:\/\/guialimeira.com.br\/news\/wp-json\/wp\/v2\/posts\/29173\/revisions\/29175"}],"wp:featuredmedia":[{"embeddable":true,"href":"https:\/\/guialimeira.com.br\/news\/wp-json\/wp\/v2\/media\/29174"}],"wp:attachment":[{"href":"https:\/\/guialimeira.com.br\/news\/wp-json\/wp\/v2\/media?parent=29173"}],"wp:term":[{"taxonomy":"category","embeddable":true,"href":"https:\/\/guialimeira.com.br\/news\/wp-json\/wp\/v2\/categories?post=29173"},{"taxonomy":"post_tag","embeddable":true,"href":"https:\/\/guialimeira.com.br\/news\/wp-json\/wp\/v2\/tags?post=29173"}],"curies":[{"name":"wp","href":"https:\/\/api.w.org\/{rel}","templated":true}]}}