{"id":29162,"date":"2025-04-03T09:34:55","date_gmt":"2025-04-03T12:34:55","guid":{"rendered":"https:\/\/guialimeira.com.br\/?p=29162"},"modified":"2025-04-03T09:34:55","modified_gmt":"2025-04-03T12:34:55","slug":"costa-junior-propoe-diretrizes-de-politicas-publicas-para-pessoas-com-tea-em-limeira","status":"publish","type":"post","link":"https:\/\/guialimeira.com.br\/news\/costa-junior-propoe-diretrizes-de-politicas-publicas-para-pessoas-com-tea-em-limeira\/","title":{"rendered":"Costa J\u00fanior prop\u00f5e diretrizes de pol\u00edticas p\u00fablicas para pessoas com TEA em Limeira"},"content":{"rendered":"\n<figure class=\"wp-block-gallery has-nested-images columns-default is-cropped wp-block-gallery-1 is-layout-flex wp-block-gallery-is-layout-flex\"><\/figure>\n \r\n<br><img data-recalc-dims=\"1\" decoding=\"async\" src=\"https:\/\/i0.wp.com\/guialimeira.com.br\/wp-content\/uploads\/2025\/04\/2025-04-03_costa-junior-propoe-diretrizes-de-politicas-publicas-para-pessoas-com-tea-em-limeira_3.jp.jpeg?w=696&#038;ssl=1\" \/><br><div>\n\t\t\t\t\t<p>O vereador Costa J\u00fanior (Podemos) protocolou nesta quarta-feira, 2 de abril, o <a href=\"https:\/\/consulta.limeira.sp.leg.br\/Documentos\/Documento\/373038\" rel=\"noopener\">Projeto de Lei N\u00b0 55\/2025<\/a> que prop\u00f5e a cria\u00e7\u00e3o de diretrizes para pol\u00edticas p\u00fablicas voltadas \u00e0 inclus\u00e3o e ao atendimento de pessoas com Transtorno do Espectro Autista (TEA) no munic\u00edpio de Limeira. O projeto busca estabelecer uma s\u00e9rie de a\u00e7\u00f5es e medidas para promover a integra\u00e7\u00e3o social, educacional, cultural, lazer e de sa\u00fade das pessoas com TEA, garantindo acesso a servi\u00e7os especializados e adequados \u00e0s suas necessidades.<\/p><p>Com o intuito de oferecer melhores condi\u00e7\u00f5es de atendimento e apoio, o projeto prop\u00f5e a implementa\u00e7\u00e3o de programas e campanhas de conscientiza\u00e7\u00e3o sobre o Transtorno do Espectro Autista, al\u00e9m da capacita\u00e7\u00e3o de profissionais da educa\u00e7\u00e3o, sa\u00fade e assist\u00eancia social para identificar e atender de forma eficaz as demandas dessa popula\u00e7\u00e3o.<\/p><p>O parlamentar destacou a import\u00e2ncia de garantir a igualdade de oportunidades e o respeito aos direitos das pessoas com TEA, promovendo um ambiente mais inclusivo e acess\u00edvel para todos. Ele tamb\u00e9m enfatizou que o projeto de lei n\u00e3o s\u00f3 visa proporcionar melhores condi\u00e7\u00f5es de vida mas tamb\u00e9m fortalecer a rede de apoio e os servi\u00e7os existentes, com foco na qualidade de vida e no pleno exerc\u00edcio da cidadania.<\/p><p>\u201cCaso aprovado, o projeto ser\u00e1 um marco importante para a cidade no que diz respeito \u00e0 inclus\u00e3o e ao atendimento de pessoas com Transtorno do Espectro Autista\u201d, afirmou Costa J\u00fanior.<\/p><p><i>Do Gabinete Parlamentar \u2013 Vereador\u00a0 Costa Junior (Podemos)<\/i><\/p><p><i>*Foto do Gabinete parlamentar<\/i><\/p><p><strong>As mat\u00e9rias de origem dos Gabinetes Parlamentares s\u00e3o de inteira\u00a0 responsabilidade dos parlamentares e de suas assessorias. S\u00e3o devidamente assinadas e n\u00e3o refletem, necessariamente, a opini\u00e3o institucional da C\u00e2mara Municipal de Limeira.<\/strong><\/p><p>\u00a0<\/p><p>\u00a0<\/p><p>\u00a0<\/p>\t\t\t\t<\/div>\r\n<br>\r\n<br><a href=\"https:\/\/www.limeira.sp.leg.br\/noticias\/view\/2025-04-03_costa-junior-propoe-diretrizes-de-politicas-publicas-para-pessoas-com-tea-em-limeira\" rel=\"noopener\">Informa\u00e7\u00f5es CML <\/a>","protected":false},"excerpt":{"rendered":"<p>O vereador Costa J\u00fanior (Podemos) protocolou nesta quarta-feira, 2 de abril, o Projeto de Lei N\u00b0 55\/2025 que prop\u00f5e a cria\u00e7\u00e3o de diretrizes para pol\u00edticas p\u00fablicas voltadas \u00e0 inclus\u00e3o e ao atendimento de pessoas com Transtorno do Espectro Autista (TEA) no munic\u00edpio de Limeira. O projeto busca estabelecer uma s\u00e9rie de a\u00e7\u00f5es e medidas para [&hellip;]<\/p>\n","protected":false},"author":1,"featured_media":29163,"comment_status":"open","ping_status":"open","sticky":false,"template":"","format":"standard","meta":{"_jetpack_newsletter_access":"","_jetpack_dont_email_post_to_subs":false,"_jetpack_newsletter_tier_id":0,"_jetpack_memberships_contains_paywalled_content":false,"_mbp_banners":[],"_jetpack_feature_clip_id":0,"_jetpack_memberships_contains_paid_content":false,"footnotes":"","jetpack_publicize_message":"","jetpack_publicize_feature_enabled":true,"jetpack_social_post_already_shared":true,"jetpack_social_options":{"image_generator_settings":{"template":"highway","default_image_id":0,"font":"","enabled":false},"version":2},"jetpack_post_was_ever_published":false},"categories":[19],"tags":[],"class_list":["post-29162","post","type-post","status-publish","format-standard","has-post-thumbnail","category-politica"],"jetpack_publicize_connections":[],"jetpack-related-posts":[],"jetpack_shortlink":"https:\/\/wp.me\/p7Eq1F-7Am","jetpack_sharing_enabled":true,"jetpack_featured_media_url":"https:\/\/i0.wp.com\/guialimeira.com.br\/news\/wp-content\/uploads\/2025\/04\/Costa-Junior-propoe-diretrizes-de-politicas-publicas-para-pessoas-com.jp.jpeg?fit=1280%2C640&ssl=1","_links":{"self":[{"href":"https:\/\/guialimeira.com.br\/news\/wp-json\/wp\/v2\/posts\/29162","targetHints":{"allow":["GET"]}}],"collection":[{"href":"https:\/\/guialimeira.com.br\/news\/wp-json\/wp\/v2\/posts"}],"about":[{"href":"https:\/\/guialimeira.com.br\/news\/wp-json\/wp\/v2\/types\/post"}],"author":[{"embeddable":true,"href":"https:\/\/guialimeira.com.br\/news\/wp-json\/wp\/v2\/users\/1"}],"replies":[{"embeddable":true,"href":"https:\/\/guialimeira.com.br\/news\/wp-json\/wp\/v2\/comments?post=29162"}],"version-history":[{"count":1,"href":"https:\/\/guialimeira.com.br\/news\/wp-json\/wp\/v2\/posts\/29162\/revisions"}],"predecessor-version":[{"id":29164,"href":"https:\/\/guialimeira.com.br\/news\/wp-json\/wp\/v2\/posts\/29162\/revisions\/29164"}],"wp:featuredmedia":[{"embeddable":true,"href":"https:\/\/guialimeira.com.br\/news\/wp-json\/wp\/v2\/media\/29163"}],"wp:attachment":[{"href":"https:\/\/guialimeira.com.br\/news\/wp-json\/wp\/v2\/media?parent=29162"}],"wp:term":[{"taxonomy":"category","embeddable":true,"href":"https:\/\/guialimeira.com.br\/news\/wp-json\/wp\/v2\/categories?post=29162"},{"taxonomy":"post_tag","embeddable":true,"href":"https:\/\/guialimeira.com.br\/news\/wp-json\/wp\/v2\/tags?post=29162"}],"curies":[{"name":"wp","href":"https:\/\/api.w.org\/{rel}","templated":true}]}}