{"id":29156,"date":"2025-04-03T08:49:25","date_gmt":"2025-04-03T11:49:25","guid":{"rendered":"https:\/\/guialimeira.com.br\/2025\/04\/03\/sao-paulo-estreia-bem-e-vence-talleres-na-argentina-pela-libertadores\/"},"modified":"2025-04-03T08:49:25","modified_gmt":"2025-04-03T11:49:25","slug":"sao-paulo-estreia-bem-e-vence-talleres-na-argentina-pela-libertadores","status":"publish","type":"post","link":"https:\/\/guialimeira.com.br\/news\/sao-paulo-estreia-bem-e-vence-talleres-na-argentina-pela-libertadores\/","title":{"rendered":"S\u00e3o Paulo estreia bem e vence Talleres na Argentina pela Libertadores"},"content":{"rendered":"<p> <br \/>\n<\/p>\n<div>\n<p>O palco da derrota para o Independiente del Valle, do Equador, na final da Copa Sul-Americana de 2022, passou a ter novo significado para o torcedor do S\u00e3o Paulo. Desta vez, o Tricolor saiu vitorioso do Est\u00e1dio Mario Alberto Kempes, em C\u00f3rdoba, na Argentina. Na noite dessa\u00a0quarta-feira (2), a equipe paulista derrotou o Talleres por 1 a 0, na estreia pelo Grupo D da Libertadores.<img data-recalc-dims=\"1\" decoding=\"async\" src=\"https:\/\/i0.wp.com\/agenciabrasil.ebc.com.br\/ebc.png?w=696&#038;ssl=1\" style=\"width:1px; height:1px; display:inline;\"\/><img data-recalc-dims=\"1\" decoding=\"async\" src=\"https:\/\/i0.wp.com\/agenciabrasil.ebc.com.br\/ebc.gif?w=696&#038;ssl=1\" style=\"width:1px; height:1px; display:inline;\"\/><\/p>\n<p>O anfitri\u00e3o era um advers\u00e1rio indigesto para o clube brasileiro. Em 2019, o S\u00e3o Paulo foi eliminado na fase preliminar da Libertadores pelo Talleres, perdendo em C\u00f3rdoba por 2 a 0, no jogo de ida. No ano passado, as equipes se reencontraram, tamb\u00e9m pela rodada de abertura da principal competi\u00e7\u00e3o do continente. Outra vez, os argentinos levaram a melhor, ganhando por 2 a 1.<\/p>\n<p>O Tricolor chegou a balan\u00e7ar as redes aos 35 minutos do primeiro tempo, com Jonathan Calleri. O centroavante, que marcou apenas tr\u00eas gols nos outros 11 jogos da temporada, completou, na pequena \u00e1rea, um cruzamento pela esquerda de Oscar. O lance, por\u00e9m, foi anulado por impedimento do meia brasileiro.<\/p>\n<p>No segundo tempo, quando o Talleres dominava as a\u00e7\u00f5es ofensivas, o S\u00e3o Paulo abriu o placar. Aos 30 minutos, o lateral C\u00e9dric cruzou pela direita e o volante Juan Portilla tirou, mas a bola sobrou com Alisson. De fora da \u00e1rea, o volante arriscou de primeira, no canto direito do goleiro Guido Herrera, que n\u00e3o segurou a finaliza\u00e7\u00e3o. Os argentinos foram para cima atr\u00e1s do empate e at\u00e9 chegaram perto em cabe\u00e7a do zagueiro Alan Franco, que acertou a trave, quase fazendo contra.<\/p>\n<p>O pr\u00f3ximo compromisso do time comandado por Lu\u00eds Zubeldia na Libertadores ser\u00e1 na\u00a0quinta-feira que vem (10), \u00e0s 21h30 (hor\u00e1rio de Bras\u00edlia), no Morumbis, em S\u00e3o Paulo, diante do Alianza Lima, do Peru, derrotado em casa na estreia, por 1 a 0, pelo Libertad, do Paraguai. Antes, o Tricolor encara o Atl\u00e9tico-MG no domingo (6), \u00e0s 16h, no Mineir\u00e3o, em Belo Horizonte, pela segunda rodada do Campeonato Brasileiro.<\/p>\n<h2>Campe\u00e3o trope\u00e7a<\/h2>\n<p>A vit\u00f3ria s\u00e3o-paulina foi a primeira de um time brasileiro na fase de grupos da Libertadores &#8211; na ter\u00e7a-feira (1\u00ba), o Fortaleza levou 3 a 0 do Racing, da Argentina, na Arena Castel\u00e3o. Na quarta, o Botafogo teve chance de tamb\u00e9m triunfar na rodada, mas foi superado pela Universidad de Chile. Atual campe\u00e3o, o Glorioso perdeu por 1 a 0, no Est\u00e1dio Nacional de Santiago, pelo Grupo A, em partida transmitida ao vivo pela\u00a0<em>R\u00e1dio Nacional<\/em>.<\/p>\n<p>O gol da vit\u00f3ria saiu aos 14 minutos da segunda etapa. Ap\u00f3s receber a bola na entrada da \u00e1rea, N\u00edcolas Guerra girou e rolou para o tamb\u00e9m atacante Lucas Di Yorio, que, sozinho, na frente de John, finalizou na sa\u00edda do goleiro. Tr\u00eas minutos depois, o pr\u00f3prio Guerra marcou, mas o lance foi invalidado por falta em cima do zagueiro Jair.<\/p>\n<p>O Alvinegro ter\u00e1 oportunidade de se reabilitar na pr\u00f3xima ter\u00e7a-feira (8), contra o Carabobo, da Venezuela, no Est\u00e1dio Nilton Santos, no Rio de Janeiro, \u00e0s 19h. A equipe, agora, muda a chave para o Brasileir\u00e3o. No s\u00e1bado (5), o Botafogo encara o Juventude, tamb\u00e9m em casa, \u00e0s 21h, pela segunda rodada da competi\u00e7\u00e3o nacional.<\/p>\n<p>      <!-- Relacionada --><\/p>\n<p>            <!-- Relacionada -->\n    <\/div>\n<p><br \/>\n<br \/><a href=\"https:\/\/agenciabrasil.ebc.com.br\/esportes\/noticia\/2025-04\/sao-paulo-estreia-bem-e-vence-talleres-na-argentina-pela-libertadores\" rel=\"noopener\">Ag\u00eancia Brasil<\/a><\/p>\n","protected":false},"excerpt":{"rendered":"<p>O palco da derrota para o Independiente del Valle, do Equador, na final da Copa Sul-Americana de 2022, passou a ter novo significado para o torcedor do S\u00e3o Paulo. Desta vez, o Tricolor saiu vitorioso do Est\u00e1dio Mario Alberto Kempes, em C\u00f3rdoba, na Argentina. Na noite dessa\u00a0quarta-feira (2), a equipe paulista derrotou o Talleres por [&hellip;]<\/p>\n","protected":false},"author":1,"featured_media":29157,"comment_status":"open","ping_status":"open","sticky":false,"template":"","format":"standard","meta":{"_jetpack_newsletter_access":"","_jetpack_dont_email_post_to_subs":false,"_jetpack_newsletter_tier_id":0,"_jetpack_memberships_contains_paywalled_content":false,"_mbp_banners":[],"_jetpack_feature_clip_id":0,"_jetpack_memberships_contains_paid_content":false,"footnotes":"","jetpack_publicize_message":"","jetpack_publicize_feature_enabled":true,"jetpack_social_post_already_shared":true,"jetpack_social_options":{"image_generator_settings":{"template":"highway","default_image_id":0,"font":"","enabled":false},"version":2},"jetpack_post_was_ever_published":false},"categories":[23],"tags":[],"class_list":["post-29156","post","type-post","status-publish","format-standard","has-post-thumbnail","category-esportes"],"jetpack_publicize_connections":[],"jetpack-related-posts":[],"jetpack_shortlink":"https:\/\/wp.me\/p7Eq1F-7Ag","jetpack_sharing_enabled":true,"jetpack_featured_media_url":"https:\/\/i0.wp.com\/guialimeira.com.br\/news\/wp-content\/uploads\/2025\/04\/1.jpg?fit=1600%2C800&ssl=1","_links":{"self":[{"href":"https:\/\/guialimeira.com.br\/news\/wp-json\/wp\/v2\/posts\/29156","targetHints":{"allow":["GET"]}}],"collection":[{"href":"https:\/\/guialimeira.com.br\/news\/wp-json\/wp\/v2\/posts"}],"about":[{"href":"https:\/\/guialimeira.com.br\/news\/wp-json\/wp\/v2\/types\/post"}],"author":[{"embeddable":true,"href":"https:\/\/guialimeira.com.br\/news\/wp-json\/wp\/v2\/users\/1"}],"replies":[{"embeddable":true,"href":"https:\/\/guialimeira.com.br\/news\/wp-json\/wp\/v2\/comments?post=29156"}],"version-history":[{"count":0,"href":"https:\/\/guialimeira.com.br\/news\/wp-json\/wp\/v2\/posts\/29156\/revisions"}],"wp:featuredmedia":[{"embeddable":true,"href":"https:\/\/guialimeira.com.br\/news\/wp-json\/wp\/v2\/media\/29157"}],"wp:attachment":[{"href":"https:\/\/guialimeira.com.br\/news\/wp-json\/wp\/v2\/media?parent=29156"}],"wp:term":[{"taxonomy":"category","embeddable":true,"href":"https:\/\/guialimeira.com.br\/news\/wp-json\/wp\/v2\/categories?post=29156"},{"taxonomy":"post_tag","embeddable":true,"href":"https:\/\/guialimeira.com.br\/news\/wp-json\/wp\/v2\/tags?post=29156"}],"curies":[{"name":"wp","href":"https:\/\/api.w.org\/{rel}","templated":true}]}}