{"id":29149,"date":"2025-04-03T05:54:33","date_gmt":"2025-04-03T08:54:33","guid":{"rendered":"https:\/\/guialimeira.com.br\/?p=29149"},"modified":"2025-04-03T05:54:33","modified_gmt":"2025-04-03T08:54:33","slug":"cordao-da-mentira-faz-desfile-para-adiar-o-fim-do-mundo","status":"publish","type":"post","link":"https:\/\/guialimeira.com.br\/news\/cordao-da-mentira-faz-desfile-para-adiar-o-fim-do-mundo\/","title":{"rendered":"Cord\u00e3o da Mentira faz desfile &#8220;para adiar o fim do mundo&#8221;"},"content":{"rendered":"\n<figure class=\"wp-block-gallery has-nested-images columns-default is-cropped wp-block-gallery-1 is-layout-flex wp-block-gallery-is-layout-flex\">\n<figure class=\"wp-block-image size-large\"><\/figure>\n\t\t\t\t\t\n<figure class=\"wp-block-image size-large\"><img loading=\"lazy\" decoding=\"async\" width=\"1\" height=\"1\" data-attachment-id=\"29148\" data-permalink=\"https:\/\/guialimeira.com.br\/news\/cordao-da-mentira-faz-desfile-para-adiar-o-fim-do-2\/\" data-orig-file=\"https:\/\/i0.wp.com\/guialimeira.com.br\/news\/wp-content\/uploads\/2025\/04\/1743670470_671_ebc.gif?fit=1%2C1&amp;ssl=1\" data-orig-size=\"1,1\" data-comments-opened=\"1\" data-image-meta=\"{&quot;aperture&quot;:&quot;0&quot;,&quot;credit&quot;:&quot;&quot;,&quot;camera&quot;:&quot;&quot;,&quot;caption&quot;:&quot;&quot;,&quot;created_timestamp&quot;:&quot;0&quot;,&quot;copyright&quot;:&quot;&quot;,&quot;focal_length&quot;:&quot;0&quot;,&quot;iso&quot;:&quot;0&quot;,&quot;shutter_speed&quot;:&quot;0&quot;,&quot;title&quot;:&quot;&quot;,&quot;orientation&quot;:&quot;0&quot;}\" data-image-title=\"Cord\u00e3o da Mentira faz desfile &amp;#8220;para adiar o fim do\" data-image-description=\"\" data-image-caption=\"\" data-large-file=\"https:\/\/i0.wp.com\/guialimeira.com.br\/news\/wp-content\/uploads\/2025\/04\/1743670470_671_ebc.gif?fit=1%2C1&amp;ssl=1\" data-id=\"29148\" src=\"https:\/\/i0.wp.com\/guialimeira.com.br\/wp-content\/uploads\/2025\/04\/1743670470_671_ebc.gif?resize=1%2C1&amp;ssl=1\" alt=\"\" class=\"wp-image-29148\" \/><\/figure>\n\t\t\t\t\t<\/figure>\n \r\n<br><div>\n                    <p>Manifestantes participaram, na noite dessa ter\u00e7a-feira (1\u00ba), de mais uma edi\u00e7\u00e3o do Cord\u00e3o da Mentira, protesto art\u00edstico e pol\u00edtico realizado anualmente\u00a0na capital paulista\u00a0para questionar as viola\u00e7\u00f5es de direitos da ditadura civil-militar e da atualidade. Este ano, a organiza\u00e7\u00e3o decidiu fazer com que a marcha assumisse a forma de um\u00a0&#8220;desfile para adiar o fim do mundo&#8221;, refer\u00eancia \u00e0 obra <em>Ideias para adiar o fim do mundo<\/em>, de Ailton Krenak, hoje um dos mais destacados pensadores ind\u00edgenas.<img data-recalc-dims=\"1\" decoding=\"async\" src=\"https:\/\/i0.wp.com\/guialimeira.com.br\/wp-content\/uploads\/2025\/04\/1743670470_221_ebc.png?w=696&#038;ssl=1\" style=\"width:1px;height:1px\" \/><img data-recalc-dims=\"1\" decoding=\"async\" src=\"https:\/\/i0.wp.com\/guialimeira.com.br\/wp-content\/uploads\/2025\/04\/1743670470_671_ebc.gif?w=696&#038;ssl=1\" style=\"width:1px;height:1px\" \/><\/p>\n\n<p>Os manifestantes partiram do Pateo do Collegio, complexo hist\u00f3rico e cultural que abriga institui\u00e7\u00f5es como o Museu das Favelas, e percorreram um caminho at\u00e9 o Minist\u00e9rio P\u00fablico de S\u00e3o Paulo. Como nas edi\u00e7\u00f5es anteriores, entre os participantes\u00a0estavam\u00a0militantes de diversos grupos e movimentos sociais, como o Movimento dos Trabalhadores Sem-Teto (MTST),<\/p>\n\n<p>Com intervalos preenchidos por palavras de ordem de manifestantes, que\u00a0contestavam a atua\u00e7\u00e3o de pol\u00edticos como o prefeito de S\u00e3o Paulo, Ricardo Nunes, e o governador Tarc\u00edsio de Freitas, lideran\u00e7as abordaram temas\u00a0como a letalidade e a viol\u00eancia policiais. Muitas tamb\u00e9m lembraram como a falsifica\u00e7\u00e3o da hist\u00f3ria do per\u00edodo da ditadura introduzida pelo golpe de 1964 ainda gera consequ\u00eancias.<\/p>\n\n<h2>Geno\u00edno<\/h2>\n\n<p>Presente ao\u00a0ato, o ex-ministro Jos\u00e9 Genoino lembrou o motivo por que os militares sempre afirmaram que tomaram o poder do ent\u00e3o presidente Jo\u00e3o Goulart no dia 31 de mar\u00e7o. A disputa ideol\u00f3gica sobre a data existe porque no dia 1\u00aa de abril se comemora o Dia da Mentira e isso refor\u00e7aria a hip\u00f3tese da esquerda de que, ao longo de 21 anos, o que fizeram foi cercear direitos humanos e s\u00f3 conseguiram atingir esse objetivo sem o apoio da popula\u00e7\u00e3o, de modo autorit\u00e1rio e ileg\u00edtimo.\u00a0<\/p>\n\n<p>&#8220;Eles mentiram, disseram que era 31 de mar\u00e7o. Em 31 de mar\u00e7o, eles sa\u00edram de Juiz de Fora (MG) e no dia 1\u00ba j\u00e1 estavam matando gente na Guanabara. Por isso que esse cord\u00e3o \u00e9 t\u00e3o importante, porque n\u00e3o concilia, n\u00e3o aceita a segunda anistia aos militares golpistas e assassinos&#8221;,\u00a0declarou Genoino, um dos militantes da Guerrilha do Araguaia.<\/p>\n\n<p>&#8220;Onde estar\u00edamos se o golpe [orquestrado como forma de anular a vit\u00f3ria do presidente Lula\u00a0em 2022] tivesse dado certo?&#8221;, indagou, logo depois, ao microfone, Cas\u00e9 Angatu, pesquisador tupinamb\u00e1 que constantemente denuncia a situa\u00e7\u00e3o de vulnerabilidade dos ind\u00edgenas do sul da Bahia.\u00a0&#8220;A ditadura come\u00e7ou em 1500, isso aqui \u00e9\u00a0terra\u00a0invadida&#8221;, declarou.<\/p>\n\n<p>O Brasil passou por duas ditaduras, uma nas d\u00e9cadas de 1930 e 1945, no governo de Get\u00falio Vargas, com o Estado Novo, e a instalada com o golpe de 1964. Em 1984, ganhou amplitude o\u00a0processo de redemocratiza\u00e7\u00e3o do pa\u00eds, com o crescimento do movimento Diretas J\u00e1, que pedia elei\u00e7\u00f5es diretas para presidente da Rep\u00fablica.<\/p>\n\n<h2>Veja galeria de fotos<\/h2>\n\n\n\n<h2>\u00a0<\/h2>\n\n      <!-- Relacionada -->\n              \n            <!-- Relacionada -->\n    <\/div>\r\n<br>\r\n<br><a href=\"https:\/\/agenciabrasil.ebc.com.br\/politica\/noticia\/2025-04\/cordao-da-mentira-faz-desfile-para-adiar-o-fim-do-mundo\" rel=\"noopener\">Ag\u00eancia Brasil<\/a>","protected":false},"excerpt":{"rendered":"<p>Manifestantes participaram, na noite dessa ter\u00e7a-feira (1\u00ba), de mais uma edi\u00e7\u00e3o do Cord\u00e3o da Mentira, protesto art\u00edstico e pol\u00edtico realizado anualmente\u00a0na capital paulista\u00a0para questionar as viola\u00e7\u00f5es de direitos da ditadura civil-militar e da atualidade. Este ano, a organiza\u00e7\u00e3o decidiu fazer com que a marcha assumisse a forma de um\u00a0&#8220;desfile para adiar o fim do mundo&#8221;, [&hellip;]<\/p>\n","protected":false},"author":1,"featured_media":29150,"comment_status":"open","ping_status":"open","sticky":false,"template":"","format":"standard","meta":{"_jetpack_newsletter_access":"","_jetpack_dont_email_post_to_subs":false,"_jetpack_newsletter_tier_id":0,"_jetpack_memberships_contains_paywalled_content":false,"_mbp_banners":[],"_jetpack_feature_clip_id":0,"_jetpack_memberships_contains_paid_content":false,"footnotes":"","jetpack_publicize_message":"","jetpack_publicize_feature_enabled":true,"jetpack_social_post_already_shared":true,"jetpack_social_options":{"image_generator_settings":{"template":"highway","default_image_id":0,"font":"","enabled":false},"version":2},"jetpack_post_was_ever_published":false},"categories":[19],"tags":[],"class_list":["post-29149","post","type-post","status-publish","format-standard","has-post-thumbnail","category-politica"],"jetpack_publicize_connections":[],"jetpack-related-posts":[],"jetpack_shortlink":"https:\/\/wp.me\/p7Eq1F-7A9","jetpack_sharing_enabled":true,"jetpack_featured_media_url":"https:\/\/i0.wp.com\/guialimeira.com.br\/news\/wp-content\/uploads\/2025\/04\/Cordao-da-Mentira-faz-desfile-para-adiar-o-fim-do.jpg?fit=1600%2C800&ssl=1","_links":{"self":[{"href":"https:\/\/guialimeira.com.br\/news\/wp-json\/wp\/v2\/posts\/29149","targetHints":{"allow":["GET"]}}],"collection":[{"href":"https:\/\/guialimeira.com.br\/news\/wp-json\/wp\/v2\/posts"}],"about":[{"href":"https:\/\/guialimeira.com.br\/news\/wp-json\/wp\/v2\/types\/post"}],"author":[{"embeddable":true,"href":"https:\/\/guialimeira.com.br\/news\/wp-json\/wp\/v2\/users\/1"}],"replies":[{"embeddable":true,"href":"https:\/\/guialimeira.com.br\/news\/wp-json\/wp\/v2\/comments?post=29149"}],"version-history":[{"count":1,"href":"https:\/\/guialimeira.com.br\/news\/wp-json\/wp\/v2\/posts\/29149\/revisions"}],"predecessor-version":[{"id":29151,"href":"https:\/\/guialimeira.com.br\/news\/wp-json\/wp\/v2\/posts\/29149\/revisions\/29151"}],"wp:featuredmedia":[{"embeddable":true,"href":"https:\/\/guialimeira.com.br\/news\/wp-json\/wp\/v2\/media\/29150"}],"wp:attachment":[{"href":"https:\/\/guialimeira.com.br\/news\/wp-json\/wp\/v2\/media?parent=29149"}],"wp:term":[{"taxonomy":"category","embeddable":true,"href":"https:\/\/guialimeira.com.br\/news\/wp-json\/wp\/v2\/categories?post=29149"},{"taxonomy":"post_tag","embeddable":true,"href":"https:\/\/guialimeira.com.br\/news\/wp-json\/wp\/v2\/tags?post=29149"}],"curies":[{"name":"wp","href":"https:\/\/api.w.org\/{rel}","templated":true}]}}