{"id":2913,"date":"2024-04-26T12:36:55","date_gmt":"2024-04-26T15:36:55","guid":{"rendered":"https:\/\/guialimeira.com.br\/2024\/04\/26\/caso-samarco-justica-inclui-cinco-cidades-em-rol-de-areas-atingidas\/"},"modified":"2024-04-26T12:36:55","modified_gmt":"2024-04-26T15:36:55","slug":"caso-samarco-justica-inclui-cinco-cidades-em-rol-de-areas-atingidas","status":"publish","type":"post","link":"https:\/\/guialimeira.com.br\/news\/caso-samarco-justica-inclui-cinco-cidades-em-rol-de-areas-atingidas\/","title":{"rendered":"Caso Samarco: Justi\u00e7a inclui cinco cidades em rol de \u00e1reas atingidas"},"content":{"rendered":"<p> <br \/>\n<\/p>\n<div>\n<p>O Tribunal Regional Federal da 6\u00aa Regi\u00e3o (TRF6) incluiu cinco munic\u00edpios do litoral capixaba na lista de atingidos por rompimento de barragem em Mariana (MG), ocorrido em 2015. Com a decis\u00e3o judicial, S\u00e3o Mateus, Linhares, Aracruz, Serra e Concei\u00e7\u00e3o da Barra foram considerados afetados pelo desastre ambiental.<img data-recalc-dims=\"1\" decoding=\"async\" src=\"https:\/\/i0.wp.com\/agenciabrasil.ebc.com.br\/ebc.png?w=696&#038;ssl=1\" style=\"width:1px; height:1px; display:inline;\"\/><img data-recalc-dims=\"1\" decoding=\"async\" src=\"https:\/\/i0.wp.com\/agenciabrasil.ebc.com.br\/ebc.gif?w=696&#038;ssl=1\" style=\"width:1px; height:1px; display:inline;\"\/><\/p>\n<p>O reconhecimento das \u00e1reas como sujeitas a repara\u00e7\u00e3o foi feito a partir de uma <a href=\"https:\/\/www.mpf.mp.br\/mg\/sala-de-imprensa\/docs\/2023\/caso-samarco\/deliberacao-58-cif-2017-03-31.pdf\" target=\"_blank\" rel=\"noopener\">delibera\u00e7\u00e3o do Comit\u00ea Interfederativo<\/a> (CIF), em 2017, que foi questionada pela Samarco Minera\u00e7\u00e3o, respons\u00e1vel pela opera\u00e7\u00e3o da barragem, e por suas controladoras, BHP Billiton Brasil e Vale.<\/p>\n<p>De acordo com o Minist\u00e9rio P\u00fablico Federal (MPF), que defendeu a inclus\u00e3o de comunidades dos cinco munic\u00edpios, as mineradoras alegaram que o comit\u00ea n\u00e3o tem poder impositivo e n\u00e3o poderia reconhecer as \u00e1reas atingidas. Elas tamb\u00e9m pediram que fossem produzidas novas provas periciais.<\/p>\n<p>O MPF afirmou que \u00e1reas estuarinas, costeiras e de marinha j\u00e1 haviam sido previstas pelo Termo de Transa\u00e7\u00e3o e Ajustamento de Conduta (TTAC), firmado entre as mineradoras e os \u00f3rg\u00e3os p\u00fablicos para repara\u00e7\u00e3o e compensa\u00e7\u00e3o dos danos causados pelo desastre.<\/p>\n<p>Ainda segundo o MPF, diversas per\u00edcias j\u00e1 foram feitas para averiguar a exist\u00eancia de impactos nesses locais. O Minist\u00e9rio P\u00fablico tamb\u00e9m se manifestou sobre a validade da delibera\u00e7\u00e3o do CIF, destacando que o comit\u00ea \u00e9 a \u00faltima inst\u00e2ncia administrativa com legitimidade para aplicar multas em caso de descumprimento das delibera\u00e7\u00f5es e que sua cria\u00e7\u00e3o foi prevista no acordo entre a Uni\u00e3o, os estados de Minas Gerais e Esp\u00edrito Santo e as mineradoras.<\/p>\n<p>A Funda\u00e7\u00e3o Renova, criada pelas mineradoras para lidar com os projetos de repara\u00e7\u00e3o, tem projetos em cerca de 40 munic\u00edpios atingidos pelo desastre em Minas Gerais e no Esp\u00edrito Santo. Por meio de sua assessoria de imprensa, a Samarco informou que n\u00e3o ir\u00e1 comentar a decis\u00e3o judicial.<\/p>\n<\/p><\/div>\n<p><br \/>\n<br \/><a href=\"https:\/\/agenciabrasil.ebc.com.br\/geral\/noticia\/2024-04\/caso-samarco-justica-inclui-cinco-cidades-em-rol-de-areas-atingidas-0\" rel=\"noopener\">Ag\u00eancia Brasil<\/a><\/p>\n","protected":false},"excerpt":{"rendered":"<p>O Tribunal Regional Federal da 6\u00aa Regi\u00e3o (TRF6) incluiu cinco munic\u00edpios do litoral capixaba na lista de atingidos por rompimento de barragem em Mariana (MG), ocorrido em 2015. Com a decis\u00e3o judicial, S\u00e3o Mateus, Linhares, Aracruz, Serra e Concei\u00e7\u00e3o da Barra foram considerados afetados pelo desastre ambiental. O reconhecimento das \u00e1reas como sujeitas a repara\u00e7\u00e3o [&hellip;]<\/p>\n","protected":false},"author":1,"featured_media":2914,"comment_status":"open","ping_status":"open","sticky":false,"template":"","format":"standard","meta":{"_jetpack_newsletter_access":"","_jetpack_dont_email_post_to_subs":false,"_jetpack_newsletter_tier_id":0,"_jetpack_memberships_contains_paywalled_content":false,"_mbp_banners":[],"_jetpack_feature_clip_id":0,"_jetpack_memberships_contains_paid_content":false,"footnotes":"","jetpack_publicize_message":"","jetpack_publicize_feature_enabled":true,"jetpack_social_post_already_shared":true,"jetpack_social_options":{"image_generator_settings":{"template":"highway","default_image_id":0,"font":"","enabled":false},"version":2},"jetpack_post_was_ever_published":false},"categories":[1],"tags":[],"class_list":["post-2913","post","type-post","status-publish","format-standard","has-post-thumbnail","category-geral"],"jetpack_publicize_connections":[],"jetpack-related-posts":[],"jetpack_shortlink":"https:\/\/wp.me\/p7Eq1F-KZ","jetpack_sharing_enabled":true,"jetpack_featured_media_url":"https:\/\/i0.wp.com\/guialimeira.com.br\/news\/wp-content\/uploads\/2024\/04\/984189-mg09112015-_wdo7449.jpg?fit=1600%2C800&ssl=1","_links":{"self":[{"href":"https:\/\/guialimeira.com.br\/news\/wp-json\/wp\/v2\/posts\/2913","targetHints":{"allow":["GET"]}}],"collection":[{"href":"https:\/\/guialimeira.com.br\/news\/wp-json\/wp\/v2\/posts"}],"about":[{"href":"https:\/\/guialimeira.com.br\/news\/wp-json\/wp\/v2\/types\/post"}],"author":[{"embeddable":true,"href":"https:\/\/guialimeira.com.br\/news\/wp-json\/wp\/v2\/users\/1"}],"replies":[{"embeddable":true,"href":"https:\/\/guialimeira.com.br\/news\/wp-json\/wp\/v2\/comments?post=2913"}],"version-history":[{"count":0,"href":"https:\/\/guialimeira.com.br\/news\/wp-json\/wp\/v2\/posts\/2913\/revisions"}],"wp:featuredmedia":[{"embeddable":true,"href":"https:\/\/guialimeira.com.br\/news\/wp-json\/wp\/v2\/media\/2914"}],"wp:attachment":[{"href":"https:\/\/guialimeira.com.br\/news\/wp-json\/wp\/v2\/media?parent=2913"}],"wp:term":[{"taxonomy":"category","embeddable":true,"href":"https:\/\/guialimeira.com.br\/news\/wp-json\/wp\/v2\/categories?post=2913"},{"taxonomy":"post_tag","embeddable":true,"href":"https:\/\/guialimeira.com.br\/news\/wp-json\/wp\/v2\/tags?post=2913"}],"curies":[{"name":"wp","href":"https:\/\/api.w.org\/{rel}","templated":true}]}}