{"id":29114,"date":"2025-04-02T19:53:55","date_gmt":"2025-04-02T22:53:55","guid":{"rendered":"https:\/\/guialimeira.com.br\/?p=29114"},"modified":"2025-04-02T19:53:55","modified_gmt":"2025-04-02T22:53:55","slug":"ccj-do-senado-adia-analise-de-novo-codigo-eleitoral","status":"publish","type":"post","link":"https:\/\/guialimeira.com.br\/news\/ccj-do-senado-adia-analise-de-novo-codigo-eleitoral\/","title":{"rendered":"CCJ do Senado adia an\u00e1lise de novo C\u00f3digo Eleitoral"},"content":{"rendered":"\n<figure class=\"wp-block-gallery has-nested-images columns-default is-cropped wp-block-gallery-1 is-layout-flex wp-block-gallery-is-layout-flex\">\n<figure class=\"wp-block-image size-large\"><\/figure>\n\t\t\t\t\t\n<figure class=\"wp-block-image size-large\"><img loading=\"lazy\" decoding=\"async\" width=\"1\" height=\"1\" data-attachment-id=\"29113\" data-permalink=\"https:\/\/guialimeira.com.br\/news\/ccj-do-senado-adia-analise-de-novo-codigo-eleitoral-2\/\" data-orig-file=\"https:\/\/i0.wp.com\/guialimeira.com.br\/news\/wp-content\/uploads\/2025\/04\/1743634433_293_ebc.gif?fit=1%2C1&amp;ssl=1\" data-orig-size=\"1,1\" data-comments-opened=\"1\" data-image-meta=\"{&quot;aperture&quot;:&quot;0&quot;,&quot;credit&quot;:&quot;&quot;,&quot;camera&quot;:&quot;&quot;,&quot;caption&quot;:&quot;&quot;,&quot;created_timestamp&quot;:&quot;0&quot;,&quot;copyright&quot;:&quot;&quot;,&quot;focal_length&quot;:&quot;0&quot;,&quot;iso&quot;:&quot;0&quot;,&quot;shutter_speed&quot;:&quot;0&quot;,&quot;title&quot;:&quot;&quot;,&quot;orientation&quot;:&quot;0&quot;}\" data-image-title=\"CCJ do Senado adia an\u00e1lise de novo C\u00f3digo Eleitoral\" data-image-description=\"\" data-image-caption=\"\" data-large-file=\"https:\/\/i0.wp.com\/guialimeira.com.br\/news\/wp-content\/uploads\/2025\/04\/1743634433_293_ebc.gif?fit=1%2C1&amp;ssl=1\" data-id=\"29113\" src=\"https:\/\/i0.wp.com\/guialimeira.com.br\/wp-content\/uploads\/2025\/04\/1743634433_293_ebc.gif?resize=1%2C1&amp;ssl=1\" alt=\"\" class=\"wp-image-29113\" \/><\/figure>\n\t\t\t\t\t<\/figure>\n \r\n<br><div>\n                    <p>O projeto de lei complementar que unifica todas as leis que tratam de elei\u00e7\u00f5es em uma \u00fanica legisla\u00e7\u00e3o, com quase 900 artigos, teve a leitura adiada nesta quarta-feira (2), a pedido dos senadores da Comiss\u00e3o de Constitui\u00e7\u00e3o e Justi\u00e7a (CCJ), para terem mais tempo para analisar o tema.<img data-recalc-dims=\"1\" decoding=\"async\" src=\"https:\/\/i0.wp.com\/guialimeira.com.br\/wp-content\/uploads\/2025\/04\/1743634433_87_ebc.png?w=696&#038;ssl=1\" style=\"width:1px;height:1px\" \/><img data-recalc-dims=\"1\" decoding=\"async\" src=\"https:\/\/i0.wp.com\/guialimeira.com.br\/wp-content\/uploads\/2025\/04\/1743634433_293_ebc.gif?w=696&#038;ssl=1\" style=\"width:1px;height:1px\" \/><\/p>\n\n<p>A leitura do <a href=\"https:\/\/www.camara.leg.br\/proposicoesWeb\/prop_mostrarintegra?codteor=2050061&amp;filename=PLP%20112\/2021\" target=\"_blank\" rel=\"noopener\">PLP 112, de 2021<\/a>, foi adiada para o dia 7 de maio, ap\u00f3s a realiza\u00e7\u00e3o de tr\u00eas audi\u00eancias p\u00fablicas, com a vota\u00e7\u00e3o na CCJ prevista para o dia 14 de maio. <strong>Para valer nas elei\u00e7\u00f5es de 2026, o projeto deve ser aprovado at\u00e9 outubro.<\/strong>\u00a0<\/p>\n\n<p>O PLP unifica sete legisla\u00e7\u00f5es eleitorais e trata de temas como:<\/p>\n\n<ul>\n\t<li>participa\u00e7\u00e3o feminina na pol\u00edtica;\u00a0<\/li>\n\t<li>fiscaliza\u00e7\u00e3o das urnas eletr\u00f4nicas;\u00a0<\/li>\n\t<li>prazo de 8 anos de inelegibilidade da Lei de Ficha Limpa;\u00a0<\/li>\n\t<li>uso de fake news e disparo de mensagens em massa;\u00a0<\/li>\n\t<li>quarentena para militares, magistrados e policiais se candidatarem;\u00a0<\/li>\n\t<li>propaganda eleitoral na internet;<\/li>\n\t<li>presta\u00e7\u00e3o de contas, entre outros assuntos.<\/li>\n<\/ul>\n\n<h2>Mulheres<\/h2>\n\n<p>O relator da mat\u00e9ria, senador Marcelo Castro (MDB\/PI), apresentou nesta quarta-feira uma complementa\u00e7\u00e3o de voto fixando cota para mulheres nas casas legislativas a 20%, no m\u00ednimo.<\/p>\n\n<blockquote>\n<p>\u201cMantivemos a obrigatoriedade da reserva de candidaturas no art. 145, mas estabelecemos que, no per\u00edodo de 20 anos ap\u00f3s a edi\u00e7\u00e3o da lei que ora se pretende aprovar, durante o qual vigorar\u00e1 a reserva de vagas, os partidos n\u00e3o ser\u00e3o penalizados com o indeferimento da chapa caso n\u00e3o consigam preencher o percentual m\u00ednimo de candidaturas, desde que as vagas remanescentes fiquem vazias\u201d, defende Marcelo Castro em seu relat\u00f3rio.<\/p>\n<\/blockquote>\n\n<p><strong>A complementa\u00e7\u00e3o do voto define ainda que, a cada duas elei\u00e7\u00f5es gerais, ser\u00e1 avaliada a reserva de vagas para mulheres<\/strong>, \u201ccom o fim se verificar a efetividade da pol\u00edtica de a\u00e7\u00e3o afirmativa e a necessidade de aumento do percentual de vagas reservadas para mulheres\u201d.<\/p>\n\n<p>A senadora Augusta Brito (PT\/CE) disse que \u00e9 preciso estudar se as mudan\u00e7as representam, ou n\u00e3o, um retrocesso.\u00a0<\/p>\n\n<blockquote>\n<p>\u201cNo momento, ainda tenho d\u00favidas se o que est\u00e1 no relat\u00f3rio n\u00e3o \u00e9 um retrocesso em rela\u00e7\u00e3o \u00e0 participa\u00e7\u00e3o feminina, ou se \u00e9 um avan\u00e7o\u201d, comentou.<\/p>\n<\/blockquote>\n\n<h2>Urnas e fake news<\/h2>\n\n<p>O projeto de lei estabelece que compete ao Tribunal Superior Eleitoral (TSE) disciplinar as etapas para a vota\u00e7\u00e3o, garantindo o direito de fiscaliza\u00e7\u00e3o \u201caos partidos pol\u00edticos, \u00e0s coliga\u00e7\u00f5es, aos candidatos, ao Minist\u00e9rio P\u00fablico, \u00e0 Ordem dos Advogados do Brasil, \u00e0 Defensoria P\u00fablica e \u00e0 sociedade civil organizada que se fizerem presentes ou representados\u201d. <strong>Prev\u00ea tamb\u00e9m a participa\u00e7\u00e3o das For\u00e7as Armadas na fiscaliza\u00e7\u00e3o.<\/strong><\/p>\n\n<p>O t\u00edtulo III do projeto estabelece os crimes de divulga\u00e7\u00e3o de fatos inver\u00eddicos, as chamadas fake news, com pris\u00e3o de 1 a 4 anos, mais multa, aos candidatos que divulgarem ou compartilharem \u201cfatos sabendo ou devendo saber serem inver\u00eddicos\u201d.<\/p>\n\n<p><strong>A proposta ainda pro\u00edbe o disparo em massa de conte\u00fados nas plataformas digitais.<\/strong> \u201cA utiliza\u00e7\u00e3o de disparos em massa para divulgar posicionamento pessoal ou conte\u00fado pol\u00edtico-eleitoral n\u00e3o constitui livre manifesta\u00e7\u00e3o democr\u00e1tica\u201d, define a proposta.<\/p>\n\n<p>O projeto, no entanto, permite o impulsionamento para divulga\u00e7\u00e3o de candidatos a partir do in\u00edcio do ano eleitoral \u201ccom valor limitado a 10% do limite de gastos do cargo pretendido\u201d.<\/p>\n\n<h2>Quarentena e inelegibilidade\u00a0<\/h2>\n\n<p><strong>O projeto ainda disciplina o prazo para agentes p\u00fablicos deixarem suas fun\u00e7\u00f5es para se candidatarem<\/strong>, fixando em 2 de abril do ano da elei\u00e7\u00e3o para ministros de Estado, governadores e prefeitos, entre outros cargos.<\/p>\n\n<p>No caso de magistrados ou membros do Minist\u00e9rio P\u00fablico, policiais federais e civis e militares, tanto da Uni\u00e3o como dos estados, o prazo da quarentena \u00e9 fixado em 4 anos antes da elei\u00e7\u00e3o que pretende concorrer.<\/p>\n\n<p>A proposta ainda fixa o prazo m\u00e1ximo de inelegibilidade para cargos pol\u00edticos em 8 anos, o que inclui aqueles condenados com base na Lei da Ficha Limpa.\u00a0<\/p>\n\n<p>\u201cEm quaisquer das hip\u00f3teses previstas neste artigo, a inelegibilidade n\u00e3o ultrapassar\u00e1 o prazo de 8 (oito) anos\u201d, define o texto. <strong>Atualmente, o prazo varia de acordo com decis\u00e3o do Poder Judici\u00e1rio.<\/strong><\/p>\n\n<p>Ou\u00e7a\u00a0 na <a href=\"https:\/\/agenciabrasil.ebc.com.br\/radioagencia-nacional\" target=\"_blank\" rel=\"noopener\">Radioag\u00eancia Nacional<\/a>:<\/p>\n\n\n\n<p>\u00a0<\/p>\n\n      <!-- Relacionada -->\n              \n            <!-- Relacionada -->\n    <\/div>\r\n<br>\r\n<br><a href=\"https:\/\/agenciabrasil.ebc.com.br\/politica\/noticia\/2025-04\/ccj-do-senado-adia-analise-de-novo-codigo-eleitoral\" rel=\"noopener\">Ag\u00eancia Brasil<\/a>","protected":false},"excerpt":{"rendered":"<p>O projeto de lei complementar que unifica todas as leis que tratam de elei\u00e7\u00f5es em uma \u00fanica legisla\u00e7\u00e3o, com quase 900 artigos, teve a leitura adiada nesta quarta-feira (2), a pedido dos senadores da Comiss\u00e3o de Constitui\u00e7\u00e3o e Justi\u00e7a (CCJ), para terem mais tempo para analisar o tema. A leitura do PLP 112, de 2021, [&hellip;]<\/p>\n","protected":false},"author":1,"featured_media":18738,"comment_status":"open","ping_status":"open","sticky":false,"template":"","format":"standard","meta":{"_jetpack_newsletter_access":"","_jetpack_dont_email_post_to_subs":false,"_jetpack_newsletter_tier_id":0,"_jetpack_memberships_contains_paywalled_content":false,"_mbp_banners":[],"_jetpack_feature_clip_id":0,"_jetpack_memberships_contains_paid_content":false,"footnotes":"","jetpack_publicize_message":"","jetpack_publicize_feature_enabled":true,"jetpack_social_post_already_shared":true,"jetpack_social_options":{"image_generator_settings":{"template":"highway","default_image_id":0,"font":"","enabled":false},"version":2},"jetpack_post_was_ever_published":false},"categories":[19],"tags":[],"class_list":["post-29114","post","type-post","status-publish","format-standard","has-post-thumbnail","category-politica"],"jetpack_publicize_connections":[],"jetpack-related-posts":[],"jetpack_shortlink":"https:\/\/wp.me\/p7Eq1F-7zA","jetpack_sharing_enabled":true,"jetpack_featured_media_url":"https:\/\/i0.wp.com\/guialimeira.com.br\/news\/wp-content\/uploads\/2024\/12\/50429036346_a9271a4327_o.jpg?fit=1600%2C800&ssl=1","_links":{"self":[{"href":"https:\/\/guialimeira.com.br\/news\/wp-json\/wp\/v2\/posts\/29114","targetHints":{"allow":["GET"]}}],"collection":[{"href":"https:\/\/guialimeira.com.br\/news\/wp-json\/wp\/v2\/posts"}],"about":[{"href":"https:\/\/guialimeira.com.br\/news\/wp-json\/wp\/v2\/types\/post"}],"author":[{"embeddable":true,"href":"https:\/\/guialimeira.com.br\/news\/wp-json\/wp\/v2\/users\/1"}],"replies":[{"embeddable":true,"href":"https:\/\/guialimeira.com.br\/news\/wp-json\/wp\/v2\/comments?post=29114"}],"version-history":[{"count":1,"href":"https:\/\/guialimeira.com.br\/news\/wp-json\/wp\/v2\/posts\/29114\/revisions"}],"predecessor-version":[{"id":29115,"href":"https:\/\/guialimeira.com.br\/news\/wp-json\/wp\/v2\/posts\/29114\/revisions\/29115"}],"wp:featuredmedia":[{"embeddable":true,"href":"https:\/\/guialimeira.com.br\/news\/wp-json\/wp\/v2\/media\/18738"}],"wp:attachment":[{"href":"https:\/\/guialimeira.com.br\/news\/wp-json\/wp\/v2\/media?parent=29114"}],"wp:term":[{"taxonomy":"category","embeddable":true,"href":"https:\/\/guialimeira.com.br\/news\/wp-json\/wp\/v2\/categories?post=29114"},{"taxonomy":"post_tag","embeddable":true,"href":"https:\/\/guialimeira.com.br\/news\/wp-json\/wp\/v2\/tags?post=29114"}],"curies":[{"name":"wp","href":"https:\/\/api.w.org\/{rel}","templated":true}]}}