{"id":29093,"date":"2025-04-02T18:18:29","date_gmt":"2025-04-02T21:18:29","guid":{"rendered":"https:\/\/guialimeira.com.br\/?p=29093"},"modified":"2025-04-02T18:18:29","modified_gmt":"2025-04-02T21:18:29","slug":"tatiane-lopes-apresenta-projetos-que-versam-sobre-veiculos-de-tracao-animal","status":"publish","type":"post","link":"https:\/\/guialimeira.com.br\/news\/tatiane-lopes-apresenta-projetos-que-versam-sobre-veiculos-de-tracao-animal\/","title":{"rendered":"Tatiane Lopes apresenta projetos que versam sobre ve\u00edculos de tra\u00e7\u00e3o animal"},"content":{"rendered":"\n<figure class=\"wp-block-gallery has-nested-images columns-default is-cropped wp-block-gallery-1 is-layout-flex wp-block-gallery-is-layout-flex\"><\/figure>\n \r\n<br><img data-recalc-dims=\"1\" decoding=\"async\" src=\"https:\/\/i0.wp.com\/guialimeira.com.br\/wp-content\/uploads\/2025\/04\/2025-04-02_tatiane-lopes-apresenta-projetos-que-versam-sobre-veiculos-de-tracao-animal_1.jpg?w=696&#038;ssl=1\" \/><br><div>\n\t\t\t\t\t<p>A vereadora Tatiane Lopes (Avante) protocolou na \u00faltima semana de mar\u00e7o\u00a0dois projetos de lei que objetivam contribuir para que Limeira seja refer\u00eancia na prote\u00e7\u00e3o e respeito aos animais, e na assist\u00eancia \u00e0 popula\u00e7\u00e3o economicamente vulner\u00e1vel que depende de ve\u00edculos de tra\u00e7\u00e3o animal para seu sustento. Instituir um programa para redu\u00e7\u00e3o do uso de animais em ve\u00edculos de transporte e proibir animais em disputas de rachas, corridas e competi\u00e7\u00f5es s\u00e3o propostas apresentadas.<\/p><p>O <a href=\"https:\/\/consulta.limeira.sp.leg.br\/Documentos\/Documento\/372121\" rel=\"noopener\">Projeto de Lei N\u00ba 48\/2025<\/a>, institui um programa de redu\u00e7\u00e3o gradativa dos ve\u00edculos de tra\u00e7\u00e3o animal em \u00e1rea urbana com a\u00e7\u00f5es que viabilizem a transposi\u00e7\u00e3o dos condutores para outras formas de trabalho que n\u00e3o envolvam a tra\u00e7\u00e3o animal, disponibiliza\u00e7\u00e3o de alfabetiza\u00e7\u00e3o de jovens e adultos, oportunidade de inser\u00e7\u00e3o no mercado de trabalho e benef\u00edcios que abranjam sa\u00fade e moradia, melhoria das condi\u00e7\u00f5es, tudo de forma gradativa, buscando a redu\u00e7\u00e3o de impacto na aplica\u00e7\u00e3o da lei.<\/p><p>\u00a0J\u00e1 o <a href=\"https:\/\/consulta.limeira.sp.leg.br\/Documentos\/Documento\/372606\" rel=\"noopener\">Projeto de Lei N\u00ba 51\/2025<\/a> prop\u00f5e a inclus\u00e3o no C\u00f3digo Municipal dos Direitos dos Animais (<a href=\"https:\/\/legislacao.limeira.sp.leg.br\/limeira-sp?Pagina=1&amp;Pesquisa=Avancada&amp;TipoId=0&amp;Numero=6260&amp;Ano=2019&amp;Data=&amp;NumeroFinal=&amp;AnoFinal=&amp;DataFinal=&amp;SituacaoId=0&amp;ClassificacaoId=0&amp;IniciativaTipoId=0&amp;IniciativaEntidadeId=0&amp;EmentaAssunto=&amp;NoTexto=false\" rel=\"noopener\">Lei N\u00ba 6.260 \/ 2019<\/a>) a proibi\u00e7\u00e3o da utiliza\u00e7\u00e3o de animais em rachas, corridas, competi\u00e7\u00f5es e as pr\u00e1ticas clandestinas que tentam promover em Limeira. Tatiane Lopes argumentou que a utiliza\u00e7\u00e3o de animais perpetua a ideia err\u00f4nea de que eles devem servir aos humanos.<\/p><p>\u201cOs animais que trabalham em ve\u00edculos de tra\u00e7\u00e3o animal (VTAs) frequentemente enfrentam condi\u00e7\u00f5es de vida inadequadas e maus tratos, como excesso de carga, alimenta\u00e7\u00e3o insuficiente e longas jornadas sem descanso. Eles tamb\u00e9m est\u00e3o expostos a riscos no tr\u00e2nsito, podendo causar acidentes. \u00c9 importante considerar a situa\u00e7\u00e3o dos condutores, que muitas vezes s\u00e3o socialmente vulner\u00e1veis e dependem desses animais para sua subsist\u00eancia, buscando um equil\u00edbrio que proteja tanto os animais quanto os trabalhadores\u201d, enfatizou a vereadora.<\/p><p>\u00a0Em dezembro de 2024, foi aprovada a <a href=\"https:\/\/legislacao.limeira.sp.leg.br\/Limeira-SP\/LeisOrdinarias\/7086-2024\" rel=\"noopener\">Lei N\u00ba 7.086\/2024<\/a> de autoria da parlamentar, que pro\u00edbe a circula\u00e7\u00e3o de animais de grande porte, soltos, dentro de \u00e1rea urbana e sendo criados em \u00e1reas p\u00fablicas sem alojamento adequado e cuidados m\u00ednimos necess\u00e1rios. O projeto obriga tamb\u00e9m a microchipagem dos animais e a tutela respons\u00e1vel; a\u00e7\u00e3o extremamente importante para seguran\u00e7a de mun\u00edcipes e animais.<\/p><p>\u00a0<strong>Uso de ve\u00edculos por tra\u00e7\u00e3o animal<\/strong><\/p><p>A vereadora relembrou que em 2022 buscava informa\u00e7\u00f5es junto a Prefeitura com rela\u00e7\u00e3o ao C\u00f3digo de Tr\u00e2nsito Brasileiro (CTB), a respeito da regulamenta\u00e7\u00e3o, registro e licenciamento de ve\u00edculos de tra\u00e7\u00e3o animal, protocolando um requerimento onde questionava a Secretaria de Mobilidade Urbana sobre a legisla\u00e7\u00e3o municipal, tendo como resposta a informa\u00e7\u00e3o de que Limeira n\u00e3o disp\u00f5e de regulamento a respeito do registro e licenciamento desses ve\u00edculos e que neste ano, junto a Comiss\u00e3o de Meio Ambiente da C\u00e2mara Municipal, ap\u00f3s di\u00e1logos, um projeto para regulamenta\u00e7\u00e3o desses ve\u00edculos no munic\u00edpio foi protocolado.<\/p><p>\u201cAnimais sencientes possuem complexidade ps\u00edquica e emocional, e seu tratamento deve ser reavaliado. Com muita luta, muito di\u00e1logo e muito entendimento conseguimos seguir dando passos importantes para que nosso munic\u00edpio seja uma refer\u00eancia de respeito \u00e0s vidas humanas e tamb\u00e9m a vida dos animais\u201d, argumentou Tatiane Lopes.<\/p><p><i>Do Gabinete Parlamentar \u2013 Vereadora Tatiane Lopes (Avante)<\/i><\/p><p><i>*Foto do Gabinete parlamentar<\/i><\/p><p><strong>As mat\u00e9rias de origem dos Gabinetes Parlamentares s\u00e3o de inteira\u00a0 responsabilidade dos parlamentares e de suas assessorias. S\u00e3o devidamente assinadas e n\u00e3o refletem, necessariamente, a opini\u00e3o institucional da C\u00e2mara Municipal de Limeira.<\/strong><\/p><p>\u00a0<\/p><p>\u00a0<\/p>\t\t\t\t<\/div>\r\n<br>\r\n<br><a href=\"https:\/\/www.limeira.sp.leg.br\/noticias\/view\/2025-04-02_tatiane-lopes-apresenta-projetos-que-versam-sobre-veiculos-de-tracao-animal\" rel=\"noopener\">Informa\u00e7\u00f5es CML <\/a>","protected":false},"excerpt":{"rendered":"<p>A vereadora Tatiane Lopes (Avante) protocolou na \u00faltima semana de mar\u00e7o\u00a0dois projetos de lei que objetivam contribuir para que Limeira seja refer\u00eancia na prote\u00e7\u00e3o e respeito aos animais, e na assist\u00eancia \u00e0 popula\u00e7\u00e3o economicamente vulner\u00e1vel que depende de ve\u00edculos de tra\u00e7\u00e3o animal para seu sustento. Instituir um programa para redu\u00e7\u00e3o do uso de animais em [&hellip;]<\/p>\n","protected":false},"author":1,"featured_media":29094,"comment_status":"open","ping_status":"open","sticky":false,"template":"","format":"standard","meta":{"_jetpack_newsletter_access":"","_jetpack_dont_email_post_to_subs":false,"_jetpack_newsletter_tier_id":0,"_jetpack_memberships_contains_paywalled_content":false,"_mbp_banners":[],"_jetpack_feature_clip_id":0,"_jetpack_memberships_contains_paid_content":false,"footnotes":"","jetpack_publicize_message":"","jetpack_publicize_feature_enabled":true,"jetpack_social_post_already_shared":true,"jetpack_social_options":{"image_generator_settings":{"template":"highway","default_image_id":0,"font":"","enabled":false},"version":2},"jetpack_post_was_ever_published":false},"categories":[19],"tags":[],"class_list":["post-29093","post","type-post","status-publish","format-standard","has-post-thumbnail","category-politica"],"jetpack_publicize_connections":[],"jetpack-related-posts":[],"jetpack_shortlink":"https:\/\/wp.me\/p7Eq1F-7zf","jetpack_sharing_enabled":true,"jetpack_featured_media_url":"https:\/\/i0.wp.com\/guialimeira.com.br\/news\/wp-content\/uploads\/2025\/04\/Tatiane-Lopes-apresenta-projetos-que-versam-sobre-veiculos-de-tracao.jpg?fit=1280%2C640&ssl=1","_links":{"self":[{"href":"https:\/\/guialimeira.com.br\/news\/wp-json\/wp\/v2\/posts\/29093","targetHints":{"allow":["GET"]}}],"collection":[{"href":"https:\/\/guialimeira.com.br\/news\/wp-json\/wp\/v2\/posts"}],"about":[{"href":"https:\/\/guialimeira.com.br\/news\/wp-json\/wp\/v2\/types\/post"}],"author":[{"embeddable":true,"href":"https:\/\/guialimeira.com.br\/news\/wp-json\/wp\/v2\/users\/1"}],"replies":[{"embeddable":true,"href":"https:\/\/guialimeira.com.br\/news\/wp-json\/wp\/v2\/comments?post=29093"}],"version-history":[{"count":1,"href":"https:\/\/guialimeira.com.br\/news\/wp-json\/wp\/v2\/posts\/29093\/revisions"}],"predecessor-version":[{"id":29095,"href":"https:\/\/guialimeira.com.br\/news\/wp-json\/wp\/v2\/posts\/29093\/revisions\/29095"}],"wp:featuredmedia":[{"embeddable":true,"href":"https:\/\/guialimeira.com.br\/news\/wp-json\/wp\/v2\/media\/29094"}],"wp:attachment":[{"href":"https:\/\/guialimeira.com.br\/news\/wp-json\/wp\/v2\/media?parent=29093"}],"wp:term":[{"taxonomy":"category","embeddable":true,"href":"https:\/\/guialimeira.com.br\/news\/wp-json\/wp\/v2\/categories?post=29093"},{"taxonomy":"post_tag","embeddable":true,"href":"https:\/\/guialimeira.com.br\/news\/wp-json\/wp\/v2\/tags?post=29093"}],"curies":[{"name":"wp","href":"https:\/\/api.w.org\/{rel}","templated":true}]}}