{"id":2909,"date":"2024-04-26T11:41:02","date_gmt":"2024-04-26T14:41:02","guid":{"rendered":"https:\/\/guialimeira.com.br\/2024\/04\/26\/secretaria-de-saude-reforca-que-nao-solicita-informacoes-pessoais-por-telefone\/"},"modified":"2024-04-26T11:41:02","modified_gmt":"2024-04-26T14:41:02","slug":"secretaria-de-saude-reforca-que-nao-solicita-informacoes-pessoais-por-telefone","status":"publish","type":"post","link":"https:\/\/guialimeira.com.br\/news\/secretaria-de-saude-reforca-que-nao-solicita-informacoes-pessoais-por-telefone\/","title":{"rendered":"Secretaria de Sa\u00fade refor\u00e7a que n\u00e3o solicita informa\u00e7\u00f5es pessoais por telefone"},"content":{"rendered":"<p> <br \/>\n<\/p>\n<div>\n            <main class=\"\">&#13;<br \/>\n                &#13;<br \/>\n&#13;<br \/>\n&#13;<br \/>\n&#13;<br \/>\n    <img data-recalc-dims=\"1\" decoding=\"async\" src=\"https:\/\/i0.wp.com\/ecrie.com.br\/sistema\/conteudos\/imagem\/m_137_0_1_26042024104539.jpg?w=696&#038;ssl=1\" alt=\"Secretaria de Sa\u00fade refor\u00e7a que n\u00e3o solicita informa\u00e7\u00f5es pessoais por telefone\"\/>&#13;<br \/>\n&#13;<\/p>\n<p>A Secretaria de Sa\u00fade de Limeira reitera que n\u00e3o faz liga\u00e7\u00f5es\u00a0para pedir informa\u00e7\u00f5es pessoais, n\u00fameros de documentos e dados sobre a sa\u00fade da popula\u00e7\u00e3o. Caso o mun\u00edcipe receba alguma liga\u00e7\u00e3o nesse sentido, a orienta\u00e7\u00e3o \u00e9 desligar imediatamente o telefone e bloquear o n\u00famero para evitar novas chamadas.<\/p>\n<p>&#13;<\/p>\n<p>Nos \u00faltimos dias, a Ouvidoria de Sa\u00fade tem sido procurada por pacientes informando sobre o recebimento de tais liga\u00e7\u00f5es, inclusive por meio de chamadas autom\u00e1ticas. \u201cEm hip\u00f3tese alguma digite ou informe n\u00famero de documentos, nem aceite digitar op\u00e7\u00f5es de menu para ter acesso a informa\u00e7\u00e3o sobre agendamento de exames ou consultas\u201d, enfatizou o assessor-executivo da pasta, Alexandre Ferrari. Em caso de d\u00favida, basta ligar para a Ouvidoria de Sa\u00fade, pelos telefones 3404-9674, 3497-3344 e 3404-9843.<\/p>\n<p>&#13;<\/p>\n<p>\u00a0<\/p>\n<p>&#13;<br \/>\n&#13;<br \/>\n&#13;<br \/>\n&#13;<\/p>\n<aside class=\"list-related no-print\">&#13;<br \/>\n        &#13;<br \/>\n&#13;<\/p>\n<article class=\"list-item noticias \">&#13;<br \/>\n                    <a class=\"list-item__img\" href=\"https:\/\/limeira.sp.gov.br\/imprensa\/noticias\/saude\/ubss-hipolito-1-e-morro-azul-realizarao-vacinacao-neste-sabado-27\" tabindex=\"-1\" aria-hidden=\"true\" rel=\"noopener\">&#13;<br \/>\n                        <img data-recalc-dims=\"1\" decoding=\"async\" src=\"https:\/\/i0.wp.com\/ecrie.com.br\/sistema\/conteudos\/imagem\/m_137_0_1_25042024153346.jpg?w=696&#038;ssl=1\" alt=\"UBSs Hip\u00f3lito 1 e Morro Azul realizar\u00e3o vacina\u00e7\u00e3o neste s\u00e1bado (27)\"\/>&#13;<br \/>\n                    <\/a>&#13;<br \/>\n&#13;<br \/>\n                &#13;<br \/>\n            <\/article>\n<p>&#13;<\/p>\n<article class=\"list-item noticias \">&#13;<br \/>\n                    <a class=\"list-item__img\" href=\"https:\/\/limeira.sp.gov.br\/imprensa\/noticias\/saude\/programa-municipal-de-controle-de-agua-vence-13-premio-davidcapistranolimeira-teve-destaque-com-12-projetos-selecionados\" tabindex=\"-1\" aria-hidden=\"true\" rel=\"noopener\">&#13;<br \/>\n                        <img data-recalc-dims=\"1\" decoding=\"async\" src=\"https:\/\/i0.wp.com\/ecrie.com.br\/sistema\/conteudos\/imagem\/m_137_0_1_23042024162617.jpg?w=696&#038;ssl=1\" alt=\"Programa municipal de controle de \u00e1gua vence 13\u00ba Pr\u00eamio David\u00a0Capistrano;\u00a0Limeira teve destaque com 12 projetos selecionados\"\/>&#13;<br \/>\n                    <\/a>&#13;<br \/>\n&#13;<br \/>\n                &#13;<br \/>\n            <\/article>\n<p>&#13;<\/p>\n<article class=\"list-item noticias \">&#13;<br \/>\n                    <a class=\"list-item__img\" href=\"https:\/\/limeira.sp.gov.br\/imprensa\/noticias\/saude\/secretaria-de-saude-atualiza-numeros-sobre-a-dengue\" tabindex=\"-1\" aria-hidden=\"true\" rel=\"noopener\">&#13;<br \/>\n                        <img data-recalc-dims=\"1\" decoding=\"async\" src=\"https:\/\/i0.wp.com\/ecrie.com.br\/sistema\/conteudos\/imagem\/m_137_0_1_22042024191935.jpg?w=696&#038;ssl=1\" alt=\"Secretaria de Sa\u00fade atualiza n\u00fameros sobre a dengue\"\/>&#13;<br \/>\n                    <\/a>&#13;<br \/>\n&#13;<br \/>\n                &#13;<br \/>\n            <\/article>\n<p>&#13;<br \/>\n    <\/aside>\n<p>&#13;<br \/>\n&#13;<br \/>\n            <\/main><\/p><\/div>\n<p><br \/>\n<br \/><a href=\"https:\/\/limeira.sp.gov.br\/secretaria-de-saude-reforca-que-nao-solicita-informacoes-pessoais-por-telefone\" rel=\"noopener\">Informa\u00e7\u00f5es da PML <\/a><\/p>\n","protected":false},"excerpt":{"rendered":"<p>&#13; &#13; &#13; &#13; &#13; &#13; &#13; A Secretaria de Sa\u00fade de Limeira reitera que n\u00e3o faz liga\u00e7\u00f5es\u00a0para pedir informa\u00e7\u00f5es pessoais, n\u00fameros de documentos e dados sobre a sa\u00fade da popula\u00e7\u00e3o. Caso o mun\u00edcipe receba alguma liga\u00e7\u00e3o nesse sentido, a orienta\u00e7\u00e3o \u00e9 desligar imediatamente o telefone e bloquear o n\u00famero para evitar novas chamadas. &#13; [&hellip;]<\/p>\n","protected":false},"author":1,"featured_media":2910,"comment_status":"open","ping_status":"open","sticky":false,"template":"","format":"standard","meta":{"_jetpack_newsletter_access":"","_jetpack_dont_email_post_to_subs":false,"_jetpack_newsletter_tier_id":0,"_jetpack_memberships_contains_paywalled_content":false,"_mbp_banners":[],"_jetpack_feature_clip_id":0,"_jetpack_memberships_contains_paid_content":false,"footnotes":"","jetpack_publicize_message":"","jetpack_publicize_feature_enabled":true,"jetpack_social_post_already_shared":true,"jetpack_social_options":{"image_generator_settings":{"template":"highway","default_image_id":0,"font":"","enabled":false},"version":2},"jetpack_post_was_ever_published":false},"categories":[16],"tags":[],"class_list":["post-2909","post","type-post","status-publish","format-standard","has-post-thumbnail","category-local"],"jetpack_publicize_connections":[],"jetpack-related-posts":[],"jetpack_shortlink":"https:\/\/wp.me\/p7Eq1F-KV","jetpack_sharing_enabled":true,"jetpack_featured_media_url":"https:\/\/i0.wp.com\/guialimeira.com.br\/news\/wp-content\/uploads\/2024\/04\/m_137_0_1_26042024104539.jpg?fit=900%2C506&ssl=1","_links":{"self":[{"href":"https:\/\/guialimeira.com.br\/news\/wp-json\/wp\/v2\/posts\/2909","targetHints":{"allow":["GET"]}}],"collection":[{"href":"https:\/\/guialimeira.com.br\/news\/wp-json\/wp\/v2\/posts"}],"about":[{"href":"https:\/\/guialimeira.com.br\/news\/wp-json\/wp\/v2\/types\/post"}],"author":[{"embeddable":true,"href":"https:\/\/guialimeira.com.br\/news\/wp-json\/wp\/v2\/users\/1"}],"replies":[{"embeddable":true,"href":"https:\/\/guialimeira.com.br\/news\/wp-json\/wp\/v2\/comments?post=2909"}],"version-history":[{"count":0,"href":"https:\/\/guialimeira.com.br\/news\/wp-json\/wp\/v2\/posts\/2909\/revisions"}],"wp:featuredmedia":[{"embeddable":true,"href":"https:\/\/guialimeira.com.br\/news\/wp-json\/wp\/v2\/media\/2910"}],"wp:attachment":[{"href":"https:\/\/guialimeira.com.br\/news\/wp-json\/wp\/v2\/media?parent=2909"}],"wp:term":[{"taxonomy":"category","embeddable":true,"href":"https:\/\/guialimeira.com.br\/news\/wp-json\/wp\/v2\/categories?post=2909"},{"taxonomy":"post_tag","embeddable":true,"href":"https:\/\/guialimeira.com.br\/news\/wp-json\/wp\/v2\/tags?post=2909"}],"curies":[{"name":"wp","href":"https:\/\/api.w.org\/{rel}","templated":true}]}}