{"id":29089,"date":"2025-04-02T18:13:25","date_gmt":"2025-04-02T21:13:25","guid":{"rendered":"https:\/\/guialimeira.com.br\/2025\/04\/02\/trump-anuncia-taxa-de-10-para-produtos-brasileiros\/"},"modified":"2025-04-02T18:13:25","modified_gmt":"2025-04-02T21:13:25","slug":"trump-anuncia-taxa-de-10-para-produtos-brasileiros","status":"publish","type":"post","link":"https:\/\/guialimeira.com.br\/news\/trump-anuncia-taxa-de-10-para-produtos-brasileiros\/","title":{"rendered":"Trump anuncia taxa de 10% para produtos brasileiros"},"content":{"rendered":"<p> <br \/>\n<\/p>\n<div>\n<p>O presidente dos Estados Unidos, Donald Trump, anunciou hoje (2) um &#8220;tarifa\u00e7o&#8221; global sobre impostos de importa\u00e7\u00e3o. A data foi nomeada pelo republicano como o &#8220;Dia de Liberta\u00e7\u00e3o&#8221;. Ele confirmou uma <strong>taxa de 10% para os produtos brasileiros<\/strong>.<img data-recalc-dims=\"1\" decoding=\"async\" src=\"https:\/\/i0.wp.com\/agenciabrasil.ebc.com.br\/ebc.png?w=696&#038;ssl=1\" style=\"width:1px; height:1px; display:inline;\"\/><img data-recalc-dims=\"1\" decoding=\"async\" src=\"https:\/\/i0.wp.com\/agenciabrasil.ebc.com.br\/ebc.gif?w=696&#038;ssl=1\" style=\"width:1px; height:1px; display:inline;\"\/><\/p>\n<p>Trump prometeu implementar tarifas rec\u00edprocas a pa\u00edses que cobram taxa de importa\u00e7\u00e3o de produtos americanos. No evento, ele\u00a0anunciou tarifa de <strong>20% sobre a Uni\u00e3o Europeia, 34% sobre a China e 46% sobre o Vietn\u00e3<\/strong>.<\/p>\n<p>O presidente confirmou ainda uma <strong>taxa de 25% sobre todos os ve\u00edculos importados<\/strong>.\u00a0<\/p>\n<p>Em transmiss\u00e3o da\u00a0Casa Branca, ele disse que a aplica\u00e7\u00e3o das tarifas aos outros pa\u00edses &#8220;\u00e9 uma medida gentil&#8221;\u00a0que tornar\u00e1 os &#8220;Estados Unidos\u00a0grande novamente&#8221;.<\/p>\n<p>No an\u00fancio, ele fez cr\u00edticas aos governos passados, em especial a administra\u00e7\u00e3o de Joe Biden, por terem deixado outros pa\u00edses aplicarem elevadas taxas aos produtos norte-americanos, impactando a ind\u00fastria nacional.\u00a0Segundo ele, esses pa\u00edses &#8220;est\u00e3o roubando&#8221; e &#8220;levando vantagem&#8221; dos EUA.<\/p>\n<p><strong>Veja a tabela com as tarifas anunciadas por Trump<\/strong><\/p>\n<table border=\"1\" cellpadding=\"1\" cellspacing=\"1\" style=\"width:500px;\">\n<tbody>\n<tr>\n<td><strong>Pa\u00eds<\/strong><\/td>\n<td><strong>Taxa<\/strong><\/td>\n<\/tr>\n<tr>\n<td>China<\/td>\n<td>34%<\/td>\n<\/tr>\n<tr>\n<td>Uni\u00e3o Europeia<\/td>\n<td>20%<\/td>\n<\/tr>\n<tr>\n<td>Vietn\u00e3<\/td>\n<td>46%<\/td>\n<\/tr>\n<tr>\n<td>Taiwan<\/td>\n<td>32%<\/td>\n<\/tr>\n<tr>\n<td>Jap\u00e3o<\/td>\n<td>24%<\/td>\n<\/tr>\n<tr>\n<td>Coreia do Sul<\/td>\n<td>25%<\/td>\n<\/tr>\n<tr>\n<td>Tail\u00e2ndia<\/td>\n<td>36%<\/td>\n<\/tr>\n<tr>\n<td>Su\u00ed\u00e7a<\/td>\n<td>31%<\/td>\n<\/tr>\n<tr>\n<td>Indon\u00e9sia<\/td>\n<td>32%<\/td>\n<\/tr>\n<tr>\n<td>Reino Unido<\/td>\n<td>10%<\/td>\n<\/tr>\n<tr>\n<td>\u00c1frica do Sul<\/td>\n<td>30%<\/td>\n<\/tr>\n<tr>\n<td><strong>Brasil<\/strong><\/td>\n<td><strong>10%<\/strong><\/td>\n<\/tr>\n<tr>\n<td>Bangladesh<\/td>\n<td>37%<\/td>\n<\/tr>\n<tr>\n<td>Singapura<\/td>\n<td>10%<\/td>\n<\/tr>\n<tr>\n<td>Israel\u00a0<\/td>\n<td>17%<\/td>\n<\/tr>\n<tr>\n<td>Filipinas<\/td>\n<td>17%<\/td>\n<\/tr>\n<tr>\n<td>Chile<\/td>\n<td>10%<\/td>\n<\/tr>\n<tr>\n<td>Austr\u00e1lia<\/td>\n<td>10%<\/td>\n<\/tr>\n<tr>\n<td>Paquist\u00e3o<\/td>\n<td>29%<\/td>\n<\/tr>\n<tr>\n<td>Turquia<\/td>\n<td>10%<\/td>\n<\/tr>\n<tr>\n<td>Sri Lanka<\/td>\n<td>44%<\/td>\n<\/tr>\n<tr>\n<td>Col\u00f4mbia<\/td>\n<td>10%<\/td>\n<\/tr>\n<\/tbody>\n<\/table>\n<p>\u00a0<\/p>\n<p>      <!-- Relacionada --><\/p>\n<p>            <!-- Relacionada -->\n    <\/div>\n<p><br \/>\n<br \/><a href=\"https:\/\/agenciabrasil.ebc.com.br\/internacional\/noticia\/2025-04\/trump-anuncia-taxa-de-10-para-produtos-brasileiros\" rel=\"noopener\">Ag\u00eancia Brasil <\/a><\/p>\n","protected":false},"excerpt":{"rendered":"<p>O presidente dos Estados Unidos, Donald Trump, anunciou hoje (2) um &#8220;tarifa\u00e7o&#8221; global sobre impostos de importa\u00e7\u00e3o. A data foi nomeada pelo republicano como o &#8220;Dia de Liberta\u00e7\u00e3o&#8221;. Ele confirmou uma taxa de 10% para os produtos brasileiros. Trump prometeu implementar tarifas rec\u00edprocas a pa\u00edses que cobram taxa de importa\u00e7\u00e3o de produtos americanos. No evento, [&hellip;]<\/p>\n","protected":false},"author":1,"featured_media":269,"comment_status":"open","ping_status":"open","sticky":false,"template":"","format":"standard","meta":{"_jetpack_newsletter_access":"","_jetpack_dont_email_post_to_subs":false,"_jetpack_newsletter_tier_id":0,"_jetpack_memberships_contains_paywalled_content":false,"_mbp_banners":[],"_jetpack_feature_clip_id":0,"_jetpack_memberships_contains_paid_content":false,"footnotes":"","jetpack_publicize_message":"","jetpack_publicize_feature_enabled":true,"jetpack_social_post_already_shared":true,"jetpack_social_options":{"image_generator_settings":{"template":"highway","default_image_id":0,"font":"","enabled":false},"version":2},"jetpack_post_was_ever_published":false},"categories":[25],"tags":[],"class_list":["post-29089","post","type-post","status-publish","format-standard","has-post-thumbnail","category-internacional"],"jetpack_publicize_connections":[],"jetpack-related-posts":[],"jetpack_shortlink":"https:\/\/wp.me\/p7Eq1F-7zb","jetpack_sharing_enabled":true,"jetpack_featured_media_url":"https:\/\/i0.wp.com\/guialimeira.com.br\/news\/wp-content\/uploads\/2024\/03\/thumb_1200x600_agbrasil.png?fit=1200%2C600&ssl=1","_links":{"self":[{"href":"https:\/\/guialimeira.com.br\/news\/wp-json\/wp\/v2\/posts\/29089","targetHints":{"allow":["GET"]}}],"collection":[{"href":"https:\/\/guialimeira.com.br\/news\/wp-json\/wp\/v2\/posts"}],"about":[{"href":"https:\/\/guialimeira.com.br\/news\/wp-json\/wp\/v2\/types\/post"}],"author":[{"embeddable":true,"href":"https:\/\/guialimeira.com.br\/news\/wp-json\/wp\/v2\/users\/1"}],"replies":[{"embeddable":true,"href":"https:\/\/guialimeira.com.br\/news\/wp-json\/wp\/v2\/comments?post=29089"}],"version-history":[{"count":0,"href":"https:\/\/guialimeira.com.br\/news\/wp-json\/wp\/v2\/posts\/29089\/revisions"}],"wp:featuredmedia":[{"embeddable":true,"href":"https:\/\/guialimeira.com.br\/news\/wp-json\/wp\/v2\/media\/269"}],"wp:attachment":[{"href":"https:\/\/guialimeira.com.br\/news\/wp-json\/wp\/v2\/media?parent=29089"}],"wp:term":[{"taxonomy":"category","embeddable":true,"href":"https:\/\/guialimeira.com.br\/news\/wp-json\/wp\/v2\/categories?post=29089"},{"taxonomy":"post_tag","embeddable":true,"href":"https:\/\/guialimeira.com.br\/news\/wp-json\/wp\/v2\/tags?post=29089"}],"curies":[{"name":"wp","href":"https:\/\/api.w.org\/{rel}","templated":true}]}}