{"id":29077,"date":"2025-04-02T17:17:28","date_gmt":"2025-04-02T20:17:28","guid":{"rendered":"https:\/\/guialimeira.com.br\/?p=29077"},"modified":"2025-04-02T17:17:28","modified_gmt":"2025-04-02T20:17:28","slug":"diretoria-de-ensino-responde-vereadora-lu-bogo-sobre-climatizacao-das-escolas-estaduais-em-limeira","status":"publish","type":"post","link":"https:\/\/guialimeira.com.br\/news\/diretoria-de-ensino-responde-vereadora-lu-bogo-sobre-climatizacao-das-escolas-estaduais-em-limeira\/","title":{"rendered":"Diretoria de Ensino responde vereadora Lu Bogo sobre climatiza\u00e7\u00e3o das escolas estaduais em Limeira"},"content":{"rendered":"\n<figure class=\"wp-block-gallery has-nested-images columns-default is-cropped wp-block-gallery-1 is-layout-flex wp-block-gallery-is-layout-flex\"><\/figure>\n \r\n<br><img data-recalc-dims=\"1\" decoding=\"async\" src=\"https:\/\/i0.wp.com\/guialimeira.com.br\/wp-content\/uploads\/2025\/04\/2025-04-02_diretoria-de-ensino-responde-vereadora-lu-bogo-sobre-climatizacao-das-escolas-estaduais-e.jpeg?w=696&#038;ssl=1\" \/><br><div>\n\t\t\t\t\t<p>Em resposta \u00e0 <a href=\"https:\/\/consulta.limeira.sp.leg.br\/Documentos\/Pesquisa?Pesquisa=Avancada&amp;id=79&amp;pagina=1&amp;Modulo=8&amp;Documento=140&amp;Numeracao=Documento&amp;NumeroInicial=28&amp;AnoInicial=2025&amp;DataInicial=&amp;NumeroFinal=&amp;AnoFinal=&amp;DataFinal=&amp;SubTipoId=0&amp;Situacao=0&amp;Classificacao=0&amp;TipoAutor=Todos&amp;AutoriaId=0&amp;Iniciativa=Nenhum&amp;NoTexto=false&amp;Assunto=&amp;Observacoes=\" rel=\"noopener\">Mo\u00e7\u00e3o de Apelo N\u00b0 28\/2025<\/a>, de autoria da vereadora Lu Bogo (PL), que trata sobre a climatiza\u00e7\u00e3o de salas de aula das escolas estaduais da cidade, a dirigente regional de ensino, Gilssara Cavalcanti de Lima informou nesta segunda-feira, 31 de mar\u00e7o, que o projeto de climatiza\u00e7\u00e3o ser\u00e1 realizado em duas etapas.\u00a0<\/p><p>De acordo com a vereadora a motiva\u00e7\u00e3o para a solicita\u00e7\u00e3o se deu devido \u00e0s recentes ondas de calor, deixando as temperaturas acima dos 33\u00ba no m\u00eas de fevereiro. \u201cTemos 30 escolas estaduais com 45,6 mil estudantes, e as salas de aula n\u00e3o s\u00e3o climatizadas, muitas nem ventilador tem. Precisamos oferecer a esta popula\u00e7\u00e3o, tanto estudantes quanto professores da rede, conforto e condi\u00e7\u00f5es de ficar em um ambiente climatizado\u201d, justificou Lu Bogo.<\/p><p>Segundo a resposta recebida pela parlamentar, a primeira fase do projeto atende regi\u00f5es de maior incid\u00eancia de calor e a regi\u00e3o de Limeira ser\u00e1 contemplada na pr\u00f3xima etapa: 13 escolas ser\u00e3o climatizadas .<\/p><p>As escolas previstas para receber a climatiza\u00e7\u00e3o, segundo a Secretaria de Estado da Educa\u00e7\u00e3o s\u00e3o: Jos\u00e9 Marciliano da Costa J\u00fanior;\u00a0 Ruth Ramos Cappi; Paulo Chaves; Leovegildo Chagas Santos; Octavio Pimenta Reis; Jos\u00e9 Ferraz Sampaio Penteado \/ Maria Paulina Rodrigues Provinciatto; Ataliba Pires do Amaral; Ary Leite Pereira; Maria Aparecida Soares de Lucca; Manuel Alves; Maria Gertrudes Cardoso Rebello; Margarida Paroli Soares e Dorivaldo Damm.<\/p><p>Na resposta encaminhada \u00e0 vereadora tamb\u00e9m foi citado o <a href=\"https:\/\/www.al.sp.gov.br\/propositura\/?id=1000599506&amp;tipo=1&amp;ano=2025\" rel=\"noopener\">Projeto de Lei N\u00b0 136\/2025<\/a> que tramita na Assembleia Legislativa do Estado de S\u00e3o Paulo (ALESP). A proposta trata da obrigatoriedade da climatiza\u00e7\u00e3o nas salas de aula das unidades escolares do Estado de S\u00e3o Paulo.\u00a0<\/p><p>\u201cSabendo das unidades escolares que receber\u00e3o esta climatiza\u00e7\u00e3o neste primeiro momento, teremos condi\u00e7\u00f5es de acompanhar a implanta\u00e7\u00e3o destas melhorias e, verificar a previs\u00e3o para que as outras escolas da rede tamb\u00e9m sejam beneficiadas. Toda comunidade escolar do Estado merece salas de aula climatizadas, \u00e9 benef\u00edcio para todos\u201d, destacou Lu Bogo.<\/p><p><i>Do Gabinete Parlamentar \u2013 Vereadora Lu Bogo (PL)<\/i><\/p><p><strong>As mat\u00e9rias de origem dos Gabinetes Parlamentares s\u00e3o de inteira\u00a0 responsabilidade dos parlamentares e de suas assessorias. S\u00e3o devidamente assinadas e n\u00e3o refletem, necessariamente, a opini\u00e3o institucional da C\u00e2mara Municipal de Limeira.<\/strong><\/p><p>\u00a0<\/p><p>\u00a0<\/p>\t\t\t\t<\/div>\r\n<br>\r\n<br><a href=\"https:\/\/www.limeira.sp.leg.br\/noticias\/view\/2025-04-02_diretoria-de-ensino-responde-vereadora-lu-bogo-sobre-climatizacao-das-escolas-estaduais-em-limeira\" rel=\"noopener\">Informa\u00e7\u00f5es CML <\/a>","protected":false},"excerpt":{"rendered":"<p>Em resposta \u00e0 Mo\u00e7\u00e3o de Apelo N\u00b0 28\/2025, de autoria da vereadora Lu Bogo (PL), que trata sobre a climatiza\u00e7\u00e3o de salas de aula das escolas estaduais da cidade, a dirigente regional de ensino, Gilssara Cavalcanti de Lima informou nesta segunda-feira, 31 de mar\u00e7o, que o projeto de climatiza\u00e7\u00e3o ser\u00e1 realizado em duas etapas.\u00a0 De [&hellip;]<\/p>\n","protected":false},"author":1,"featured_media":29078,"comment_status":"open","ping_status":"open","sticky":false,"template":"","format":"standard","meta":{"_jetpack_newsletter_access":"","_jetpack_dont_email_post_to_subs":false,"_jetpack_newsletter_tier_id":0,"_jetpack_memberships_contains_paywalled_content":false,"_mbp_banners":[],"_jetpack_feature_clip_id":0,"_jetpack_memberships_contains_paid_content":false,"footnotes":"","jetpack_publicize_message":"","jetpack_publicize_feature_enabled":true,"jetpack_social_post_already_shared":true,"jetpack_social_options":{"image_generator_settings":{"template":"highway","default_image_id":0,"font":"","enabled":false},"version":2},"jetpack_post_was_ever_published":false},"categories":[19],"tags":[],"class_list":["post-29077","post","type-post","status-publish","format-standard","has-post-thumbnail","category-politica"],"jetpack_publicize_connections":[],"jetpack-related-posts":[],"jetpack_shortlink":"https:\/\/wp.me\/p7Eq1F-7yZ","jetpack_sharing_enabled":true,"jetpack_featured_media_url":"https:\/\/i0.wp.com\/guialimeira.com.br\/news\/wp-content\/uploads\/2025\/04\/Diretoria-de-Ensino-responde-vereadora-Lu-Bogo-sobre-climatizacao-das.jpeg?fit=1280%2C640&ssl=1","_links":{"self":[{"href":"https:\/\/guialimeira.com.br\/news\/wp-json\/wp\/v2\/posts\/29077","targetHints":{"allow":["GET"]}}],"collection":[{"href":"https:\/\/guialimeira.com.br\/news\/wp-json\/wp\/v2\/posts"}],"about":[{"href":"https:\/\/guialimeira.com.br\/news\/wp-json\/wp\/v2\/types\/post"}],"author":[{"embeddable":true,"href":"https:\/\/guialimeira.com.br\/news\/wp-json\/wp\/v2\/users\/1"}],"replies":[{"embeddable":true,"href":"https:\/\/guialimeira.com.br\/news\/wp-json\/wp\/v2\/comments?post=29077"}],"version-history":[{"count":1,"href":"https:\/\/guialimeira.com.br\/news\/wp-json\/wp\/v2\/posts\/29077\/revisions"}],"predecessor-version":[{"id":29079,"href":"https:\/\/guialimeira.com.br\/news\/wp-json\/wp\/v2\/posts\/29077\/revisions\/29079"}],"wp:featuredmedia":[{"embeddable":true,"href":"https:\/\/guialimeira.com.br\/news\/wp-json\/wp\/v2\/media\/29078"}],"wp:attachment":[{"href":"https:\/\/guialimeira.com.br\/news\/wp-json\/wp\/v2\/media?parent=29077"}],"wp:term":[{"taxonomy":"category","embeddable":true,"href":"https:\/\/guialimeira.com.br\/news\/wp-json\/wp\/v2\/categories?post=29077"},{"taxonomy":"post_tag","embeddable":true,"href":"https:\/\/guialimeira.com.br\/news\/wp-json\/wp\/v2\/tags?post=29077"}],"curies":[{"name":"wp","href":"https:\/\/api.w.org\/{rel}","templated":true}]}}