{"id":2906,"date":"2024-04-26T10:37:45","date_gmt":"2024-04-26T13:37:45","guid":{"rendered":"https:\/\/guialimeira.com.br\/2024\/04\/26\/previa-da-inflacao-oficial-recua-para-021-em-abril\/"},"modified":"2024-04-26T10:37:45","modified_gmt":"2024-04-26T13:37:45","slug":"previa-da-inflacao-oficial-recua-para-021-em-abril","status":"publish","type":"post","link":"https:\/\/guialimeira.com.br\/news\/previa-da-inflacao-oficial-recua-para-021-em-abril\/","title":{"rendered":"Pr\u00e9via da infla\u00e7\u00e3o oficial recua para 0,21% em abril"},"content":{"rendered":"<p> <br \/>\n<\/p>\n<div>\n<p>O \u00cdndice Nacional de Pre\u00e7os ao Consumidor Amplo 15 (IPCA-15), que mede a pr\u00e9via da infla\u00e7\u00e3o oficial no m\u00eas, ficou em 0,21% em abril deste ano, portanto abaixo das taxas do m\u00eas anterior (0,36%) e de abril do ano passado (0,57%). O dado foi divulgado nesta sexta-feira (26), pelo Instituto Brasileiro de Geografia e Estat\u00edstica (IBGE).<img data-recalc-dims=\"1\" decoding=\"async\" src=\"https:\/\/i0.wp.com\/agenciabrasil.ebc.com.br\/ebc.png?w=696&#038;ssl=1\" style=\"width:1px; height:1px; display:inline;\"\/><img data-recalc-dims=\"1\" decoding=\"async\" src=\"https:\/\/i0.wp.com\/agenciabrasil.ebc.com.br\/ebc.gif?w=696&#038;ssl=1\" style=\"width:1px; height:1px; display:inline;\"\/><\/p>\n<p>Com o resultado, o IPCA-15 acumula taxa de 1,67% no ano. Em 12 meses, o indicador registra infla\u00e7\u00e3o de 3,77%, abaixo dos 4,14% acumulados at\u00e9 a pr\u00e9via de mar\u00e7o deste ano.<\/p>\n<p>A queda da taxa de infla\u00e7\u00e3o foi puxada principalmente pelos transportes, que tiveram defla\u00e7\u00e3o (queda de pre\u00e7os) de 0,49% na pr\u00e9via de abril. Entre os itens que apresentaram defla\u00e7\u00e3o, destacam-se a passagem a\u00e9rea (-12,20%), o g\u00e1s veicular (-0,97%), o \u00f3leo diesel (-0,43%) e a gasolina (-0,11%).<\/p>\n<p>Por outro lado, o grupo alimenta\u00e7\u00e3o e bebidas apresentou alta de pre\u00e7os de 0,61% no per\u00edodo, o que impediu uma queda maior da infla\u00e7\u00e3o na pr\u00e9via de abril. Entre os itens que mais contribu\u00edram para a alta dos alimentos est\u00e3o tomate (17,87%), alho (11,60%), cebola (11,31%), frutas (2,59%) e leite longa vida (1,96%).<\/p>\n<p>Produtos como a batata-inglesa (-8,72%) e as carnes (-1,43%) puxaram para baixo a infla\u00e7\u00e3o dos alimentos.<\/p>\n<p>Os demais grupos de despesa apresentaram as seguintes taxas de infla\u00e7\u00e3o: sa\u00fade e cuidados pessoais (0,78%), vestu\u00e1rio (0,41%), despesas pessoais (0,40%), comunica\u00e7\u00e3o (0,17%), habita\u00e7\u00e3o (0,07%), educa\u00e7\u00e3o (0,05%) e artigos de resid\u00eancia (0,03%).<\/p>\n<p>Os pre\u00e7os que serviram como base para o c\u00e1lculo do IPCA-15 de abril foram coletados entre 15 de mar\u00e7o e 15 de abril deste ano.<\/p>\n<\/p><\/div>\n<p><br \/>\n<br \/><a href=\"https:\/\/agenciabrasil.ebc.com.br\/economia\/noticia\/2024-04\/previa-da-inflacao-oficial-recua-para-021-em-abril\" rel=\"noopener\">Ag\u00eancia Brasil<\/a><\/p>\n","protected":false},"excerpt":{"rendered":"<p>O \u00cdndice Nacional de Pre\u00e7os ao Consumidor Amplo 15 (IPCA-15), que mede a pr\u00e9via da infla\u00e7\u00e3o oficial no m\u00eas, ficou em 0,21% em abril deste ano, portanto abaixo das taxas do m\u00eas anterior (0,36%) e de abril do ano passado (0,57%). O dado foi divulgado nesta sexta-feira (26), pelo Instituto Brasileiro de Geografia e Estat\u00edstica [&hellip;]<\/p>\n","protected":false},"author":1,"featured_media":2907,"comment_status":"open","ping_status":"open","sticky":false,"template":"","format":"standard","meta":{"_jetpack_newsletter_access":"","_jetpack_dont_email_post_to_subs":false,"_jetpack_newsletter_tier_id":0,"_jetpack_memberships_contains_paywalled_content":false,"_mbp_banners":[],"_jetpack_feature_clip_id":0,"_jetpack_memberships_contains_paid_content":false,"footnotes":"","jetpack_publicize_message":"","jetpack_publicize_feature_enabled":true,"jetpack_social_post_already_shared":true,"jetpack_social_options":{"image_generator_settings":{"template":"highway","default_image_id":0,"font":"","enabled":false},"version":2},"jetpack_post_was_ever_published":false},"categories":[24],"tags":[],"class_list":["post-2906","post","type-post","status-publish","format-standard","has-post-thumbnail","category-economia"],"jetpack_publicize_connections":[],"jetpack-related-posts":[],"jetpack_shortlink":"https:\/\/wp.me\/p7Eq1F-KS","jetpack_sharing_enabled":true,"jetpack_featured_media_url":"https:\/\/i0.wp.com\/guialimeira.com.br\/news\/wp-content\/uploads\/2024\/04\/transporte_rj_ffraz_05072110186.jpg?fit=1600%2C800&ssl=1","_links":{"self":[{"href":"https:\/\/guialimeira.com.br\/news\/wp-json\/wp\/v2\/posts\/2906","targetHints":{"allow":["GET"]}}],"collection":[{"href":"https:\/\/guialimeira.com.br\/news\/wp-json\/wp\/v2\/posts"}],"about":[{"href":"https:\/\/guialimeira.com.br\/news\/wp-json\/wp\/v2\/types\/post"}],"author":[{"embeddable":true,"href":"https:\/\/guialimeira.com.br\/news\/wp-json\/wp\/v2\/users\/1"}],"replies":[{"embeddable":true,"href":"https:\/\/guialimeira.com.br\/news\/wp-json\/wp\/v2\/comments?post=2906"}],"version-history":[{"count":0,"href":"https:\/\/guialimeira.com.br\/news\/wp-json\/wp\/v2\/posts\/2906\/revisions"}],"wp:featuredmedia":[{"embeddable":true,"href":"https:\/\/guialimeira.com.br\/news\/wp-json\/wp\/v2\/media\/2907"}],"wp:attachment":[{"href":"https:\/\/guialimeira.com.br\/news\/wp-json\/wp\/v2\/media?parent=2906"}],"wp:term":[{"taxonomy":"category","embeddable":true,"href":"https:\/\/guialimeira.com.br\/news\/wp-json\/wp\/v2\/categories?post=2906"},{"taxonomy":"post_tag","embeddable":true,"href":"https:\/\/guialimeira.com.br\/news\/wp-json\/wp\/v2\/tags?post=2906"}],"curies":[{"name":"wp","href":"https:\/\/api.w.org\/{rel}","templated":true}]}}