{"id":29041,"date":"2025-04-02T13:13:41","date_gmt":"2025-04-02T16:13:41","guid":{"rendered":"https:\/\/guialimeira.com.br\/?p=29041"},"modified":"2025-04-02T13:13:41","modified_gmt":"2025-04-02T16:13:41","slug":"carreta-da-mamografia-dr-marcelo-rossi-acompanha-inicio-dos-exames-no-parque-cidade","status":"publish","type":"post","link":"https:\/\/guialimeira.com.br\/news\/carreta-da-mamografia-dr-marcelo-rossi-acompanha-inicio-dos-exames-no-parque-cidade\/","title":{"rendered":"Carreta da Mamografia: Dr. Marcelo Rossi acompanha in\u00edcio dos exames no Parque Cidade"},"content":{"rendered":"\n<figure class=\"wp-block-gallery has-nested-images columns-default is-cropped wp-block-gallery-1 is-layout-flex wp-block-gallery-is-layout-flex\"><\/figure>\n \r\n<br><img data-recalc-dims=\"1\" decoding=\"async\" src=\"https:\/\/i0.wp.com\/guialimeira.com.br\/wp-content\/uploads\/2025\/04\/2025-04-02_carreta-da-mamografia-dr-marcelo-rossi-acompanha-inicio-dos-exames-no-parque-cidade_1.jpg?w=696&#038;ssl=1\" \/><br><div>\n\t\t\t\t\t<p>O vereador Dr. Marcelo Rossi (MDB) acompanhou nesta ter\u00e7a-feira, 1\u00b0 de abril o primeiro dia de atendimento do Programa Mulheres de Peito, da Secretaria Estadual da Sa\u00fade, e conversou com pacientes que elogiaram a estrutura da carreta no Parque Cidade.<\/p><p>Dr. Marcelo, que tamb\u00e9m \u00e9 m\u00e9dico geriatra, destacou a import\u00e2ncia de os familiares incentivarem as mulheres a participarem da a\u00e7\u00e3o de preven\u00e7\u00e3o. \u201cMaridos, filhos, netos precisam incentivar as mulheres a fazerem os exames. \u00c9 uma oportunidade que pode ajudar a salvar vidas\u201d, refor\u00e7ou. \u201cNormalmente as mulheres se dedicam aos cuidados dos filhos, com netos e com os maridos e acabam se deixando por \u00faltimo\u201d, completou ele.<\/p><p>De acordo com o parlamentar houve um momento de conversa com mun\u00edcipes que estavam presentes e ressaltaram a import\u00e2ncia da preven\u00e7\u00e3o. \u201cPor mais desconfort\u00e1vel que seja, o exame \u00e9 essencial\u201d, afirmou o vereador.\u00a0<\/p><p>A carreta receber\u00e1 at\u00e9 o dia 12 de abril 500 pessoas. Ela est\u00e1 estacionada no Parque Cidade, ao lado do Centro de Ci\u00eancias, com entrada pela Portaria C (Rua Dr. Jos\u00e9 Botelho Veloso, s\/n\u00ba, Vila S\u00e3o Jo\u00e3o).<\/p><p>Para mulheres entre 35 e 49 anos e acima de 70 anos, \u00e9 necess\u00e1rio apresentar CPF, RG, cart\u00e3o do SUS (Sistema \u00danico de Sa\u00fade) e pedido m\u00e9dico ou de enfermeiro do SUS. Para mulheres de 50 a 69 anos, basta levar CPF, RG e cart\u00e3o do SUS.<\/p><p><i>Do Gabinete Parlamentar \u2013 Vereador\u00a0 Dr. Marcelo Rossi (MDB)<\/i><\/p><p><i>*Fotos do Gabinete parlamentar<\/i><\/p><p><strong>As mat\u00e9rias de origem dos Gabinetes Parlamentares s\u00e3o de inteira\u00a0 responsabilidade dos parlamentares e de suas assessorias. S\u00e3o devidamente assinadas e n\u00e3o refletem, necessariamente, a opini\u00e3o institucional da C\u00e2mara Municipal de Limeira.<\/strong><\/p>\t\t\t\t<\/div>\r\n<br>\r\n<br><a href=\"https:\/\/www.limeira.sp.leg.br\/noticias\/view\/2025-04-02_carreta-da-mamografia-dr-marcelo-rossi-acompanha-inicio-dos-exames-no-parque-cidade\" rel=\"noopener\">Informa\u00e7\u00f5es CML <\/a>","protected":false},"excerpt":{"rendered":"<p>O vereador Dr. Marcelo Rossi (MDB) acompanhou nesta ter\u00e7a-feira, 1\u00b0 de abril o primeiro dia de atendimento do Programa Mulheres de Peito, da Secretaria Estadual da Sa\u00fade, e conversou com pacientes que elogiaram a estrutura da carreta no Parque Cidade. Dr. Marcelo, que tamb\u00e9m \u00e9 m\u00e9dico geriatra, destacou a import\u00e2ncia de os familiares incentivarem as [&hellip;]<\/p>\n","protected":false},"author":1,"featured_media":29042,"comment_status":"open","ping_status":"open","sticky":false,"template":"","format":"standard","meta":{"_jetpack_newsletter_access":"","_jetpack_dont_email_post_to_subs":false,"_jetpack_newsletter_tier_id":0,"_jetpack_memberships_contains_paywalled_content":false,"_mbp_banners":[],"_jetpack_feature_clip_id":0,"_jetpack_memberships_contains_paid_content":false,"footnotes":"","jetpack_publicize_message":"","jetpack_publicize_feature_enabled":true,"jetpack_social_post_already_shared":true,"jetpack_social_options":{"image_generator_settings":{"template":"highway","default_image_id":0,"font":"","enabled":false},"version":2},"jetpack_post_was_ever_published":false},"categories":[19],"tags":[],"class_list":["post-29041","post","type-post","status-publish","format-standard","has-post-thumbnail","category-politica"],"jetpack_publicize_connections":[],"jetpack-related-posts":[],"jetpack_shortlink":"https:\/\/wp.me\/p7Eq1F-7yp","jetpack_sharing_enabled":true,"jetpack_featured_media_url":"https:\/\/i0.wp.com\/guialimeira.com.br\/news\/wp-content\/uploads\/2025\/04\/Carreta-da-Mamografia-Dr-Marcelo-Rossi-acompanha-inicio-dos-exames.jpg?fit=1280%2C640&ssl=1","_links":{"self":[{"href":"https:\/\/guialimeira.com.br\/news\/wp-json\/wp\/v2\/posts\/29041","targetHints":{"allow":["GET"]}}],"collection":[{"href":"https:\/\/guialimeira.com.br\/news\/wp-json\/wp\/v2\/posts"}],"about":[{"href":"https:\/\/guialimeira.com.br\/news\/wp-json\/wp\/v2\/types\/post"}],"author":[{"embeddable":true,"href":"https:\/\/guialimeira.com.br\/news\/wp-json\/wp\/v2\/users\/1"}],"replies":[{"embeddable":true,"href":"https:\/\/guialimeira.com.br\/news\/wp-json\/wp\/v2\/comments?post=29041"}],"version-history":[{"count":1,"href":"https:\/\/guialimeira.com.br\/news\/wp-json\/wp\/v2\/posts\/29041\/revisions"}],"predecessor-version":[{"id":29043,"href":"https:\/\/guialimeira.com.br\/news\/wp-json\/wp\/v2\/posts\/29041\/revisions\/29043"}],"wp:featuredmedia":[{"embeddable":true,"href":"https:\/\/guialimeira.com.br\/news\/wp-json\/wp\/v2\/media\/29042"}],"wp:attachment":[{"href":"https:\/\/guialimeira.com.br\/news\/wp-json\/wp\/v2\/media?parent=29041"}],"wp:term":[{"taxonomy":"category","embeddable":true,"href":"https:\/\/guialimeira.com.br\/news\/wp-json\/wp\/v2\/categories?post=29041"},{"taxonomy":"post_tag","embeddable":true,"href":"https:\/\/guialimeira.com.br\/news\/wp-json\/wp\/v2\/tags?post=29041"}],"curies":[{"name":"wp","href":"https:\/\/api.w.org\/{rel}","templated":true}]}}