{"id":2904,"date":"2024-04-26T10:34:44","date_gmt":"2024-04-26T13:34:44","guid":{"rendered":"https:\/\/guialimeira.com.br\/2024\/04\/26\/incendio-em-pousada-de-porto-alegre-deixa-pelo-menos-10-mortos\/"},"modified":"2024-04-26T10:34:44","modified_gmt":"2024-04-26T13:34:44","slug":"incendio-em-pousada-de-porto-alegre-deixa-pelo-menos-10-mortos","status":"publish","type":"post","link":"https:\/\/guialimeira.com.br\/news\/incendio-em-pousada-de-porto-alegre-deixa-pelo-menos-10-mortos\/","title":{"rendered":"Inc\u00eandio em pousada de Porto Alegre deixa pelo menos 10 mortos"},"content":{"rendered":"<p> <br \/>\n<\/p>\n<div>\n<p>Pelo menos dez pessoas morreram em um inc\u00eandio de grandes propor\u00e7\u00f5es que atingiu uma pousada na Avenida Farrapos, no centro de Porto Alegre, na madrugada desta sexta-feira (26). O Corpo de Bombeiros Militar do Rio Grande do Sul mobilizou cinco caminh\u00f5es para combater as chamas no pr\u00e9dio de tr\u00eas pavimentos. Nas redes sociais, a corpora\u00e7\u00e3o informou que o fogo foi controlado.<img data-recalc-dims=\"1\" decoding=\"async\" src=\"https:\/\/i0.wp.com\/agenciabrasil.ebc.com.br\/ebc.png?w=696&#038;ssl=1\" style=\"width:1px; height:1px; display:inline;\"\/><img data-recalc-dims=\"1\" decoding=\"async\" src=\"https:\/\/i0.wp.com\/agenciabrasil.ebc.com.br\/ebc.gif?w=696&#038;ssl=1\" style=\"width:1px; height:1px; display:inline;\"\/><\/p>\n<p>\u201cConforme o nosso comandante do 1\u00ba Batalh\u00e3o do Corpo de Bombeiros, tenente-coronel L\u00facio Junes da Silva, foram confirmadas dez v\u00edtimas e o local funcionava de forma irregular. A per\u00edcia criminal est\u00e1 no local para identificar as v\u00edtimas e investigar as causas do inc\u00eandio\u201d, destacou o corpo de bombeiros, por meio nota.<\/p>\n<p>Os feridos foram levados para o Hospital de Pronto Socorro de Porto Alegre (HPS). Tamb\u00e9m pelas redes sociais, a prefeitura de Porto Alegre informou que duas pessoas est\u00e3o em estado grave e seis passam por atendimento de menor gravidade.<\/p>\n<div class=\"dnd-widget-wrapper context-cheio_8colunas type-image\">\n<div class=\"dnd-atom-rendered\"><!-- scald=382643:cheio_8colunas --><\/p>\n<div class=\"shadow overflow-hidden rounded-lg d-block w-100\">\n            <img data-recalc-dims=\"1\" decoding=\"async\" src=\"https:\/\/i0.wp.com\/agenciabrasil.ebc.com.br\/sites\/default\/files\/thumbnails\/image\/loading_v2.gif?w=696&#038;ssl=1\" data-echo=\"https:\/\/imagens.ebc.com.br\/9gpfumSDfNC5FnTo762Uc9VRXR0=\/754x0\/smart\/https:\/\/agenciabrasil.ebc.com.br\/sites\/default\/files\/thumbnails\/image\/2024\/04\/26\/captura_de_tela_2024-04-26_095213.jpg?itok=wsKG2gsz\" alt=\"Porto Alegre - Inc\u00eandio em pousada de Porto Alegre deixa pelo menos 10 mortos. Frame: CBMRS\" title=\"Frame: CBMRS\" class=\"flex-fill img-cover\"\/><br \/>\n        <img data-recalc-dims=\"1\" decoding=\"async\" src=\"https:\/\/i0.wp.com\/imagens.ebc.com.br\/9gpfumSDfNC5FnTo762Uc9VRXR0%3D\/754x0\/smart\/https%3A\/\/agenciabrasil.ebc.com.br\/sites\/default\/files\/thumbnails\/image\/2024\/04\/26\/captura_de_tela_2024-04-26_095213.jpg?w=696&#038;ssl=1\" alt=\"Porto Alegre - Inc\u00eandio em pousada de Porto Alegre deixa pelo menos 10 mortos. Frame: CBMRS\" title=\"Frame: CBMRS\" class=\"flex-fill img-cover\"\/>\n    <\/div>\n<p><!-- END scald=382643 --><\/div>\n<div class=\"dnd-caption-wrapper\">\n<p><!--copyright=382643-->Inc\u00eandio em pousada de Porto Alegre deixa pelo menos 10 mortos &#8211; Frame Corpo de Bombeiros Militar do Rio Grande do Sul<!--END copyright=382643--><\/p>\n<\/div>\n<\/div>\n<p>\u201cCom profunda tristeza acompanho a apura\u00e7\u00e3o do inc\u00eandio com v\u00edtimas na Pousada Garoa, na Farrapos. A prioridade agora \u00e9 o atendimento aos cidad\u00e3os resgatados e encaminhados ao HPS. A prefeitura trabalha para acolher os moradores e apoiar a investiga\u00e7\u00e3o dessa trag\u00e9dia\u201d, postou o prefeito Sebasti\u00e3o Melo.<\/p>\n<p>Em seu perfil no X, o governador do Rio Grande do Sul, Eduardo Leite, disse que o inc\u00eandio\u00a0causa profunda consterna\u00e7\u00e3o. \u201cSeguimos mobilizados no rescaldo dessa trag\u00e9dia e na identifica\u00e7\u00e3o das causas das chamas. Meus sentimentos aos familiares das v\u00edtimas.\u201d<\/p>\n<p>Agentes da Empresa P\u00fablica de Transporte e Circula\u00e7\u00e3o (EPTC) monitoram e orientam o tr\u00e2nsito no entorno da ocorr\u00eancia. Em nota, a Pol\u00edcia Civil do Rio Grande do Sul informou que a investiga\u00e7\u00e3o est\u00e1 a cargo da 17\u00aa delegacia de pol\u00edcia, coordenada pelo delegado Daniel Ordahi.<\/p>\n<p>\u201cAs dilig\u00eancias est\u00e3o sendo tomadas e acompanhadas junto ao corpo de bombeiros, Defesa Civil, Brigada Militar e Instituto Geral de Per\u00edcias. Est\u00e3o sendo aguardados os relat\u00f3rios t\u00e9cnicos e resultados das demais apura\u00e7\u00f5es investigativas.\u201d<\/p>\n<h2>Lula<\/h2>\n<p>Nas redes sociais, o <a href=\"https:\/\/twitter.com\/LulaOficial\/status\/1783842912989790539\" target=\"_blank\" rel=\"noopener\">presidente Luiz In\u00e1cio Lula da Silva<\/a> manifestou tristeza e preocupa\u00e7\u00e3o diante do n\u00famero de mortos no inc\u00eandio. Segundo ele, o estabelecimento acolhia pessoas em situa\u00e7\u00e3o de vulnerabilidade na capital ga\u00facha.\u00a0<\/p>\n<p>&#8220;Minha solidariedade \u00e0s fam\u00edlias e aos amigos que perderam seus entes\u201d, postou.<\/p>\n<p><em>*Colaborou Alex Rodrigues<\/em><\/p>\n<\/p><\/div>\n<p><script async src=\"\/\/platform.twitter.com\/widgets.js\" charset=\"utf-8\"><\/script><br \/>\n<br \/><br \/>\n<br \/><a href=\"https:\/\/agenciabrasil.ebc.com.br\/geral\/noticia\/2024-04\/incendio-em-pousada-de-porto-alegre-deixa-pelo-menos-10-mortos\" rel=\"noopener\">Ag\u00eancia Brasil<\/a><\/p>\n","protected":false},"excerpt":{"rendered":"<p>Pelo menos dez pessoas morreram em um inc\u00eandio de grandes propor\u00e7\u00f5es que atingiu uma pousada na Avenida Farrapos, no centro de Porto Alegre, na madrugada desta sexta-feira (26). O Corpo de Bombeiros Militar do Rio Grande do Sul mobilizou cinco caminh\u00f5es para combater as chamas no pr\u00e9dio de tr\u00eas pavimentos. Nas redes sociais, a corpora\u00e7\u00e3o [&hellip;]<\/p>\n","protected":false},"author":1,"featured_media":2905,"comment_status":"open","ping_status":"open","sticky":false,"template":"","format":"standard","meta":{"_jetpack_newsletter_access":"","_jetpack_dont_email_post_to_subs":false,"_jetpack_newsletter_tier_id":0,"_jetpack_memberships_contains_paywalled_content":false,"_mbp_banners":[],"_jetpack_feature_clip_id":0,"_jetpack_memberships_contains_paid_content":false,"footnotes":"","jetpack_publicize_message":"","jetpack_publicize_feature_enabled":true,"jetpack_social_post_already_shared":true,"jetpack_social_options":{"image_generator_settings":{"template":"highway","default_image_id":0,"font":"","enabled":false},"version":2},"jetpack_post_was_ever_published":false},"categories":[1],"tags":[],"class_list":["post-2904","post","type-post","status-publish","format-standard","has-post-thumbnail","category-geral"],"jetpack_publicize_connections":[],"jetpack-related-posts":[],"jetpack_shortlink":"https:\/\/wp.me\/p7Eq1F-KQ","jetpack_sharing_enabled":true,"jetpack_featured_media_url":"https:\/\/i0.wp.com\/guialimeira.com.br\/news\/wp-content\/uploads\/2024\/04\/captura_de_tela_2024-04-26_095259.jpg?fit=1600%2C800&ssl=1","_links":{"self":[{"href":"https:\/\/guialimeira.com.br\/news\/wp-json\/wp\/v2\/posts\/2904","targetHints":{"allow":["GET"]}}],"collection":[{"href":"https:\/\/guialimeira.com.br\/news\/wp-json\/wp\/v2\/posts"}],"about":[{"href":"https:\/\/guialimeira.com.br\/news\/wp-json\/wp\/v2\/types\/post"}],"author":[{"embeddable":true,"href":"https:\/\/guialimeira.com.br\/news\/wp-json\/wp\/v2\/users\/1"}],"replies":[{"embeddable":true,"href":"https:\/\/guialimeira.com.br\/news\/wp-json\/wp\/v2\/comments?post=2904"}],"version-history":[{"count":0,"href":"https:\/\/guialimeira.com.br\/news\/wp-json\/wp\/v2\/posts\/2904\/revisions"}],"wp:featuredmedia":[{"embeddable":true,"href":"https:\/\/guialimeira.com.br\/news\/wp-json\/wp\/v2\/media\/2905"}],"wp:attachment":[{"href":"https:\/\/guialimeira.com.br\/news\/wp-json\/wp\/v2\/media?parent=2904"}],"wp:term":[{"taxonomy":"category","embeddable":true,"href":"https:\/\/guialimeira.com.br\/news\/wp-json\/wp\/v2\/categories?post=2904"},{"taxonomy":"post_tag","embeddable":true,"href":"https:\/\/guialimeira.com.br\/news\/wp-json\/wp\/v2\/tags?post=2904"}],"curies":[{"name":"wp","href":"https:\/\/api.w.org\/{rel}","templated":true}]}}