{"id":29029,"date":"2025-04-02T12:12:07","date_gmt":"2025-04-02T15:12:07","guid":{"rendered":"https:\/\/guialimeira.com.br\/?p=29029"},"modified":"2025-04-02T12:12:07","modified_gmt":"2025-04-02T15:12:07","slug":"comissao-de-orcamento-e-fiscalizacao-analisa-plano-de-metas-da-prefeitura","status":"publish","type":"post","link":"https:\/\/guialimeira.com.br\/news\/comissao-de-orcamento-e-fiscalizacao-analisa-plano-de-metas-da-prefeitura\/","title":{"rendered":"Comiss\u00e3o de Or\u00e7amento e Fiscaliza\u00e7\u00e3o analisa Plano de Metas da Prefeitura"},"content":{"rendered":"\n<figure class=\"wp-block-gallery has-nested-images columns-default is-cropped wp-block-gallery-1 is-layout-flex wp-block-gallery-is-layout-flex\"><\/figure>\n \r\n<br><img data-recalc-dims=\"1\" decoding=\"async\" src=\"https:\/\/i0.wp.com\/guialimeira.com.br\/wp-content\/uploads\/2025\/04\/2025-04-02_comissao-de-orcamento-e-fiscalizacao-analisa-plano-de-metas-da-prefeitura_1.JPG?w=696&#038;ssl=1\" \/><br><div>\n\t\t\t\t\t<p>Na reuni\u00e3o desta quarta-feira, 2 de abril, a Comiss\u00e3o de Or\u00e7amento e Fiscaliza\u00e7\u00e3o recebeu o estudo da Consultoria T\u00e9cnica Especializa\u00e7\u00e3o da C\u00e2mara sobre o Plano de Metas do Poder Executivo (2022-2025)<a href=\"https:\/\/www.limeira.sp.leg.br\/noticias\/view\/2024-11-13_comissao-vai-ampliar-fiscalizacao-sobre-execucao-do-orcamento-municipal\" rel=\"noopener\"> solicitado<\/a> pelos membros do colegiado em 2024. O documento traz o n\u00famero de metas por programa, como Sa\u00fade para todos, Planejamento Urbano, Habita\u00e7\u00e3o de Interesse Social. Constam 110 metas no total. O relat\u00f3rio t\u00e9cnico ser\u00e1 analisado pelos vereadores. As delibera\u00e7\u00f5es s\u00e3o registradas em<a href=\"https:\/\/consulta.limeira.sp.leg.br\/arquivo?Id=488812\" rel=\"noopener\"> ata<\/a>.<\/p><p>No estudo da Consultoria consta uma descri\u00e7\u00e3o de como cada Programa \u00e9 especificado e como ocorre a medi\u00e7\u00e3o do desempenho da administra\u00e7\u00e3o municipal em rela\u00e7\u00e3o aos resultados esperados.<\/p><p>Conforme relat\u00f3rio, o Plano do governo informa as metas f\u00edsicas, ou seja, estima a quantidade de servi\u00e7os a serem entregues ou obtidos por a\u00e7\u00e3o, no exerc\u00edcio financeiro. J\u00e1 \u201cos valores financeiros a serem aplicados em cada Programa de Governo s\u00e3o estimados na elabora\u00e7\u00e3o das Leis Or\u00e7ament\u00e1rias, quais sejam: Plano Plurianual &#8211; PPA, Lei de Diretrizes Or\u00e7ament\u00e1rias &#8211; LDO e Lei Or\u00e7ament\u00e1ria Anual \u2013 LOA\u201d.\u00a0\u00a0\u00a0\u00a0\u00a0\u00a0<\/p><p><strong>Metas Fiscais<\/strong><\/p><p>Com rela\u00e7\u00e3o ao arquivo da Audi\u00eancia P\u00fablica de Metas Fiscais, realizada na data de 25 de fevereiro, a Comiss\u00e3o reiterou o pedido \u00e0 Prefeitura para que informe qual o valor de \u201cDespesas\u201d. O n\u00famero n\u00e3o foi informado na tabela apresentada aos vereadores.\u00a0\u00a0\u00a0<\/p><p><strong>Sobre a Comiss\u00e3o<\/strong><\/p><p>Fazem parte do colegiado a vereadora Lu Bogo (PL), presidente; Estev\u00e3o Nogueira (Avante), vice-presidente; e Elias Barbosa (PRTB), secret\u00e1rio.<strong>\u00a0<\/strong><\/p><p>Os membros s\u00e3o respons\u00e1veis por analisar os aspectos financeiros e or\u00e7ament\u00e1rios de todas as proposi\u00e7\u00f5es apresentadas tanto pelo Legislativo, quanto pela Prefeitura, bem como fiscalizar os atos do Poder Executivo e investigar den\u00fancias sobre malversa\u00e7\u00e3o de dinheiro p\u00fablico, desvio de finalidade ou de poder praticados pelas autoridades p\u00fablicas integrantes da Administra\u00e7\u00e3o Municipal, inclusive os da administra\u00e7\u00e3o indireta.\u00a0\u00a0<\/p>\t\t\t\t<\/div>\r\n<br>\r\n<br><a href=\"https:\/\/www.limeira.sp.leg.br\/noticias\/view\/2025-04-02_comissao-de-orcamento-e-fiscalizacao-analisa-plano-de-metas-da-prefeitura\" rel=\"noopener\">Informa\u00e7\u00f5es CML <\/a>","protected":false},"excerpt":{"rendered":"<p>Na reuni\u00e3o desta quarta-feira, 2 de abril, a Comiss\u00e3o de Or\u00e7amento e Fiscaliza\u00e7\u00e3o recebeu o estudo da Consultoria T\u00e9cnica Especializa\u00e7\u00e3o da C\u00e2mara sobre o Plano de Metas do Poder Executivo (2022-2025) solicitado pelos membros do colegiado em 2024. O documento traz o n\u00famero de metas por programa, como Sa\u00fade para todos, Planejamento Urbano, Habita\u00e7\u00e3o de [&hellip;]<\/p>\n","protected":false},"author":1,"featured_media":29030,"comment_status":"open","ping_status":"open","sticky":false,"template":"","format":"standard","meta":{"_jetpack_newsletter_access":"","_jetpack_dont_email_post_to_subs":false,"_jetpack_newsletter_tier_id":0,"_jetpack_memberships_contains_paywalled_content":false,"_mbp_banners":[],"_jetpack_feature_clip_id":0,"_jetpack_memberships_contains_paid_content":false,"footnotes":"","jetpack_publicize_message":"","jetpack_publicize_feature_enabled":true,"jetpack_social_post_already_shared":true,"jetpack_social_options":{"image_generator_settings":{"template":"highway","default_image_id":0,"font":"","enabled":false},"version":2},"jetpack_post_was_ever_published":false},"categories":[19],"tags":[],"class_list":["post-29029","post","type-post","status-publish","format-standard","has-post-thumbnail","category-politica"],"jetpack_publicize_connections":[],"jetpack-related-posts":[],"jetpack_shortlink":"https:\/\/wp.me\/p7Eq1F-7yd","jetpack_sharing_enabled":true,"jetpack_featured_media_url":"https:\/\/i0.wp.com\/guialimeira.com.br\/news\/wp-content\/uploads\/2025\/04\/Comissao-de-Orcamento-e-Fiscalizacao-analisa-Plano-de-Metas-da.JPG?fit=1280%2C640&ssl=1","_links":{"self":[{"href":"https:\/\/guialimeira.com.br\/news\/wp-json\/wp\/v2\/posts\/29029","targetHints":{"allow":["GET"]}}],"collection":[{"href":"https:\/\/guialimeira.com.br\/news\/wp-json\/wp\/v2\/posts"}],"about":[{"href":"https:\/\/guialimeira.com.br\/news\/wp-json\/wp\/v2\/types\/post"}],"author":[{"embeddable":true,"href":"https:\/\/guialimeira.com.br\/news\/wp-json\/wp\/v2\/users\/1"}],"replies":[{"embeddable":true,"href":"https:\/\/guialimeira.com.br\/news\/wp-json\/wp\/v2\/comments?post=29029"}],"version-history":[{"count":1,"href":"https:\/\/guialimeira.com.br\/news\/wp-json\/wp\/v2\/posts\/29029\/revisions"}],"predecessor-version":[{"id":29031,"href":"https:\/\/guialimeira.com.br\/news\/wp-json\/wp\/v2\/posts\/29029\/revisions\/29031"}],"wp:featuredmedia":[{"embeddable":true,"href":"https:\/\/guialimeira.com.br\/news\/wp-json\/wp\/v2\/media\/29030"}],"wp:attachment":[{"href":"https:\/\/guialimeira.com.br\/news\/wp-json\/wp\/v2\/media?parent=29029"}],"wp:term":[{"taxonomy":"category","embeddable":true,"href":"https:\/\/guialimeira.com.br\/news\/wp-json\/wp\/v2\/categories?post=29029"},{"taxonomy":"post_tag","embeddable":true,"href":"https:\/\/guialimeira.com.br\/news\/wp-json\/wp\/v2\/tags?post=29029"}],"curies":[{"name":"wp","href":"https:\/\/api.w.org\/{rel}","templated":true}]}}