{"id":29016,"date":"2025-04-02T10:09:31","date_gmt":"2025-04-02T13:09:31","guid":{"rendered":"https:\/\/guialimeira.com.br\/?p=29016"},"modified":"2025-04-02T10:09:31","modified_gmt":"2025-04-02T13:09:31","slug":"nilton-santos-acompanha-anuncio-de-obras-do-sesc-limeira","status":"publish","type":"post","link":"https:\/\/guialimeira.com.br\/news\/nilton-santos-acompanha-anuncio-de-obras-do-sesc-limeira\/","title":{"rendered":"Nilton Santos acompanha an\u00fancio de obras do Sesc Limeira"},"content":{"rendered":"\n<figure class=\"wp-block-gallery has-nested-images columns-default is-cropped wp-block-gallery-1 is-layout-flex wp-block-gallery-is-layout-flex\"><\/figure>\n \r\n<br><img data-recalc-dims=\"1\" decoding=\"async\" src=\"https:\/\/i0.wp.com\/guialimeira.com.br\/wp-content\/uploads\/2025\/04\/2025-04-02_nilton-santos-acompanha-anuncio-de-obras-do-sesc-limeira_1.jpg?w=696&#038;ssl=1\" \/><br><div>\n\t\t\t\t\t<p>O vereador Nilton Santos (Republicanos) acompanhou nesta ter\u00e7a-feira, 1\u00b0 de abril, a retomada das obras da unidade do Servi\u00e7o Social do Com\u00e9rcio (Sesc) em <a href=\"https:\/\/limeira.sp.leg.br\/\" rel=\"noopener\">Limeira (SP)<\/a>. A agenda foi cumprida ao lado do prefeito Murilo F\u00e9lix (Podemos), com\u00a0 vereadores e o diretor do Sesc S\u00e3o Paulo, Luiz Galina.\u00a0\u00a0<\/p><p>As instala\u00e7\u00f5es do Sesc em Limeira est\u00e3o sendo constru\u00eddas em um terreno na Via Lu\u00eds Varga, Gleba Beatriz, com previs\u00e3o de investimento de aproximadamente R$ 250 milh\u00f5es. O diretor Luiz Galina apresentou a maquete da unidade, detalhou os servi\u00e7os que ser\u00e3o ofertados \u00e0 popula\u00e7\u00e3o, bem como particularidades da estrutura que ser\u00e1 entregue em 2028. \u00a0<\/p><p><strong>Detalhes do projeto<\/strong><\/p><ul><li>\u00c1rea Constru\u00edda total: 32.285,11 m\u00b2<\/li><li>\u00c1rea Paisagismo: 9.439,77 m\u00b2<\/li><li>Teatro com 300 lugares<\/li><li>Anfiteatro externo<\/li><li>Espa\u00e7os de conviv\u00eancia<\/li><li>Biblioteca<\/li><li>Salas multiuso<\/li><li>Espa\u00e7o de tecnologia e artes<\/li><li>Exposi\u00e7\u00f5es<\/li><li>Programas: Curumim e Juventudes<\/li><li>Cl\u00ednica Odontol\u00f3gica com 4 consult\u00f3rios<\/li><li>Lanchonete com pratos porcionados<\/li><li>Salas de atividades f\u00edsicas<\/li><li>Gin\u00e1stica Multifuncional<\/li><li>Gin\u00e1sio poliesportivo<\/li><li>Conjunto aqu\u00e1tico coberto e descoberto<\/li><li>Pra\u00e7a Livre<\/li><li>Espa\u00e7os para brincar<\/li><li>\u00c1reas t\u00e9cnicas e de apoio<\/li><li>Certifica\u00e7\u00e3o ambiental do edif\u00edcio<\/li><\/ul><p><i>Do Gabinete Parlamentar \u2013 Vereador Nilton Santos (Republicanos)<\/i><\/p><p><i>*Fotos do Gabinete parlamentar<\/i><\/p><p><strong>As mat\u00e9rias de origem dos Gabinetes Parlamentares s\u00e3o de inteira\u00a0 responsabilidade dos parlamentares e de suas assessorias. S\u00e3o devidamente assinadas e n\u00e3o refletem, necessariamente, a opini\u00e3o institucional da C\u00e2mara Municipal de Limeira.<\/strong><\/p>\t\t\t\t<\/div>\r\n<br>\r\n<br><a href=\"https:\/\/www.limeira.sp.leg.br\/noticias\/view\/2025-04-02_nilton-santos-acompanha-anuncio-de-obras-do-sesc-limeira\" rel=\"noopener\">Informa\u00e7\u00f5es CML <\/a>","protected":false},"excerpt":{"rendered":"<p>O vereador Nilton Santos (Republicanos) acompanhou nesta ter\u00e7a-feira, 1\u00b0 de abril, a retomada das obras da unidade do Servi\u00e7o Social do Com\u00e9rcio (Sesc) em Limeira (SP). A agenda foi cumprida ao lado do prefeito Murilo F\u00e9lix (Podemos), com\u00a0 vereadores e o diretor do Sesc S\u00e3o Paulo, Luiz Galina.\u00a0\u00a0 As instala\u00e7\u00f5es do Sesc em Limeira est\u00e3o [&hellip;]<\/p>\n","protected":false},"author":1,"featured_media":29017,"comment_status":"open","ping_status":"open","sticky":false,"template":"","format":"standard","meta":{"_jetpack_newsletter_access":"","_jetpack_dont_email_post_to_subs":false,"_jetpack_newsletter_tier_id":0,"_jetpack_memberships_contains_paywalled_content":false,"_mbp_banners":[],"_jetpack_feature_clip_id":0,"_jetpack_memberships_contains_paid_content":false,"footnotes":"","jetpack_publicize_message":"","jetpack_publicize_feature_enabled":true,"jetpack_social_post_already_shared":true,"jetpack_social_options":{"image_generator_settings":{"template":"highway","default_image_id":0,"font":"","enabled":false},"version":2},"jetpack_post_was_ever_published":false},"categories":[19],"tags":[],"class_list":["post-29016","post","type-post","status-publish","format-standard","has-post-thumbnail","category-politica"],"jetpack_publicize_connections":[],"jetpack-related-posts":[],"jetpack_shortlink":"https:\/\/wp.me\/p7Eq1F-7y0","jetpack_sharing_enabled":true,"jetpack_featured_media_url":"https:\/\/i0.wp.com\/guialimeira.com.br\/news\/wp-content\/uploads\/2025\/04\/Nilton-Santos-acompanha-anuncio-de-obras-do-Sesc-Limeira.jpg?fit=1280%2C640&ssl=1","_links":{"self":[{"href":"https:\/\/guialimeira.com.br\/news\/wp-json\/wp\/v2\/posts\/29016","targetHints":{"allow":["GET"]}}],"collection":[{"href":"https:\/\/guialimeira.com.br\/news\/wp-json\/wp\/v2\/posts"}],"about":[{"href":"https:\/\/guialimeira.com.br\/news\/wp-json\/wp\/v2\/types\/post"}],"author":[{"embeddable":true,"href":"https:\/\/guialimeira.com.br\/news\/wp-json\/wp\/v2\/users\/1"}],"replies":[{"embeddable":true,"href":"https:\/\/guialimeira.com.br\/news\/wp-json\/wp\/v2\/comments?post=29016"}],"version-history":[{"count":1,"href":"https:\/\/guialimeira.com.br\/news\/wp-json\/wp\/v2\/posts\/29016\/revisions"}],"predecessor-version":[{"id":29018,"href":"https:\/\/guialimeira.com.br\/news\/wp-json\/wp\/v2\/posts\/29016\/revisions\/29018"}],"wp:featuredmedia":[{"embeddable":true,"href":"https:\/\/guialimeira.com.br\/news\/wp-json\/wp\/v2\/media\/29017"}],"wp:attachment":[{"href":"https:\/\/guialimeira.com.br\/news\/wp-json\/wp\/v2\/media?parent=29016"}],"wp:term":[{"taxonomy":"category","embeddable":true,"href":"https:\/\/guialimeira.com.br\/news\/wp-json\/wp\/v2\/categories?post=29016"},{"taxonomy":"post_tag","embeddable":true,"href":"https:\/\/guialimeira.com.br\/news\/wp-json\/wp\/v2\/tags?post=29016"}],"curies":[{"name":"wp","href":"https:\/\/api.w.org\/{rel}","templated":true}]}}