{"id":28990,"date":"2025-04-01T23:51:26","date_gmt":"2025-04-02T02:51:26","guid":{"rendered":"https:\/\/guialimeira.com.br\/?p=28990"},"modified":"2025-04-01T23:51:26","modified_gmt":"2025-04-02T02:51:26","slug":"paraguai-chama-embaixadores-e-cobra-explicacao-apos-espionagem-da-abin","status":"publish","type":"post","link":"https:\/\/guialimeira.com.br\/news\/paraguai-chama-embaixadores-e-cobra-explicacao-apos-espionagem-da-abin\/","title":{"rendered":"Paraguai chama embaixadores e cobra explica\u00e7\u00e3o ap\u00f3s espionagem da Abin"},"content":{"rendered":"\n<figure class=\"wp-block-gallery has-nested-images columns-default is-cropped wp-block-gallery-1 is-layout-flex wp-block-gallery-is-layout-flex\">\n<figure class=\"wp-block-image size-large\"><\/figure>\n\t\t\t\t\t\n<figure class=\"wp-block-image size-large\"><img loading=\"lazy\" decoding=\"async\" width=\"1\" height=\"1\" data-attachment-id=\"28989\" data-permalink=\"https:\/\/guialimeira.com.br\/news\/paraguai-chama-embaixadores-e-cobra-explicacao-apos-espionagem-da-abin-2\/\" data-orig-file=\"https:\/\/i0.wp.com\/guialimeira.com.br\/news\/wp-content\/uploads\/2025\/04\/1743562283_21_ebc.gif?fit=1%2C1&amp;ssl=1\" data-orig-size=\"1,1\" data-comments-opened=\"1\" data-image-meta=\"{&quot;aperture&quot;:&quot;0&quot;,&quot;credit&quot;:&quot;&quot;,&quot;camera&quot;:&quot;&quot;,&quot;caption&quot;:&quot;&quot;,&quot;created_timestamp&quot;:&quot;0&quot;,&quot;copyright&quot;:&quot;&quot;,&quot;focal_length&quot;:&quot;0&quot;,&quot;iso&quot;:&quot;0&quot;,&quot;shutter_speed&quot;:&quot;0&quot;,&quot;title&quot;:&quot;&quot;,&quot;orientation&quot;:&quot;0&quot;}\" data-image-title=\"Paraguai chama embaixadores e cobra explica\u00e7\u00e3o ap\u00f3s espionagem da Abin\" data-image-description=\"\" data-image-caption=\"\" data-large-file=\"https:\/\/i0.wp.com\/guialimeira.com.br\/news\/wp-content\/uploads\/2025\/04\/1743562283_21_ebc.gif?fit=1%2C1&amp;ssl=1\" data-id=\"28989\" src=\"https:\/\/i0.wp.com\/guialimeira.com.br\/wp-content\/uploads\/2025\/04\/1743562283_21_ebc.gif?resize=1%2C1&amp;ssl=1\" alt=\"\" class=\"wp-image-28989\" \/><\/figure>\n\t\t\t\t\t<\/figure>\n \r\n<br><div>\n                    <p>O governo do <strong>Paraguai cobrou nesta ter\u00e7a-feira (1\u00ba) explica\u00e7\u00f5es do Brasil a respeito de uma\u00a0opera\u00e7\u00e3o de intelig\u00eancia promovida pela Ag\u00eancia Brasileira de Intelig\u00eancia (Abin)<\/strong> para a <strong>obten\u00e7\u00e3o de informa\u00e7\u00f5es sigilosas de autoridades paraguaias envolvidas em negocia\u00e7\u00f5es sobre a usina de Itaipu<\/strong>, de propriedade binacional.<img data-recalc-dims=\"1\" decoding=\"async\" src=\"https:\/\/i0.wp.com\/guialimeira.com.br\/wp-content\/uploads\/2025\/04\/1743562283_857_ebc.png?w=696&#038;ssl=1\" style=\"width:1px;height:1px\" \/><img data-recalc-dims=\"1\" decoding=\"async\" src=\"https:\/\/i0.wp.com\/guialimeira.com.br\/wp-content\/uploads\/2025\/04\/1743562283_21_ebc.gif?w=696&#038;ssl=1\" style=\"width:1px;height:1px\" \/><\/p>\n\n<p>Em comunicado oficial, o <strong>Paraguai anunciou a convoca\u00e7\u00e3o, &#8220;para consultas imediatas&#8221;, do seu embaixador no Brasil, Juan Manuel Delgadillo<\/strong>, &#8220;a fim de que informe sobre os aspectos relacionados \u00e0 a\u00e7\u00e3o de intelig\u00eancia em assuntos do governo paraguaio&#8221;.<\/p>\n\n<p>O<strong> monitoramento teria ocorrido entre junho de 2022 e mar\u00e7o de 2023<\/strong>. O caso foi relevado inicialmente pelo site UOL.<\/p>\n\n<p>Em nota oficial, emitida nessa segunda-feira (31), o\u00a0<strong>Itamaraty reconhece que a iniciativa de monitoramento\u00a0partiu da gest\u00e3o anterior, do ex-presidente Jair Bolsonaro, e foi cessada t\u00e3o logo o novo governo tomou conhecimento<\/strong>.<\/p>\n\n<p>Paraguai tamb\u00e9m anunciou\u00a0a <strong>convoca\u00e7\u00e3o do embaixador do Brasil no Paraguai, Jos\u00e9 Antonio Marcondes, para que ofere\u00e7a explica\u00e7\u00f5es da parte brasileira sobre a ocorr\u00eancia<\/strong>. Na linguagem diplom\u00e1tica, a convoca\u00e7\u00e3o de embaixadores para consultas expressa um descontentamento formal de um pa\u00eds com outro.<\/p>\n\n<blockquote>\n<p>&#8220;O MITIC [Minist\u00e9rio de Tecnologias da Informa\u00e7\u00e3o e Comunica\u00e7\u00f5es] iniciou uma investiga\u00e7\u00e3o detalhada dos eventos ocorridos entre junho de 2022 e mar\u00e7o de 2023, em vista que n\u00e3o existiu nenhum reporte do governo anterior a respeito&#8221;, diz o comunicado paraguaio.<\/p>\n<\/blockquote>\n\n<p>A outra decis\u00e3o anunciada pelo <strong>Paraguai \u00e9 o congelamento das negocia\u00e7\u00f5es a respeito da revis\u00e3o do Anexo C do Tratado de Itaipu<\/strong>,\u00a0usina hidrel\u00e9trica binacional constru\u00edda e administrada conjuntamente por ambos os pa\u00edses.<\/p>\n\n<p>O <strong>documento trata dos valores da energia excedente gerada pela usina e vendida ao Brasil<\/strong> pelo Paraguai. Os dois pa\u00edses <a href=\"https:\/\/agenciabrasil.ebc.com.br\/politica\/noticia\/2024-01\/brasil-e-paraguai-nao-chegam-acordo-sobre-tarifa-de-itaipu\" target=\"_blank\" rel=\"noopener\">mant\u00eam diverg\u00eancias sobre esses reajustes<\/a>.<\/p>\n\n<h2>Governo\u00a0<\/h2>\n\n<p>A decis\u00e3o do Paraguai foi tomada um dia depois de o\u00a0Pal\u00e1cio do Itamaraty <a href=\"https:\/\/www.gov.br\/mre\/pt-br\/canais_atendimento\/imprensa\/notas-a-imprensa\/esclarecimento-sobre-acao-de-inteligencia\" target=\"_blank\" rel=\"noopener\">emitir nota oficial<\/a> em que <strong>desmente que o atual governo tenha determinado alguma a\u00e7\u00e3o de intelig\u00eancia contra o pa\u00eds vizinho<\/strong>.\u00a0<\/p>\n\n<blockquote>\n<p>&#8220;O governo do Presidente Lula desmente categoricamente qualquer envolvimento em a\u00e7\u00e3o de intelig\u00eancia, noticiada hoje, contra o Paraguai, pa\u00eds membro do Mercosul com o qual o Brasil mant\u00e9m rela\u00e7\u00f5es hist\u00f3ricas e uma estreita parceria. A citada opera\u00e7\u00e3o foi autorizada pelo governo anterior, em junho de 2022, e tornada sem efeito pelo diretor interino da Abin em 27 de mar\u00e7o de 2023, t\u00e3o logo a atual gest\u00e3o tomou conhecimento do fato&#8221;, diz a nota.<\/p>\n<\/blockquote>\n\n<p>O atual diretor-geral da Abin, Luiz Fernando Corr\u00eaa, de acordo com o Itamaraty, estava, naquele momento, em processo de aprova\u00e7\u00e3o de seu nome no Senado Federal, e somente assumiu o cargo de forma definitiva em 29 de maio de 2023. Ele era o interino da ag\u00eancia quando a a\u00e7\u00e3o foi interrompida, cerca de dois meses ap\u00f3s a posse.<\/p>\n\n<blockquote>\n<p>&#8220;O governo do presidente Lula reitera seu compromisso com o respeito e o di\u00e1logo transparente como elementos fundamentais nas rela\u00e7\u00f5es diplom\u00e1ticas com o Paraguai e com todos seus parceiros na regi\u00e3o e no mundo&#8221;, encerra a nota do Itamaraty.<\/p>\n<\/blockquote>\n\n      <!-- Relacionada -->\n            <!-- Relacionada -->\n    <\/div>\r\n<br>\r\n<br><a href=\"https:\/\/agenciabrasil.ebc.com.br\/politica\/noticia\/2025-04\/paraguai-chama-embaixadores-e-pede-explicacao-apos-espionagem-da-abin\" rel=\"noopener\">Ag\u00eancia Brasil<\/a>","protected":false},"excerpt":{"rendered":"<p>O governo do Paraguai cobrou nesta ter\u00e7a-feira (1\u00ba) explica\u00e7\u00f5es do Brasil a respeito de uma\u00a0opera\u00e7\u00e3o de intelig\u00eancia promovida pela Ag\u00eancia Brasileira de Intelig\u00eancia (Abin) para a obten\u00e7\u00e3o de informa\u00e7\u00f5es sigilosas de autoridades paraguaias envolvidas em negocia\u00e7\u00f5es sobre a usina de Itaipu, de propriedade binacional. Em comunicado oficial, o Paraguai anunciou a convoca\u00e7\u00e3o, &#8220;para consultas imediatas&#8221;, [&hellip;]<\/p>\n","protected":false},"author":1,"featured_media":28991,"comment_status":"open","ping_status":"open","sticky":false,"template":"","format":"standard","meta":{"_jetpack_newsletter_access":"","_jetpack_dont_email_post_to_subs":false,"_jetpack_newsletter_tier_id":0,"_jetpack_memberships_contains_paywalled_content":false,"_mbp_banners":[],"_jetpack_feature_clip_id":0,"_jetpack_memberships_contains_paid_content":false,"footnotes":"","jetpack_publicize_message":"","jetpack_publicize_feature_enabled":true,"jetpack_social_post_already_shared":true,"jetpack_social_options":{"image_generator_settings":{"template":"highway","default_image_id":0,"font":"","enabled":false},"version":2},"jetpack_post_was_ever_published":false},"categories":[19],"tags":[],"class_list":["post-28990","post","type-post","status-publish","format-standard","has-post-thumbnail","category-politica"],"jetpack_publicize_connections":[],"jetpack-related-posts":[],"jetpack_shortlink":"https:\/\/wp.me\/p7Eq1F-7xA","jetpack_sharing_enabled":true,"jetpack_featured_media_url":"https:\/\/i0.wp.com\/guialimeira.com.br\/news\/wp-content\/uploads\/2025\/04\/Paraguai-chama-embaixadores-e-cobra-explicacao-apos-espionagem-da-Abin.jpg?fit=1600%2C800&ssl=1","_links":{"self":[{"href":"https:\/\/guialimeira.com.br\/news\/wp-json\/wp\/v2\/posts\/28990","targetHints":{"allow":["GET"]}}],"collection":[{"href":"https:\/\/guialimeira.com.br\/news\/wp-json\/wp\/v2\/posts"}],"about":[{"href":"https:\/\/guialimeira.com.br\/news\/wp-json\/wp\/v2\/types\/post"}],"author":[{"embeddable":true,"href":"https:\/\/guialimeira.com.br\/news\/wp-json\/wp\/v2\/users\/1"}],"replies":[{"embeddable":true,"href":"https:\/\/guialimeira.com.br\/news\/wp-json\/wp\/v2\/comments?post=28990"}],"version-history":[{"count":1,"href":"https:\/\/guialimeira.com.br\/news\/wp-json\/wp\/v2\/posts\/28990\/revisions"}],"predecessor-version":[{"id":28992,"href":"https:\/\/guialimeira.com.br\/news\/wp-json\/wp\/v2\/posts\/28990\/revisions\/28992"}],"wp:featuredmedia":[{"embeddable":true,"href":"https:\/\/guialimeira.com.br\/news\/wp-json\/wp\/v2\/media\/28991"}],"wp:attachment":[{"href":"https:\/\/guialimeira.com.br\/news\/wp-json\/wp\/v2\/media?parent=28990"}],"wp:term":[{"taxonomy":"category","embeddable":true,"href":"https:\/\/guialimeira.com.br\/news\/wp-json\/wp\/v2\/categories?post=28990"},{"taxonomy":"post_tag","embeddable":true,"href":"https:\/\/guialimeira.com.br\/news\/wp-json\/wp\/v2\/tags?post=28990"}],"curies":[{"name":"wp","href":"https:\/\/api.w.org\/{rel}","templated":true}]}}