{"id":2898,"date":"2024-04-26T08:32:41","date_gmt":"2024-04-26T11:32:41","guid":{"rendered":"https:\/\/guialimeira.com.br\/2024\/04\/26\/gabriel-david-e-eleito-presidente-da-liga-escolas-de-samba-do-rio\/"},"modified":"2024-04-26T08:32:41","modified_gmt":"2024-04-26T11:32:41","slug":"gabriel-david-e-eleito-presidente-da-liga-escolas-de-samba-do-rio","status":"publish","type":"post","link":"https:\/\/guialimeira.com.br\/news\/gabriel-david-e-eleito-presidente-da-liga-escolas-de-samba-do-rio\/","title":{"rendered":"Gabriel David \u00e9 eleito presidente da liga escolas de samba do Rio"},"content":{"rendered":"<p> <br \/>\n<\/p>\n<div>\n<p>O empres\u00e1rio Gabriel David, de 26 anos, foi eleito o novo presidente da Liga Independente das Escolas de Samba do Rio de Janeiro (Liesa), em reuni\u00e3o plen\u00e1ria realizada na noite desta quinta-feira (25).<img data-recalc-dims=\"1\" decoding=\"async\" src=\"https:\/\/i0.wp.com\/agenciabrasil.ebc.com.br\/ebc.png?w=696&#038;ssl=1\" style=\"width:1px; height:1px; display:inline;\"\/><img data-recalc-dims=\"1\" decoding=\"async\" src=\"https:\/\/i0.wp.com\/agenciabrasil.ebc.com.br\/ebc.gif?w=696&#038;ssl=1\" style=\"width:1px; height:1px; display:inline;\"\/><\/p>\n<p>Antes de ser eleito, ele atuava como diretor de marketing da Liesa. Gabriel Davi \u00e9 filho do presidente de honra e patrono da Beija-Flor de Nil\u00f3polis, o contraventor Aniz Abrah\u00e3o David, o An\u00edsio.<\/p>\n<p>O empres\u00e1rio \u00e9 o mais jovem a assumir o cargo que vinha sendo exercido por Jorge Perlingeiro desde 2021. A posse acontece nesta sexta-feira (26), quando ser\u00e1 divulgada a nova diretoria para um mandato de tr\u00eas anos.<\/p>\n<p>Um dos nomes j\u00e1 confirmados para compor a nova diretoria \u00e9 o da rainha de bateria da Esta\u00e7\u00e3o Primeira e Mangueira, Evelyn Bastos, Ela assumir\u00e1 o cargo de diretora Cultural e ser\u00e1 a primeira mulher a assumir um cargo na dire\u00e7\u00e3o da Liesa.<\/p>\n<\/p><\/div>\n<p><br \/>\n<br \/><a href=\"https:\/\/agenciabrasil.ebc.com.br\/geral\/noticia\/2024-04\/gabriel-david-e-eleito-presidente-da-liga-escolas-de-samba-do-rio\" rel=\"noopener\">Ag\u00eancia Brasil<\/a><\/p>\n","protected":false},"excerpt":{"rendered":"<p>O empres\u00e1rio Gabriel David, de 26 anos, foi eleito o novo presidente da Liga Independente das Escolas de Samba do Rio de Janeiro (Liesa), em reuni\u00e3o plen\u00e1ria realizada na noite desta quinta-feira (25). Antes de ser eleito, ele atuava como diretor de marketing da Liesa. Gabriel Davi \u00e9 filho do presidente de honra e patrono [&hellip;]<\/p>\n","protected":false},"author":1,"featured_media":269,"comment_status":"open","ping_status":"open","sticky":false,"template":"","format":"standard","meta":{"_jetpack_newsletter_access":"","_jetpack_dont_email_post_to_subs":false,"_jetpack_newsletter_tier_id":0,"_jetpack_memberships_contains_paywalled_content":false,"_mbp_banners":[],"_jetpack_feature_clip_id":0,"_jetpack_memberships_contains_paid_content":false,"footnotes":"","jetpack_publicize_message":"","jetpack_publicize_feature_enabled":true,"jetpack_social_post_already_shared":true,"jetpack_social_options":{"image_generator_settings":{"template":"highway","default_image_id":0,"font":"","enabled":false},"version":2},"jetpack_post_was_ever_published":false},"categories":[1],"tags":[],"class_list":["post-2898","post","type-post","status-publish","format-standard","has-post-thumbnail","category-geral"],"jetpack_publicize_connections":[],"jetpack-related-posts":[],"jetpack_shortlink":"https:\/\/wp.me\/p7Eq1F-KK","jetpack_sharing_enabled":true,"jetpack_featured_media_url":"https:\/\/i0.wp.com\/guialimeira.com.br\/news\/wp-content\/uploads\/2024\/03\/thumb_1200x600_agbrasil.png?fit=1200%2C600&ssl=1","_links":{"self":[{"href":"https:\/\/guialimeira.com.br\/news\/wp-json\/wp\/v2\/posts\/2898","targetHints":{"allow":["GET"]}}],"collection":[{"href":"https:\/\/guialimeira.com.br\/news\/wp-json\/wp\/v2\/posts"}],"about":[{"href":"https:\/\/guialimeira.com.br\/news\/wp-json\/wp\/v2\/types\/post"}],"author":[{"embeddable":true,"href":"https:\/\/guialimeira.com.br\/news\/wp-json\/wp\/v2\/users\/1"}],"replies":[{"embeddable":true,"href":"https:\/\/guialimeira.com.br\/news\/wp-json\/wp\/v2\/comments?post=2898"}],"version-history":[{"count":0,"href":"https:\/\/guialimeira.com.br\/news\/wp-json\/wp\/v2\/posts\/2898\/revisions"}],"wp:featuredmedia":[{"embeddable":true,"href":"https:\/\/guialimeira.com.br\/news\/wp-json\/wp\/v2\/media\/269"}],"wp:attachment":[{"href":"https:\/\/guialimeira.com.br\/news\/wp-json\/wp\/v2\/media?parent=2898"}],"wp:term":[{"taxonomy":"category","embeddable":true,"href":"https:\/\/guialimeira.com.br\/news\/wp-json\/wp\/v2\/categories?post=2898"},{"taxonomy":"post_tag","embeddable":true,"href":"https:\/\/guialimeira.com.br\/news\/wp-json\/wp\/v2\/tags?post=2898"}],"curies":[{"name":"wp","href":"https:\/\/api.w.org\/{rel}","templated":true}]}}