{"id":28953,"date":"2025-04-01T18:53:29","date_gmt":"2025-04-01T21:53:29","guid":{"rendered":"https:\/\/guialimeira.com.br\/?p=28953"},"modified":"2025-04-01T18:53:29","modified_gmt":"2025-04-01T21:53:29","slug":"ccjr-analisa-17-projetos-e-elabora-tres-pareceres-favoraveis","status":"publish","type":"post","link":"https:\/\/guialimeira.com.br\/news\/ccjr-analisa-17-projetos-e-elabora-tres-pareceres-favoraveis\/","title":{"rendered":"CCJR analisa 17 projetos e elabora tr\u00eas pareceres favor\u00e1veis"},"content":{"rendered":"\n<figure class=\"wp-block-gallery has-nested-images columns-default is-cropped wp-block-gallery-1 is-layout-flex wp-block-gallery-is-layout-flex\"><\/figure>\n \r\n<br><img data-recalc-dims=\"1\" decoding=\"async\" src=\"https:\/\/i0.wp.com\/guialimeira.com.br\/wp-content\/uploads\/2025\/04\/2025-04-01_ccjr-analisa-17-projetos-e-elabora-tres-pareceres-favoraveis_3.jpg?w=696&#038;ssl=1\" \/><br><div>\n\t\t\t\t\t<p>Na reuni\u00e3o desta ter\u00e7a-feira, 1\u00ba de abril, a Comiss\u00e3o de Constitui\u00e7\u00e3o, Justi\u00e7a e Reda\u00e7\u00e3o (CCJR) da C\u00e2mara de Limeira analisou 17 projetos que estavam na <a href=\"https:\/\/consulta.limeira.sp.leg.br\/Sessoes\/Sessao\/3499\" rel=\"noopener\">pauta<\/a>. Desse total, tr\u00eas receberam pareceres favor\u00e1veis e seguem a tramita\u00e7\u00e3o para as demais comiss\u00f5es permanentes da Casa. As outras, conforme o registro em <a href=\"https:\/\/consulta.limeira.sp.leg.br\/Sessoes\/Documento\/372890\" rel=\"noopener\">ata<\/a>, permanecem em estudo ou foram encaminhadas para a Procuradoria Legislativa, para elabora\u00e7\u00e3o de parecer.<\/p><p>A CCJR se manifesta sobre o aspecto constitucional, legal, regimental, gramatical e l\u00f3gico de todas as proposi\u00e7\u00f5es que tramitam na C\u00e2mara.\u00a0 S\u00e3o membros do colegiado os vereadores Mara Isa Mattos Silveira (PL), presidente; Anderson Pereira (PSD), vice-presidente; e Mariana Calsa (MDB), secret\u00e1ria. As reuni\u00f5es acontecem semanalmente \u00e0s ter\u00e7as-feiras \u00e0s 16h.<\/p><p>Confira os projetos com pareceres favor\u00e1veis:<\/p><p><a href=\"https:\/\/consulta.limeira.sp.leg.br\/Documentos\/Documento\/362889\" rel=\"noopener\">Projeto de Decreto Legislativo N\u00ba 39\/2024<\/a>, da ex-vereadora Const\u00e2ncia F\u00e9lix, concede o T\u00edtulo de Cidad\u00e3 Limeirense \u00e0 Renata Abreu, pelos relevantes servi\u00e7os prestados \u00e0 cidade de Limeira.<\/p><p><a href=\"https:\/\/consulta.limeira.sp.leg.br\/Documentos\/Documento\/370359\" rel=\"noopener\">Projeto de Lei N\u00ba 42\/2025<\/a>, da vereadora Lu Bogo (PL), altera a reda\u00e7\u00e3o do caput do artigo 18 da <a href=\"https:\/\/legislacao.limeira.sp.leg.br\/limeira-sp?Pagina=1&amp;Pesquisa=Avancada&amp;TipoId=0&amp;Numero=5593&amp;Ano=2015&amp;Data=&amp;NumeroFinal=&amp;AnoFinal=&amp;DataFinal=&amp;SituacaoId=0&amp;ClassificacaoId=0&amp;IniciativaTipoId=0&amp;IniciativaEntidadeId=0&amp;EmentaAssunto=&amp;NoTexto=false\" rel=\"noopener\">Lei Ordin\u00e1ria N\u00ba 5.593\/2015<\/a>, que disp\u00f5e sobre a institui\u00e7\u00e3o de Programa Assistencial de Benef\u00edcios Eventuais no munic\u00edpio, para englobar as pessoas com medida protetiva e que tenham a renda de at\u00e9 tr\u00eas sal\u00e1rios m\u00ednimos como benefici\u00e1rias.\u00a0<\/p><p><a href=\"https:\/\/consulta.limeira.sp.leg.br\/Documentos\/Documento\/369676\" rel=\"noopener\">Projeto de Lei N\u00ba 38\/202<\/a>, do vereador M\u00e1rcio do Estacionamento (DC), disp\u00f5e sobre diretrizes e regras para a institui\u00e7\u00e3o do Programa de Coleta Seletiva Cont\u00ednua de Res\u00edduos Eletr\u00f4nicos e Tecnol\u00f3gicos.<\/p>\t\t\t\t<\/div>\r\n<br>\r\n<br><a href=\"https:\/\/www.limeira.sp.leg.br\/noticias\/view\/2025-04-01_ccjr-analisa-17-projetos-e-elabora-tres-pareceres-favoraveis\" rel=\"noopener\">Informa\u00e7\u00f5es CML <\/a>","protected":false},"excerpt":{"rendered":"<p>Na reuni\u00e3o desta ter\u00e7a-feira, 1\u00ba de abril, a Comiss\u00e3o de Constitui\u00e7\u00e3o, Justi\u00e7a e Reda\u00e7\u00e3o (CCJR) da C\u00e2mara de Limeira analisou 17 projetos que estavam na pauta. Desse total, tr\u00eas receberam pareceres favor\u00e1veis e seguem a tramita\u00e7\u00e3o para as demais comiss\u00f5es permanentes da Casa. As outras, conforme o registro em ata, permanecem em estudo ou foram [&hellip;]<\/p>\n","protected":false},"author":1,"featured_media":28954,"comment_status":"open","ping_status":"open","sticky":false,"template":"","format":"standard","meta":{"_jetpack_newsletter_access":"","_jetpack_dont_email_post_to_subs":false,"_jetpack_newsletter_tier_id":0,"_jetpack_memberships_contains_paywalled_content":false,"_mbp_banners":[],"_jetpack_feature_clip_id":0,"_jetpack_memberships_contains_paid_content":false,"footnotes":"","jetpack_publicize_message":"","jetpack_publicize_feature_enabled":true,"jetpack_social_post_already_shared":true,"jetpack_social_options":{"image_generator_settings":{"template":"highway","default_image_id":0,"font":"","enabled":false},"version":2},"jetpack_post_was_ever_published":false},"categories":[19],"tags":[],"class_list":["post-28953","post","type-post","status-publish","format-standard","has-post-thumbnail","category-politica"],"jetpack_publicize_connections":[],"jetpack-related-posts":[],"jetpack_shortlink":"https:\/\/wp.me\/p7Eq1F-7wZ","jetpack_sharing_enabled":true,"jetpack_featured_media_url":"https:\/\/i0.wp.com\/guialimeira.com.br\/news\/wp-content\/uploads\/2025\/04\/CCJR-analisa-17-projetos-e-elabora-tres-pareceres-favoraveis.jpg?fit=1280%2C640&ssl=1","_links":{"self":[{"href":"https:\/\/guialimeira.com.br\/news\/wp-json\/wp\/v2\/posts\/28953","targetHints":{"allow":["GET"]}}],"collection":[{"href":"https:\/\/guialimeira.com.br\/news\/wp-json\/wp\/v2\/posts"}],"about":[{"href":"https:\/\/guialimeira.com.br\/news\/wp-json\/wp\/v2\/types\/post"}],"author":[{"embeddable":true,"href":"https:\/\/guialimeira.com.br\/news\/wp-json\/wp\/v2\/users\/1"}],"replies":[{"embeddable":true,"href":"https:\/\/guialimeira.com.br\/news\/wp-json\/wp\/v2\/comments?post=28953"}],"version-history":[{"count":1,"href":"https:\/\/guialimeira.com.br\/news\/wp-json\/wp\/v2\/posts\/28953\/revisions"}],"predecessor-version":[{"id":28955,"href":"https:\/\/guialimeira.com.br\/news\/wp-json\/wp\/v2\/posts\/28953\/revisions\/28955"}],"wp:featuredmedia":[{"embeddable":true,"href":"https:\/\/guialimeira.com.br\/news\/wp-json\/wp\/v2\/media\/28954"}],"wp:attachment":[{"href":"https:\/\/guialimeira.com.br\/news\/wp-json\/wp\/v2\/media?parent=28953"}],"wp:term":[{"taxonomy":"category","embeddable":true,"href":"https:\/\/guialimeira.com.br\/news\/wp-json\/wp\/v2\/categories?post=28953"},{"taxonomy":"post_tag","embeddable":true,"href":"https:\/\/guialimeira.com.br\/news\/wp-json\/wp\/v2\/tags?post=28953"}],"curies":[{"name":"wp","href":"https:\/\/api.w.org\/{rel}","templated":true}]}}