{"id":28947,"date":"2025-04-01T18:41:03","date_gmt":"2025-04-01T21:41:03","guid":{"rendered":"https:\/\/guialimeira.com.br\/2025\/04\/01\/cidade-de-sp-confirma-segunda-morte-por-dengue-no-ano\/"},"modified":"2025-04-01T18:41:03","modified_gmt":"2025-04-01T21:41:03","slug":"cidade-de-sp-confirma-segunda-morte-por-dengue-no-ano","status":"publish","type":"post","link":"https:\/\/guialimeira.com.br\/news\/cidade-de-sp-confirma-segunda-morte-por-dengue-no-ano\/","title":{"rendered":"Cidade de SP confirma segunda morte por dengue no ano"},"content":{"rendered":"<p> <br \/>\n<\/p>\n<div>\n<p><strong>A Secretaria Municipal da Sa\u00fade de S\u00e3o Paulo confirmou a segunda morte por dengue neste ano na capital paulista<\/strong>. De acordo com a pasta, a v\u00edtima \u00e9 um homem de 69 anos, com comorbidades, e que vivia na Mooca, na zona leste paulistana. Ele come\u00e7ou a ter sintomas da doen\u00e7a no dia 7 de fevereiro e morreu cinco dias depois.<img data-recalc-dims=\"1\" decoding=\"async\" src=\"https:\/\/i0.wp.com\/agenciabrasil.ebc.com.br\/ebc.png?w=696&#038;ssl=1\" style=\"width:1px; height:1px; display:inline;\"\/><img data-recalc-dims=\"1\" decoding=\"async\" src=\"https:\/\/i0.wp.com\/agenciabrasil.ebc.com.br\/ebc.gif?w=696&#038;ssl=1\" style=\"width:1px; height:1px; display:inline;\"\/><\/p>\n<p>Ap\u00f3s esse caso, a secretaria intensificou as a\u00e7\u00f5es de combate ao mosquito transmissor nesta regi\u00e3o.<\/p>\n<p><strong>A cidade de S\u00e3o Paulo registrou 21.625 casos de dengue neste ano, com duas mortes.<\/strong> A primeira delas foi de <a href=\"https:\/\/agenciabrasil.ebc.com.br\/saude\/noticia\/2025-02\/menina-e-primeira-morte-por-dengue-confirmada-na-capital-de-sao-paulo\" target=\"_blank\" rel=\"noopener\">uma menina de 11 anos<\/a>, moradora da regi\u00e3o de Hermelino Matarazzo, tamb\u00e9m na zona leste da capital. Ela morreu no dia 30 de janeiro.<\/p>\n<p><strong>Em todo o estado de S\u00e3o Paulo foram confirmados 370.533 casos da doen\u00e7a em 2025, com 344 \u00f3bitos.<\/strong> Outros 110.839 casos est\u00e3o em investiga\u00e7\u00e3o. A maior parte dos diagn\u00f3sticos\u00a0e dos \u00f3bitos do estado ocorreram na regi\u00e3o de S\u00e3o Jos\u00e9 do Rio Preto, com mais de 81 mil casos confirmados e 101 mortes no ano.<\/p>\n<h2>Dengue<\/h2>\n<p>A dengue \u00e9 uma doen\u00e7a causada por um v\u00edrus\u00a0transmitido pelo mosquito <em>Aedes aegypti<\/em>. Os sintomas mais comuns da doen\u00e7a s\u00e3o febre alta, dor atr\u00e1s dos olhos, dor no corpo, manchas avermelhadas na pele, coceira, n\u00e1useas e dores musculares e articulares. Uma das principais formas de preven\u00e7\u00e3o da doen\u00e7a \u00e9 o combate ao mosquito transmissor. Isso pode ser feito eliminando \u00e1gua parada ou objetos que acumulem \u00e1gua como pratos de plantas ou pneus usados.<\/p>\n<p>      <!-- Relacionada --><\/p>\n<p>            <!-- Relacionada -->\n    <\/div>\n<p><br \/>\n<br \/><a href=\"https:\/\/agenciabrasil.ebc.com.br\/saude\/noticia\/2025-04\/cidade-de-sp-confirma-segunda-morte-por-dengue-no-ano\" rel=\"noopener\">Ag\u00eancia Brasil <\/a><\/p>\n","protected":false},"excerpt":{"rendered":"<p>A Secretaria Municipal da Sa\u00fade de S\u00e3o Paulo confirmou a segunda morte por dengue neste ano na capital paulista. De acordo com a pasta, a v\u00edtima \u00e9 um homem de 69 anos, com comorbidades, e que vivia na Mooca, na zona leste paulistana. Ele come\u00e7ou a ter sintomas da doen\u00e7a no dia 7 de fevereiro [&hellip;]<\/p>\n","protected":false},"author":1,"featured_media":28948,"comment_status":"open","ping_status":"open","sticky":false,"template":"","format":"standard","meta":{"_jetpack_newsletter_access":"","_jetpack_dont_email_post_to_subs":false,"_jetpack_newsletter_tier_id":0,"_jetpack_memberships_contains_paywalled_content":false,"_mbp_banners":[],"_jetpack_feature_clip_id":0,"_jetpack_memberships_contains_paid_content":false,"footnotes":"","jetpack_publicize_message":"","jetpack_publicize_feature_enabled":true,"jetpack_social_post_already_shared":true,"jetpack_social_options":{"image_generator_settings":{"template":"highway","default_image_id":0,"font":"","enabled":false},"version":2},"jetpack_post_was_ever_published":false},"categories":[15],"tags":[],"class_list":["post-28947","post","type-post","status-publish","format-standard","has-post-thumbnail","category-saude"],"jetpack_publicize_connections":[],"jetpack-related-posts":[],"jetpack_shortlink":"https:\/\/wp.me\/p7Eq1F-7wT","jetpack_sharing_enabled":true,"jetpack_featured_media_url":"https:\/\/i0.wp.com\/guialimeira.com.br\/news\/wp-content\/uploads\/2025\/04\/acao_dengue_06.jpg?fit=1600%2C800&ssl=1","_links":{"self":[{"href":"https:\/\/guialimeira.com.br\/news\/wp-json\/wp\/v2\/posts\/28947","targetHints":{"allow":["GET"]}}],"collection":[{"href":"https:\/\/guialimeira.com.br\/news\/wp-json\/wp\/v2\/posts"}],"about":[{"href":"https:\/\/guialimeira.com.br\/news\/wp-json\/wp\/v2\/types\/post"}],"author":[{"embeddable":true,"href":"https:\/\/guialimeira.com.br\/news\/wp-json\/wp\/v2\/users\/1"}],"replies":[{"embeddable":true,"href":"https:\/\/guialimeira.com.br\/news\/wp-json\/wp\/v2\/comments?post=28947"}],"version-history":[{"count":0,"href":"https:\/\/guialimeira.com.br\/news\/wp-json\/wp\/v2\/posts\/28947\/revisions"}],"wp:featuredmedia":[{"embeddable":true,"href":"https:\/\/guialimeira.com.br\/news\/wp-json\/wp\/v2\/media\/28948"}],"wp:attachment":[{"href":"https:\/\/guialimeira.com.br\/news\/wp-json\/wp\/v2\/media?parent=28947"}],"wp:term":[{"taxonomy":"category","embeddable":true,"href":"https:\/\/guialimeira.com.br\/news\/wp-json\/wp\/v2\/categories?post=28947"},{"taxonomy":"post_tag","embeddable":true,"href":"https:\/\/guialimeira.com.br\/news\/wp-json\/wp\/v2\/tags?post=28947"}],"curies":[{"name":"wp","href":"https:\/\/api.w.org\/{rel}","templated":true}]}}