{"id":2893,"date":"2024-04-26T05:11:43","date_gmt":"2024-04-26T08:11:43","guid":{"rendered":"https:\/\/guialimeira.com.br\/2024\/04\/26\/acoes-de-prevencao-marcam-dia-mundial-em-memoria-as-vitimas-portal-do-municipio-de-piracicaba\/"},"modified":"2024-04-26T05:11:43","modified_gmt":"2024-04-26T08:11:43","slug":"acoes-de-prevencao-marcam-dia-mundial-em-memoria-as-vitimas-portal-do-municipio-de-piracicaba","status":"publish","type":"post","link":"https:\/\/guialimeira.com.br\/news\/acoes-de-prevencao-marcam-dia-mundial-em-memoria-as-vitimas-portal-do-municipio-de-piracicaba\/","title":{"rendered":"a\u00e7\u00f5es de preven\u00e7\u00e3o marcam\u00a0dia mundial\u00a0em mem\u00f3ria \u00e0s v\u00edtimas \u2013 Portal do Munic\u00edpio de Piracicaba"},"content":{"rendered":"<p> <br \/>\n<\/p>\n<div>\n<figure class=\"text-center\">\n<img data-recalc-dims=\"1\" width=\"696\" height=\"464\" src=\"https:\/\/i0.wp.com\/piracicaba.sp.gov.br\/wp-content\/uploads\/2024\/04\/Acao-visa-chamar-atencao-para-prevencao-de-acidentes-que-muitas-vezes-sao-evitaveis-principalmente-no-transito-1024x683.jpg?resize=696%2C464&#038;ssl=1\" class=\"img-fluid img-thumbnail border-1 wp-post-image\" alt=\"A\u00e7\u00e3o visa chamar aten\u00e7\u00e3o para preven\u00e7\u00e3o de acidentes que muitas vezes s\u00e3o evit\u00e1veis, principalmente no tr\u00e2nsito\" itemprop=\"image\" decoding=\"async\" fetchpriority=\"high\" srcset=\"https:\/\/piracicaba.sp.gov.br\/wp-content\/uploads\/2024\/04\/Acao-visa-chamar-atencao-para-prevencao-de-acidentes-que-muitas-vezes-sao-evitaveis-principalmente-no-transito-1024x683.jpg 1024w, https:\/\/piracicaba.sp.gov.br\/wp-content\/uploads\/2024\/04\/Acao-visa-chamar-atencao-para-prevencao-de-acidentes-que-muitas-vezes-sao-evitaveis-principalmente-no-transito-300x200.jpg 300w, https:\/\/piracicaba.sp.gov.br\/wp-content\/uploads\/2024\/04\/Acao-visa-chamar-atencao-para-prevencao-de-acidentes-que-muitas-vezes-sao-evitaveis-principalmente-no-transito-768x512.jpg 768w, https:\/\/piracicaba.sp.gov.br\/wp-content\/uploads\/2024\/04\/Acao-visa-chamar-atencao-para-prevencao-de-acidentes-que-muitas-vezes-sao-evitaveis-principalmente-no-transito-1536x1024.jpg 1536w, https:\/\/piracicaba.sp.gov.br\/wp-content\/uploads\/2024\/04\/Acao-visa-chamar-atencao-para-prevencao-de-acidentes-que-muitas-vezes-sao-evitaveis-principalmente-no-transito-2048x1365.jpg 2048w\" sizes=\"(max-width: 1024px) 100vw, 1024px\"\/><figcaption class=\"text-center small fw-bold fst-italic mt-1\">A\u00e7\u00e3o visa chamar aten\u00e7\u00e3o para preven\u00e7\u00e3o de acidentes que muitas vezes s\u00e3o evit\u00e1veis, principalmente no tr\u00e2nsito<\/figcaption><\/figure>\n<p>Para marcar o Dia Mundial em Mem\u00f3ria \u00e0s V\u00edtimas de Acidentes e Doen\u00e7as Relacionadas ao Trabalho, que \u00e9 celebrado no dia 28 de abril, o Cerest (Centro de Refer\u00eancia em Sa\u00fade do Trabalhador) \u2013 vinculado \u00e0 Secretaria Municipal de Sa\u00fade \u2013 vai fazer a\u00e7\u00f5es educativas nos dias 29 e 30\/04 com apoio de sindicatos, entidades e empresas parceiras com o foco de conscientizar a popula\u00e7\u00e3o sobre a import\u00e2ncia da sa\u00fade e seguran\u00e7a no trabalho.<\/p>\n<p>De acordo com Clarice Bragantini, respons\u00e1vel pelo Cerest Piracicaba, a atividade \u00e9 alusiva ao Movimento Abril Verde, que busca fomentar pr\u00e1ticas que garantam um ambiente de trabalho seguro e saud\u00e1vel. \u201cAl\u00e9m disso, busca-se chamar a aten\u00e7\u00e3o para a preven\u00e7\u00e3o de acidentes e doen\u00e7as relacionadas ao trabalho, que muitas vezes s\u00e3o evit\u00e1veis\u201d, afirmou.<\/p>\n<p>Neste ano, o foco das atividades ser\u00e1 a preven\u00e7\u00e3o de acidentes de trabalho que envolvem atividades remuneradas com motocicletas. No dia 29\/04, das 8h \u00e0s 17h, em 20 empresas parceiras no Distrito Uninorte e Unileste, far\u00e3o a\u00e7\u00f5es educativas com as equipes das empresas com orienta\u00e7\u00e3o e entrega de material informativo. No dia 30\/04, a atividade acontece das 9h \u00e0s 12h, em frente \u00e0 Esta\u00e7\u00e3o da Paulista com distribui\u00e7\u00e3o de antenas corta linha, adesivos refletivos para capacetes, testes de acuidade visual, circuito sa\u00fade, checklist das motos e orienta\u00e7\u00e3o de dire\u00e7\u00e3o defensiva.<\/p>\n<figure class=\"wp-block-image size-large\"><img data-recalc-dims=\"1\" loading=\"lazy\" decoding=\"async\" width=\"696\" height=\"464\" src=\"https:\/\/i0.wp.com\/piracicaba.sp.gov.br\/wp-content\/uploads\/2024\/04\/Foco-das-atividades-sera-a-prevencao-de-acidentes-de-trabalho-que-envolvem-atividades-remuneradas-com-motocicletas-1024x683.jpg?resize=696%2C464&#038;ssl=1\" alt=\"Foco das atividades ser\u00e1 a preven\u00e7\u00e3o de acidentes de trabalho que envolvem atividades remuneradas com motocicletas\" class=\"wp-image-77840\" srcset=\"https:\/\/piracicaba.sp.gov.br\/wp-content\/uploads\/2024\/04\/Foco-das-atividades-sera-a-prevencao-de-acidentes-de-trabalho-que-envolvem-atividades-remuneradas-com-motocicletas-1024x683.jpg 1024w, https:\/\/piracicaba.sp.gov.br\/wp-content\/uploads\/2024\/04\/Foco-das-atividades-sera-a-prevencao-de-acidentes-de-trabalho-que-envolvem-atividades-remuneradas-com-motocicletas-300x200.jpg 300w, https:\/\/piracicaba.sp.gov.br\/wp-content\/uploads\/2024\/04\/Foco-das-atividades-sera-a-prevencao-de-acidentes-de-trabalho-que-envolvem-atividades-remuneradas-com-motocicletas-768x512.jpg 768w, https:\/\/piracicaba.sp.gov.br\/wp-content\/uploads\/2024\/04\/Foco-das-atividades-sera-a-prevencao-de-acidentes-de-trabalho-que-envolvem-atividades-remuneradas-com-motocicletas-1536x1024.jpg 1536w, https:\/\/piracicaba.sp.gov.br\/wp-content\/uploads\/2024\/04\/Foco-das-atividades-sera-a-prevencao-de-acidentes-de-trabalho-que-envolvem-atividades-remuneradas-com-motocicletas-2048x1365.jpg 2048w\" sizes=\"auto, (max-width: 1024px) 100vw, 1024px\"\/><figcaption class=\"wp-element-caption\"><strong><em>Foco das atividades ser\u00e1 a preven\u00e7\u00e3o de acidentes de trabalho que envolvem atividades remuneradas com motocicletas<\/em><\/strong><\/figcaption><\/figure>\n<p>Segundo Alessandro da Silva, t\u00e9cnico de seguran\u00e7a do Cerest, a evolu\u00e7\u00e3o dos acidentes de trabalho nos \u00faltimos anos preocupa, uma vez que em 2020 foram 294 acidentes de trabalho; em 2021, 413; em 2022, 720; e em 2023, 656. \u201cOs dados ainda revelam que entre os anos de 2022 a 2023, foram registrados o total de 41 acidentes fatais. Sendo que 21 deles s\u00e3o de trajeto, todos envolvendo motos e ocorridos em via p\u00fablica, as rodovias representam 50% dos casos e as avenidas 38% deles\u201d, completa.<\/p>\n<p>O t\u00e9cnico de seguran\u00e7a do Cerest refor\u00e7ou que os acidentes sempre podem ser prevenidos. \u201cEm todos os registros houve colis\u00e3o entre as motos, com carro, \u00f4nibus ou caminh\u00e3o. Os acidentes s\u00e3o evit\u00e1veis, por isso \u00e9 necess\u00e1rio refor\u00e7ar algumas a\u00e7\u00f5es, como a diminui\u00e7\u00e3o da velocidade, sinaliza\u00e7\u00e3o, cautela, respeito m\u00fatuo no tr\u00e2nsito, garantir a tomada de decis\u00e3o usando as indica\u00e7\u00f5es das placas, velocidade e sinaliza\u00e7\u00f5es de solo. Este olhar coletivo para o sistema de tr\u00e2nsito \u00e9 fundamental para evitar acidentes similares\u201d, enfatizou Silva.<\/p>\n<p>O ramo de atividade de Servi\u00e7os \u00e9 o que mais preocupa, por\u00e9m, isso n\u00e3o significa que os demais devam se acomodar. \u201cS\u00e3o realizadas a\u00e7\u00f5es constantes pelo Cerest. Nosso trabalho oferece apoio especializado aos trabalhadores acometidos por acidentes relacionados ao trabalho, promove a\u00e7\u00f5es educativas de prote\u00e7\u00e3o ao trabalhador e fiscaliza as condi\u00e7\u00f5es do ambiente de trabalho\u201d, completou Silva.<\/p>\n<p>Al\u00e9m do Abril Verde, quando as atividades s\u00e3o intensificadas com a\u00e7\u00f5es de educa\u00e7\u00e3o permanente por toda a cidade, o Cerest criou grupo de estudos que funciona diuturnamente com foco na identifica\u00e7\u00e3o de problemas e busca por solu\u00e7\u00f5es para melhores condi\u00e7\u00f5es de trabalho dos trabalhadores. \u201cUm desses grupos \u00e9 o Comit\u00ea de Preven\u00e7\u00e3o de Acidentes de Trabalho Fatal (Comprat) que, semanalmente, re\u00fane representantes de empresas e entidades sindicais da categoria interessada no tema para apresentar solu\u00e7\u00f5es assertivas e efetivas para prevenir os acidentes\u201d, concluiu Silva.<\/p>\n<p><strong>PARCERIA \u2013<\/strong>\u00a0As a\u00e7\u00f5es realizadas pelo Cerest tem apoio\u00a0da\u00a0Secretaria Municipal de Tr\u00e2nsito e Transportes (Semuttran), Centro de Doen\u00e7as Infectocontagiosas (Cedic), Sindicato dos Metal\u00fargicos, Sindicato patronal das Ind\u00fastrias (Simespi), F\u00f3rum de Educa\u00e7\u00e3o para o Tr\u00e2nsito da C\u00e2mara Municipal de Piracicaba e Sest\/Senat. S\u00e3o parceiros da iniciativa: Honda Aversa, Ancore Prote\u00e7\u00e3o Veicular e \u00d3tica Reis.<\/p>\n<\/div>\n<p><br \/>\n<br \/><a href=\"https:\/\/piracicaba.sp.gov.br\/noticias\/acidentes-de-trabalho-acoes-de-prevencao-marcam-diamundial-em-memoria-as-vitimas\/\" rel=\"noopener\">Informa\u00e7\u00f5es PMP <\/a><\/p>\n","protected":false},"excerpt":{"rendered":"<p>A\u00e7\u00e3o visa chamar aten\u00e7\u00e3o para preven\u00e7\u00e3o de acidentes que muitas vezes s\u00e3o evit\u00e1veis, principalmente no tr\u00e2nsito Para marcar o Dia Mundial em Mem\u00f3ria \u00e0s V\u00edtimas de Acidentes e Doen\u00e7as Relacionadas ao Trabalho, que \u00e9 celebrado no dia 28 de abril, o Cerest (Centro de Refer\u00eancia em Sa\u00fade do Trabalhador) \u2013 vinculado \u00e0 Secretaria Municipal de [&hellip;]<\/p>\n","protected":false},"author":1,"featured_media":2894,"comment_status":"open","ping_status":"open","sticky":false,"template":"","format":"standard","meta":{"_jetpack_newsletter_access":"","_jetpack_dont_email_post_to_subs":false,"_jetpack_newsletter_tier_id":0,"_jetpack_memberships_contains_paywalled_content":false,"_mbp_banners":[],"_jetpack_feature_clip_id":0,"_jetpack_memberships_contains_paid_content":false,"footnotes":"","jetpack_publicize_message":"","jetpack_publicize_feature_enabled":true,"jetpack_social_post_already_shared":true,"jetpack_social_options":{"image_generator_settings":{"template":"highway","default_image_id":0,"font":"","enabled":false},"version":2},"jetpack_post_was_ever_published":false},"categories":[20],"tags":[],"class_list":["post-2893","post","type-post","status-publish","format-standard","has-post-thumbnail","category-regiao"],"jetpack_publicize_connections":[],"jetpack-related-posts":[],"jetpack_shortlink":"https:\/\/wp.me\/p7Eq1F-KF","jetpack_sharing_enabled":true,"jetpack_featured_media_url":"https:\/\/i0.wp.com\/guialimeira.com.br\/news\/wp-content\/uploads\/2024\/04\/Acao-visa-chamar-atencao-para-prevencao-de-acidentes-que-muitas-vezes-sao-evitaveis-principalmente-no-transito-scaled.jpg?fit=2560%2C1706&ssl=1","_links":{"self":[{"href":"https:\/\/guialimeira.com.br\/news\/wp-json\/wp\/v2\/posts\/2893","targetHints":{"allow":["GET"]}}],"collection":[{"href":"https:\/\/guialimeira.com.br\/news\/wp-json\/wp\/v2\/posts"}],"about":[{"href":"https:\/\/guialimeira.com.br\/news\/wp-json\/wp\/v2\/types\/post"}],"author":[{"embeddable":true,"href":"https:\/\/guialimeira.com.br\/news\/wp-json\/wp\/v2\/users\/1"}],"replies":[{"embeddable":true,"href":"https:\/\/guialimeira.com.br\/news\/wp-json\/wp\/v2\/comments?post=2893"}],"version-history":[{"count":0,"href":"https:\/\/guialimeira.com.br\/news\/wp-json\/wp\/v2\/posts\/2893\/revisions"}],"wp:featuredmedia":[{"embeddable":true,"href":"https:\/\/guialimeira.com.br\/news\/wp-json\/wp\/v2\/media\/2894"}],"wp:attachment":[{"href":"https:\/\/guialimeira.com.br\/news\/wp-json\/wp\/v2\/media?parent=2893"}],"wp:term":[{"taxonomy":"category","embeddable":true,"href":"https:\/\/guialimeira.com.br\/news\/wp-json\/wp\/v2\/categories?post=2893"},{"taxonomy":"post_tag","embeddable":true,"href":"https:\/\/guialimeira.com.br\/news\/wp-json\/wp\/v2\/tags?post=2893"}],"curies":[{"name":"wp","href":"https:\/\/api.w.org\/{rel}","templated":true}]}}