{"id":28928,"date":"2025-04-01T16:50:58","date_gmt":"2025-04-01T19:50:58","guid":{"rendered":"https:\/\/guialimeira.com.br\/?p=28928"},"modified":"2025-04-01T16:50:58","modified_gmt":"2025-04-01T19:50:58","slug":"comissao-de-obras-e-planejamento-fiscaliza-reforma-e-ampliacao-do-centro-do-idoso","status":"publish","type":"post","link":"https:\/\/guialimeira.com.br\/news\/comissao-de-obras-e-planejamento-fiscaliza-reforma-e-ampliacao-do-centro-do-idoso\/","title":{"rendered":"Comiss\u00e3o de Obras e Planejamento fiscaliza reforma e amplia\u00e7\u00e3o do Centro do Idoso"},"content":{"rendered":"\n<figure class=\"wp-block-gallery has-nested-images columns-default is-cropped wp-block-gallery-1 is-layout-flex wp-block-gallery-is-layout-flex\"><\/figure>\n \r\n<br><img data-recalc-dims=\"1\" decoding=\"async\" src=\"https:\/\/i0.wp.com\/guialimeira.com.br\/wp-content\/uploads\/2025\/04\/2025-04-01_comissao-de-obras-e-planejamento-fiscaliza-reforma-e-ampliacao-do-centro-do-idoso_1.jpg?w=696&#038;ssl=1\" \/><br><div>\n\t\t\t\t\t<p>Os trabalhos de reforma e amplia\u00e7\u00e3o do Centro de Refer\u00eancia de Sa\u00fade e Lazer do Idoso foram fiscalizados pela Comiss\u00e3o de Obras e Planejamento da C\u00e2mara, nesta ter\u00e7a-feira, 1\u00ba de abril. O im\u00f3vel visitado fica na avenida Campinas e o investimento da Prefeitura na reestrutura\u00e7\u00e3o do local \u00e9 de R$ 7 milh\u00f5es. Com as obras iniciadas em mar\u00e7o deste ano, a previs\u00e3o \u00e9 de que sejam conclu\u00eddas em 12 meses.\u00a0<\/p><p>Participaram os vereadores Helder do T\u00e1xi (PSD), presidente; Marcio do Estacionamento (DC), vice-presidente; e Jo\u00e3o Bano (Solidariedade), secret\u00e1rio. O colegiado foi guiado pelo mestre de obras Manoel Elias Pedrosa, da empresa R. Maluf Engenharia e Constru\u00e7\u00f5es, respons\u00e1vel pela reforma, pela engenheira civil e gestora de contratos da Prefeitura, Tamara Oliveira, e ainda pelo engenheiro da Secretaria de Obra e Servi\u00e7os P\u00fablicos, Rafael Justi Torrezan.<\/p><p>Os recursos investidos pela Prefeitura foram obtidos por meio da linha de cr\u00e9dito do Financiamento \u00e0 Infraestrutura e ao Saneamento (Finisa) junto \u00e0 Caixa Econ\u00f4mica Federal.\u00a0<\/p><p><strong>Estrutura<\/strong><\/p><p>Durante a dilig\u00eancia, uma das preocupa\u00e7\u00f5es do colegiado foi em rela\u00e7\u00e3o \u00e0 necessidade de conten\u00e7\u00e3o das \u00e1guas da chuva no im\u00f3vel e no entorno da avenida Campinas, que prejudicava o funcionamento do Centro do Idoso. O Executivo informou que o projeto contempla melhorias no sistema de drenagem.<\/p><p>Al\u00e9m disso, est\u00e3o previstas a reforma da piscina, dos vesti\u00e1rios e a constru\u00e7\u00e3o de \u00e1reas administrativas e de conviv\u00eancia. Conforme informado pela Prefeitura: \u201ca piscina ser\u00e1 totalmente reformulada, com a aplica\u00e7\u00e3o de impermeabilizante, revestimento e instala\u00e7\u00e3o de aquecedores mais potentes e modernos. Os vesti\u00e1rios tamb\u00e9m ser\u00e3o reconstru\u00eddos, incluindo pisos novos, pe\u00e7as sanit\u00e1rias e design adaptado.\u201d<\/p><p>Equipamentos de preven\u00e7\u00e3o e combate a inc\u00eandio, pintura completa dos ambientes internos e externos, substitui\u00e7\u00e3o de esquadrias, grades e vidros est\u00e3o inseridos no projeto, bem como a jardinagem, a ilumina\u00e7\u00e3o ornamental e a acessibilidade ser\u00e3o garantidos.<\/p><p><strong>Hist\u00f3rico<\/strong><\/p><p>Inaugurado em 2006, o Centro do Idoso atendia em m\u00e9dia 1,5 mil idosos por m\u00eas, com aulas de hidrogin\u00e1stica, nata\u00e7\u00e3o, tai chi, t\u00eanis de mesa, dan\u00e7a de sal\u00e3o, entre outras atividades. Tamb\u00e9m funcionava como Centro de Conviv\u00eancia, realizando festas e eventos comemorativos. Segundo a Prefeitura, desde que foi desativado, em 2020, o local passou a ser alvo de depreda\u00e7\u00f5es e furtos, o que levou \u00e0 necessidade de reformas nas \u00e1reas hidr\u00e1ulica e el\u00e9trica.\u00a0\u00a0\u00a0<\/p>\t\t\t\t<\/div>\r\n<br>\r\n<br><a href=\"https:\/\/www.limeira.sp.leg.br\/noticias\/view\/2025-04-01_comissao-de-obras-e-planejamento-fiscaliza-reforma-e-ampliacao-do-centro-do-idoso\" rel=\"noopener\">Informa\u00e7\u00f5es CML <\/a>","protected":false},"excerpt":{"rendered":"<p>Os trabalhos de reforma e amplia\u00e7\u00e3o do Centro de Refer\u00eancia de Sa\u00fade e Lazer do Idoso foram fiscalizados pela Comiss\u00e3o de Obras e Planejamento da C\u00e2mara, nesta ter\u00e7a-feira, 1\u00ba de abril. O im\u00f3vel visitado fica na avenida Campinas e o investimento da Prefeitura na reestrutura\u00e7\u00e3o do local \u00e9 de R$ 7 milh\u00f5es. Com as obras [&hellip;]<\/p>\n","protected":false},"author":1,"featured_media":28929,"comment_status":"open","ping_status":"open","sticky":false,"template":"","format":"standard","meta":{"_jetpack_newsletter_access":"","_jetpack_dont_email_post_to_subs":false,"_jetpack_newsletter_tier_id":0,"_jetpack_memberships_contains_paywalled_content":false,"_mbp_banners":[],"_jetpack_feature_clip_id":0,"_jetpack_memberships_contains_paid_content":false,"footnotes":"","jetpack_publicize_message":"","jetpack_publicize_feature_enabled":true,"jetpack_social_post_already_shared":true,"jetpack_social_options":{"image_generator_settings":{"template":"highway","default_image_id":0,"font":"","enabled":false},"version":2},"jetpack_post_was_ever_published":false},"categories":[19],"tags":[],"class_list":["post-28928","post","type-post","status-publish","format-standard","has-post-thumbnail","category-politica"],"jetpack_publicize_connections":[],"jetpack-related-posts":[],"jetpack_shortlink":"https:\/\/wp.me\/p7Eq1F-7wA","jetpack_sharing_enabled":true,"jetpack_featured_media_url":"https:\/\/i0.wp.com\/guialimeira.com.br\/news\/wp-content\/uploads\/2025\/04\/Comissao-de-Obras-e-Planejamento-fiscaliza-reforma-e-ampliacao-do.jpg?fit=1280%2C640&ssl=1","_links":{"self":[{"href":"https:\/\/guialimeira.com.br\/news\/wp-json\/wp\/v2\/posts\/28928","targetHints":{"allow":["GET"]}}],"collection":[{"href":"https:\/\/guialimeira.com.br\/news\/wp-json\/wp\/v2\/posts"}],"about":[{"href":"https:\/\/guialimeira.com.br\/news\/wp-json\/wp\/v2\/types\/post"}],"author":[{"embeddable":true,"href":"https:\/\/guialimeira.com.br\/news\/wp-json\/wp\/v2\/users\/1"}],"replies":[{"embeddable":true,"href":"https:\/\/guialimeira.com.br\/news\/wp-json\/wp\/v2\/comments?post=28928"}],"version-history":[{"count":1,"href":"https:\/\/guialimeira.com.br\/news\/wp-json\/wp\/v2\/posts\/28928\/revisions"}],"predecessor-version":[{"id":28930,"href":"https:\/\/guialimeira.com.br\/news\/wp-json\/wp\/v2\/posts\/28928\/revisions\/28930"}],"wp:featuredmedia":[{"embeddable":true,"href":"https:\/\/guialimeira.com.br\/news\/wp-json\/wp\/v2\/media\/28929"}],"wp:attachment":[{"href":"https:\/\/guialimeira.com.br\/news\/wp-json\/wp\/v2\/media?parent=28928"}],"wp:term":[{"taxonomy":"category","embeddable":true,"href":"https:\/\/guialimeira.com.br\/news\/wp-json\/wp\/v2\/categories?post=28928"},{"taxonomy":"post_tag","embeddable":true,"href":"https:\/\/guialimeira.com.br\/news\/wp-json\/wp\/v2\/tags?post=28928"}],"curies":[{"name":"wp","href":"https:\/\/api.w.org\/{rel}","templated":true}]}}